{"id":370546,"date":"2025-09-06T11:54:11","date_gmt":"2025-09-06T11:54:11","guid":{"rendered":"https:\/\/www.europesays.com\/fr\/370546\/"},"modified":"2025-09-06T11:54:11","modified_gmt":"2025-09-06T11:54:11","slug":"revue-de-presse-un-exile-talentueux-de-ligue-1-revient-a-rennes","status":"publish","type":"post","link":"https:\/\/www.europesays.com\/fr\/370546\/","title":{"rendered":"Revue de presse\u00a0: un exil\u00e9 talentueux de Ligue 1 revient \u00e0 Rennes\u00a0!\u00a0"},"content":{"rendered":"<p><strong>Si But! Football Club traite en premier lieu l\u2019actualit\u00e9 de certaines \u00e9quipes de l\u2019\u00e9lite, nous avons d\u00e9cid\u00e9 de vous faire un r\u00e9sum\u00e9 de ce qu\u2019il s\u2019est pass\u00e9 aujourd\u2019hui dans l\u2019autre partie \u2013 moins m\u00e9diatique \u2013 de la France du football.<\/strong><\/p>\n<p>OGC Nice\u00a0: Haise relanc\u00e9 par Rennes \u00e0 l\u2019avenir\u00a0?<\/p>\n<p>Arriv\u00e9 \u00e0 l\u2019OGC Nice l\u2019\u00e9t\u00e9 dernier pour trois saisons, <a href=\"https:\/\/www.butfootballclub.fr\/617247-nice-franck-haise-va-prolonger-jusquen-2029\/\" rel=\"noopener\" target=\"_blank\">Franck Haise a vu son contrat s\u2019\u00e9tendre jusqu\u2019en 2029<\/a>, de m\u00eame que ses deux adjoints Lilian Nalis et Johann Ramar\u00e9, qui l\u2019avaient suivi de Lens \u00e0 Nice. Du c\u00f4t\u00e9 du club, le choix d\u2019avancer sur le dossier d\u2019une prolongation \u00e9tait une \u00e9vidence.\u00a0 Concernant Haise, on a arr\u00eat\u00e9 de compter le nombre de fois o\u00f9 il a d\u00fb r\u00e9pondre aux m\u00e9dias que l\u2019int\u00e9r\u00eat que lui portait le Stade Rennais le laissait indiff\u00e9rent. Dans la foul\u00e9e d\u2019Arnaud Pouille, nombreux ont pourtant \u00e9t\u00e9 les ex-Lensois \u00e0 rejoindre le club breton, mais l\u2019entra\u00eeneur du Gym a r\u00e9p\u00e9t\u00e9 inlassablement se sentir bien dans son nouveau club et dans l\u2019environnement azur\u00e9en. Sa prolongation mettra fin aux sp\u00e9culations.<\/p>\n<p>\u00ab \u200aPeut-\u00eatre, mais ce n\u2019est pas parce que Franck prolonge, que des joueurs prolongent ou que Florian Maurice est en\u00a0CDI, qu\u2019ils ne peuvent pas \u00eatre approch\u00e9s aujourd\u2019hui ou demain,\u00a0fait remarquer Fabrice Bocquet dans L\u2019\u00c9quipe. Ce qui nous int\u00e9resse, c\u2019est de fonctionner avec des valeurs communes et de construire notre chemin en \u00e9tant extr\u00eamement clairs. Parce que lorsque Franck est arriv\u00e9, entre le projet qui lui a \u00e9t\u00e9 pr\u00e9sent\u00e9 et la r\u00e9alit\u00e9 d\u2019aujourd\u2019hui, la seule diff\u00e9rence a \u00e9t\u00e9 la baisse des droits t\u00e9l\u00e9, qu\u2019on ne pouvait pas pr\u00e9voir d\u2019une telle ampleur. Sur tout le reste, il y a une coh\u00e9rence avec ce qui a \u00e9t\u00e9 dit. \u200a\u00bb<\/p>\n<p>Paris FC\u00a0: les recrues ont jou\u00e9 avant la reprise<\/p>\n<p>\u00c0 la veille d\u2019un week-end de trois jours, le Paris FC disputait un match amical face \u00e0 Troyes (L2, 1-1) hier apr\u00e8s-midi au sein de son centre d\u2019entra\u00eenement d\u2019Orly. L\u2019occasion pour St\u00e9phane Gilli de voir ses derni\u00e8res recrues \u00e0 l\u2019\u0153uvre\u200a: Hamari Traor\u00e9 et Jonathan Ikon\u00e9. Le\u200apremier a disput\u00e9 les 45\u00a0premi\u00e8res minutes en lat\u00e9ral droit, le deuxi\u00e8me une demi-heure environ en seconde p\u00e9riode devant. Pierre Lees-Melou a jou\u00e9 70\u2009minutes au milieu de terrain.\u00a0<\/p>\n<p>\u00ab\u00a0Ce match m\u2019a donn\u00e9 l\u2019occasion de\u200adonner du temps de jeu \u00e0 ceux qui\u200an\u2019en avaient pas eu du tout ou peu mais aussi de permettre \u00e0 certaines recrues de s\u2019approprier nos principes de jeu, a confi\u00e9 le coach du PFC \u00e0 L\u2019\u00c9quipe apr\u00e8s le match. C\u2019\u00e9tait une revue d\u2019effectif. J\u2019ai demand\u00e9 de la rigueur, de la discipline. J\u2019ai vu de bonnes choses et des moins bonnes, des joueurs ont marqu\u00e9 des points, d\u2019autres non. On a parfois manqu\u00e9 d\u2019agressivit\u00e9. Mais je tire beaucoup d\u2019enseignements de cette rencontre.\u200a \u00bb<\/p>\n<p>Toulouse FC : Vossah bient\u00f4t professionnel\u00a0<\/p>\n<p>Buteur contre le PSG \u00e0 seulement 17 ans, Alexis Vossah va signer son premier contrat professionnel avec le Toulouse FC. Selon <a href=\"https:\/\/www.ladepeche.fr\/2025\/09\/05\/info-la-depeche-tfc-buteur-contre-le-psg-a-seulement-17-ans-alexis-vossah-va-signer-son-premier-contrat-professionnel-avec-toulouse-12913389.php\" rel=\"noopener\" target=\"_blank\">La D\u00e9p\u00eache<\/a>, le joueur actuellement en \u00e9quipe de France U18 devrait parapher le document ces prochains jours, preuve de la confiance que lui t\u00e9moignent ses dirigeants.<\/p>\n<p>Ligue 1 J\u00e9r\u00e9my G\u00e9lin\u00a0de retour \u00e0 Rennes !<\/p>\n<p>Toujours tr\u00e8s attach\u00e9 \u00e0 la ville et \u00e0 la Bretagne, J\u00e9r\u00e9my G\u00e9lin (28 ans) est m\u00eame de retour \u00e0 Rennes. Selon le journaliste Fran\u00e7ois Rauzy, l\u2019ancien milieu d\u00e9fensif du <a href=\"https:\/\/www.butfootballclub.fr\/617296-stade-rennais-mercato-un-27e-depart-officialise\" rel=\"noopener\" target=\"_blank\">SRFC<\/a> est libre\u00a0: il a quitt\u00e9 la Gr\u00e8ce et cherche un challenge dans la r\u00e9gion ! Avis aux amateurs\u2026<\/p>\n","protected":false},"excerpt":{"rendered":"Si But! Football Club traite en premier lieu l\u2019actualit\u00e9 de certaines \u00e9quipes de l\u2019\u00e9lite, nous avons d\u00e9cid\u00e9 de&hellip;\n","protected":false},"author":2,"featured_media":370547,"comment_status":"","ping_status":"","sticky":false,"template":"","format":"standard","meta":{"footnotes":""},"categories":[2821],"tags":[1111,11,829,448,1777,674,63,1011,27,66,3388,12,584,25,10662],"class_list":{"0":"post-370546","1":"post","2":"type-post","3":"status-publish","4":"format-standard","5":"has-post-thumbnail","7":"category-rennes","8":"tag-actu","9":"tag-actualites","10":"tag-bretagne","11":"tag-champions-league","12":"tag-eu","13":"tag-europe","14":"tag-football","15":"tag-fr","16":"tag-france","17":"tag-ligue-1","18":"tag-matchs","19":"tag-news","20":"tag-rennes","21":"tag-republique-francaise","22":"tag-transferts"},"share_on_mastodon":{"url":"https:\/\/pubeurope.com\/@fr\/115157222382279910","error":""},"_links":{"self":[{"href":"https:\/\/www.europesays.com\/fr\/wp-json\/wp\/v2\/posts\/370546","targetHints":{"allow":["GET"]}}],"collection":[{"href":"https:\/\/www.europesays.com\/fr\/wp-json\/wp\/v2\/posts"}],"about":[{"href":"https:\/\/www.europesays.com\/fr\/wp-json\/wp\/v2\/types\/post"}],"author":[{"embeddable":true,"href":"https:\/\/www.europesays.com\/fr\/wp-json\/wp\/v2\/users\/2"}],"replies":[{"embeddable":true,"href":"https:\/\/www.europesays.com\/fr\/wp-json\/wp\/v2\/comments?post=370546"}],"version-history":[{"count":0,"href":"https:\/\/www.europesays.com\/fr\/wp-json\/wp\/v2\/posts\/370546\/revisions"}],"wp:featuredmedia":[{"embeddable":true,"href":"https:\/\/www.europesays.com\/fr\/wp-json\/wp\/v2\/media\/370547"}],"wp:attachment":[{"href":"https:\/\/www.europesays.com\/fr\/wp-json\/wp\/v2\/media?parent=370546"}],"wp:term":[{"taxonomy":"category","embeddable":true,"href":"https:\/\/www.europesays.com\/fr\/wp-json\/wp\/v2\/categories?post=370546"},{"taxonomy":"post_tag","embeddable":true,"href":"https:\/\/www.europesays.com\/fr\/wp-json\/wp\/v2\/tags?post=370546"}],"curies":[{"name":"wp","href":"https:\/\/api.w.org\/{rel}","templated":true}]}}