{"id":370550,"date":"2025-09-06T11:56:14","date_gmt":"2025-09-06T11:56:14","guid":{"rendered":"https:\/\/www.europesays.com\/fr\/370550\/"},"modified":"2025-09-06T11:56:14","modified_gmt":"2025-09-06T11:56:14","slug":"strasbourg-lille-programme-j12-alsasports","status":"publish","type":"post","link":"https:\/\/www.europesays.com\/fr\/370550\/","title":{"rendered":"Strasbourg &#8211; Lille programm\u00e9 (J12) ! \u2014 Alsa&rsquo;Sports"},"content":{"rendered":"<p><strong>La Ligue 1 a d\u00e9voil\u00e9 la programmation TV de la douzi\u00e8me journ\u00e9e de championnat.<\/strong><\/p>\n<p><strong>Vendredi 7 novembre 2025 \u00e0 20h45\u00a0sur Ligue 1+<\/strong><br \/>Paris FC \u2013 Stade Rennais FC<\/p>\n<p><strong>Samedi 8 novembre \u00e0 17h00 sur beIN SPORTS 1<\/strong><br \/>Olympique de Marseille \u2013 Stade Brestois 29<br \/>\u00a0<br \/><strong>Samedi 8 novembre \u00e0 19h00 sur Ligue 1+<\/strong><br \/>Havre AC \u2013 FC Nantes<\/p>\n<p><strong>Samedi 8 novembre \u00e0 21h05 sur Ligue 1+<\/strong><br \/>AS Monaco \u2013 RC Lens<\/p>\n<p><strong>Dimanche 9 novembre \u00e0 15h00 sur Ligue 1+<\/strong><br \/>FC Lorient \u2013 Toulouse FC<\/p>\n<p><strong>Dimanche 9 novembre \u00e0 17h15 sur Ligue 1+<\/strong><br \/>RC Strasbourg Alsace \u2013 LOSC Lille<br \/>FC Metz \u2013 OGC Nice\u00a0<br \/>Angers SCO \u2013 AJ Auxerre<\/p>\n<p><strong>Dimanche 9 novembre \u00e0 20h45 sur Ligue 1+<\/strong><br \/>Olympique Lyonnais \u2013 Paris Saint-Germain<\/p>\n","protected":false},"excerpt":{"rendered":"La Ligue 1 a d\u00e9voil\u00e9 la programmation TV de la douzi\u00e8me journ\u00e9e de championnat. Vendredi 7 novembre 2025&hellip;\n","protected":false},"author":2,"featured_media":370551,"comment_status":"","ping_status":"","sticky":false,"template":"","format":"standard","meta":{"footnotes":""},"categories":[2820],"tags":[1111,11,1777,674,63,1011,27,775,12,4448,25,640],"class_list":{"0":"post-370550","1":"post","2":"type-post","3":"status-publish","4":"format-standard","5":"has-post-thumbnail","7":"category-strasbourg","8":"tag-actu","9":"tag-actualites","10":"tag-eu","11":"tag-europe","12":"tag-football","13":"tag-fr","14":"tag-france","15":"tag-grand-est","16":"tag-news","17":"tag-rc-strasbourg","18":"tag-republique-francaise","19":"tag-strasbourg"},"share_on_mastodon":{"url":"https:\/\/pubeurope.com\/@fr\/115157230230437318","error":""},"_links":{"self":[{"href":"https:\/\/www.europesays.com\/fr\/wp-json\/wp\/v2\/posts\/370550","targetHints":{"allow":["GET"]}}],"collection":[{"href":"https:\/\/www.europesays.com\/fr\/wp-json\/wp\/v2\/posts"}],"about":[{"href":"https:\/\/www.europesays.com\/fr\/wp-json\/wp\/v2\/types\/post"}],"author":[{"embeddable":true,"href":"https:\/\/www.europesays.com\/fr\/wp-json\/wp\/v2\/users\/2"}],"replies":[{"embeddable":true,"href":"https:\/\/www.europesays.com\/fr\/wp-json\/wp\/v2\/comments?post=370550"}],"version-history":[{"count":0,"href":"https:\/\/www.europesays.com\/fr\/wp-json\/wp\/v2\/posts\/370550\/revisions"}],"wp:featuredmedia":[{"embeddable":true,"href":"https:\/\/www.europesays.com\/fr\/wp-json\/wp\/v2\/media\/370551"}],"wp:attachment":[{"href":"https:\/\/www.europesays.com\/fr\/wp-json\/wp\/v2\/media?parent=370550"}],"wp:term":[{"taxonomy":"category","embeddable":true,"href":"https:\/\/www.europesays.com\/fr\/wp-json\/wp\/v2\/categories?post=370550"},{"taxonomy":"post_tag","embeddable":true,"href":"https:\/\/www.europesays.com\/fr\/wp-json\/wp\/v2\/tags?post=370550"}],"curies":[{"name":"wp","href":"https:\/\/api.w.org\/{rel}","templated":true}]}}