{"id":370556,"date":"2025-09-06T12:00:12","date_gmt":"2025-09-06T12:00:12","guid":{"rendered":"https:\/\/www.europesays.com\/fr\/370556\/"},"modified":"2025-09-06T12:00:12","modified_gmt":"2025-09-06T12:00:12","slug":"la-population-invitee-a-sexprimer-sur-les-futures-regles-durbanisme-de-ce-territoire-pres-de-nantes","status":"publish","type":"post","link":"https:\/\/www.europesays.com\/fr\/370556\/","title":{"rendered":"La population invit\u00e9e \u00e0 s&rsquo;exprimer sur les futures r\u00e8gles d&rsquo;urbanisme de ce territoire pr\u00e8s de Nantes"},"content":{"rendered":"<p>            Par<br \/>\n        <strong><br \/>\n            <a href=\"https:\/\/actu.fr\/auteur\/vincent-malboeuf\" title=\"Consulter tous les articles de Vincent Malb\u0153uf\" target=\"_blank\" rel=\"noopener\">Vincent Malb\u0153uf<\/a><br \/>\n        <\/strong><\/p>\n<p>        Publi\u00e9 le<\/p>\n<p>            6 sept. 2025 \u00e0 11h46        <\/p>\n<p>Six ans que la <a href=\"https:\/\/www.cc-sevreloire.fr\/\" target=\"_blank\" rel=\"noopener\">communaut\u00e9 de communes S\u00e8vre et Loire<\/a> (CCSL) travaille sur le <b>Plan local d\u2019urbanisme intercommunal<\/b>, ce document strat\u00e9gique, d\u00e9finissant les conditions d\u2019am\u00e9nagement et d\u2019utilisation des sols sur les 11 communes du territoire. Une fois la prise de comp\u00e9tence du PLUi act\u00e9e, en d\u00e9cembre 2019.<\/p>\n<blockquote class=\"ac-article-quote wall-content\">\n<p>Suite \u00e0 notre fusion des deux communaut\u00e9s de communes en 2017 (Loire-Divatte et Vallet), on a toujours pens\u00e9 territoire. Cela passait in\u00e9vitablement par l\u2019urbanisme, un dossier important pour chaque mairie. Il y a eu beaucoup de n\u00e9gociations mais globalement, cela s\u2019est bien pass\u00e9.<\/p>\n<p>Jean-Pierre Marchais, vice-pr\u00e9sident de la CCSL \u00e0 l\u2019urbanisme<\/p><\/blockquote>\n<p>Le premier PLU intercommunal de S\u00e8vre et Loire approuv\u00e9 en janvier 2026\u00a0<\/p>\n<p class=\" wall-content\">Sur la <a href=\"https:\/\/actu.fr\/pays-de-la-loire\/loire-atlantique_44\" target=\"_blank\" rel=\"noopener\">Loire-Atlantique<\/a>, elles sont quelques intercommunalit\u00e9s \u00e0 avoir franchi le pas (Nozay par exemple). La CCSL entre dans la derni\u00e8re ligne droite.<\/p>\n<p class=\" wall-content\">Le premier PLUi doit \u00eatre approuv\u00e9 le 28\u00a0janvier 2026 lors d\u2019un conseil communautaire.<\/p>\n<p class=\" wall-content\">Mais avant cela, <b>une enqu\u00eate publique s\u2019ouvre \u00e0 partir du 8\u00a0septembre <\/b>pendant cinq semaines (lire ci-dessous). La population est invit\u00e9e \u00e0 s\u2019exprimer lors des permanences.<\/p>\n<p class=\" wall-content\">La CCSL s\u2019attend \u00e0 recevoir au moins 1 200 r\u00e9clamations. Son service <a href=\"https:\/\/actu.fr\/tag\/urbanisme\" target=\"_blank\" rel=\"noopener\">urbanisme <\/a>devra \u00ab d\u00e9cortiquer \u00bb chacune d\u2019entre elles, \u00ab avant de r\u00e9\u00e9crire \u00e0 la marge \u00bb le <b>document final d\u2019une centaine de pages<\/b>. Le PLUi servira pour la p\u00e9riode 2026-2035.<\/p>\n<p>Vid\u00e9os : en ce moment sur Actu300 logements \u00e0 produire par an<\/p>\n<p class=\" wall-content\">Situ\u00e9 \u00e0 proximit\u00e9 de Nantes M\u00e9tropole et dans un <a href=\"https:\/\/actu.fr\/tag\/vignoble-nantais\" target=\"_blank\" rel=\"noopener\">Vignoble nantais<\/a> attractif gagnant 1 000 habitants par an, la CCSL doit penser \u00e0 accueillir au mieux la nouvelle population avec ce <b>souci de consommer deux fois moins de terres d\u2019ici 2031<\/b>, pour \u00eatre en accord avec la <a href=\"https:\/\/www.vie-publique.fr\/loi\/278460-loi-22-aout-2021-climat-et-resilience-convention-citoyenne-climat#:~:text=La%20loi%20%22Climat%20et%20R%C3%A9silience,un%20esprit%20de%20justice%20sociale.\" target=\"_blank\" rel=\"noopener\">loi Climat et R\u00e9silience<\/a>.<\/p>\n<p class=\" wall-content\">Puis aucun bout de terre \u00e0 l\u2019horizon 2050. Loin d\u2019\u00eatre simple.<\/p>\n<p>Votre r\u00e9gion, votre actu !<\/p>\n<p>Recevez chaque jour les infos qui comptent pour vous.<\/p>\n<p>\t<a href=\"https:\/\/actu.fr\/newsletter\" class=\"ac-btn ac-btn--corner ac-btn--medium ac-btn--blue800\" target=\"_blank\" rel=\"noopener\">S&rsquo;incrire<\/a><\/p>\n<p class=\" wall-content\">Dans son futur PLUi, les enjeux sont de \u00ab produire suffisamment de logements pour tous \u00bb et d\u2019<b>atteindre 56 000\u00a0habitants \u00e0 l\u2019horizon 2034<\/b> (contre 50 000 aujourd\u2019hui), soit une optique de 300 logements en moyenne par an.<\/p>\n<p class=\" wall-content\">Sauf que la CCSL \u00ab\u00a0n\u2019y est pas pour l\u2019instant\u00a0\u00bb.<\/p>\n<blockquote class=\"ac-article-quote wall-content\">\n<p>On est plut\u00f4t \u00e0 150 logements. On prend du retard alors qu\u2019on nous demande d\u2019acc\u00e9l\u00e9rer, mais les r\u00e8gles sont complexes, et les promoteurs immobiliers ne r\u00e9pondent plus. \u00c7a devient cher parce que c\u2019est rare.<\/p>\n<p>Christelle Braud, la pr\u00e9sidente de la CCSL<\/p><\/blockquote>\n<p>Fin de l\u2019\u00e9talement urbain<\/p>\n<p class=\" wall-content\"><b>A quoi ressembleront les bourgs de demain ? <\/b>Une chose est certaine, et la population commence \u00e0 le comprendre, l\u2019\u00e9talement urbain et les maisons individuelles avec grand jardin, c\u2019est fini. A la place, des constructions de logements \u00e0 \u00e9tages, m\u00eame dans les petites communes, pourront sortir de terre.<\/p>\n<p class=\" wall-content\">Sur S\u00e8vre et Loire, pour rappel, 140 hectares peuvent \u00eatre \u00ab urbanis\u00e9s \u00bb, avec cet <b>objectif de Z\u00e9ro artificialisation nette<\/b> \u00e0 atteindre en 2050. \u00ab 40 % ira \u00e0 l\u2019\u00e9conomie, 40 % \u00e0 l\u2019habitat et 20 % pour les \u00e9quipements \u00bb, signalent les \u00e9lus.<\/p>\n<p class=\" wall-content\">Le d\u00e9veloppement se fera ainsi <b>au sein de l\u2019enveloppe urbaine des bourgs<\/b>. Et sera plus accentu\u00e9 dans les communes phares de S\u00e8vre et Loire, \u00e0 savoir Vallet, Le Loroux-Bottereau, Divatte-sur-Loire et Saint-Julien-de-Concelles.<\/p>\n<p>Des permanences dans chaque commune \u00e0 partir du 8\u00a0septembre<\/p>\n<p class=\" wall-content\">Pendant cinq semaines, les permanences sont ouvertes aux habitants pour toute demande ou question li\u00e9es au dossier de l\u2019enqu\u00eate publique sur le nouveau PLU intercommunal.<\/p>\n<p class=\" wall-content\">Chacun peut aller o\u00f9 bon lui semble, m\u00eame en dehors de sa commune. Les permanences se d\u00e9roulent <b>en pr\u00e9sence des commissaires-enqu\u00eateurs<\/b>. d\u00e9sign\u00e9s par le tribunal administratif de Nantes (Ren\u00e9 Prat, Alain Maillard et Pierre Bachellerie).<\/p>\n<p class=\" wall-content\"><b>Voici les dates <\/b>:\u00a0<\/p>\n<ul class=\" wall-content\">\n<li>lundi 8 septembre, de 9\u2009h \u00e0 12\u2009h\u200930, au si\u00e8ge de la communaut\u00e9 de communes S\u00e8vre et Loire \u00e0 Vallet<\/li>\n<li>mardi 9 septembre, de 16\u2009h \u00e0 18\u2009h\u200930, \u00e0 la mairie de La Boissi\u00e8re-du-Dor\u00e9<\/li>\n<li>vendredi 12 septembre, de 14\u2009h \u00e0 17\u2009h, \u00e0 la mairie de Divatte-sur-Loire<\/li>\n<li>samedi 13 septembre, de 9\u2009h \u00e0 12\u2009h, \u00e0 la mairie de Saint-Julien-de-Concelles<\/li>\n<li>mardi 16 septembre, de 9\u2009h \u00e0 12\u2009h\u200930, \u00e0 la mairie de La Regrippi\u00e8re<\/li>\n<li>mardi 16 septembre, de 15\u2009h \u00e0 19\u2009h, \u00e0 la mairie de La Remaudi\u00e8re<\/li>\n<li>samedi 20 septembre, de 9\u2009h \u00e0 11\u2009h\u200930, \u00e0 la mairie de Vallet<\/li>\n<li>vendredi 26 septembre, de 8\u2009h\u200930 \u00e0 12\u2009h\u200930, \u00e0 la mairie du Pallet<\/li>\n<li>vendredi 26 septembre, de 14\u2009h \u00e0 17\u2009h, \u00e0 la mairie de Mouzillon<\/li>\n<li>samedi 27 septembre, de 9\u2009h\u200930 \u00e0 12\u2009h, \u00e0 la mairie du Loroux-Bottereau<\/li>\n<li>lundi 29 septembre, de 17\u2009h \u00e0 19\u2009h, \u00e0 la mairie de La Chapelle-Heulin<\/li>\n<li>mercredi 1er octobre, de 8\u2009h\u200930 \u00e0 12\u2009h, \u00e0 la mairie du Landreau<\/li>\n<li>mercredi 1er octobre, de 14\u2009h \u00e0 17\u2009h, \u00e0 la mairie de Saint-Julien-de-Concelles<\/li>\n<li>samedi 4 octobre, de 9\u2009h \u00e0 12\u2009h, \u00e0 la mairie de Divatte-sur-Loire<\/li>\n<li>mercredi 8 octobre, de 9\u2009h \u00e0 12\u2009h, \u00e0 la mairie du Loroux-Bottereau<\/li>\n<li>mercredi 8 octobre, de 13\u2009h\u200930 \u00e0 17\u2009h\u200930, \u00e0 la mairie de Vallet<\/li>\n<li>mercredi 15 octobre, de 13\u2009h\u200930 \u00e0 17\u2009h, \u00e0 l\u2019espace Loire de la communaut\u00e9 de communes \u00e0 Divatte-sur-Loire<\/li>\n<\/ul>\n<p>Les documents li\u00e9s au PLUi sont \u00e0 retrouver sur www.registre-dematerialise.fr\/6370.<\/p>\n<p class=\" wall-content\">Personnalisez votre actualit\u00e9 en ajoutant vos villes et m\u00e9dias en favori avec <a href=\"https:\/\/moncompte.actu.fr\" title=\"D\u00e9couvez Mon Actu\" rel=\"nofollow noopener\" data-trk=\"{&quot;cta&quot;:{&quot;action&quot;:&quot;https:\\\/\\\/moncompte.actu.fr&quot;,&quot;category&quot;:&quot;mon compte&quot;,&quot;from&quot;:&quot;article footer&quot;,&quot;name&quot;:&quot;Mon actu&quot;,&quot;type&quot;:&quot;cta&quot;}}\" target=\"_blank\">Mon Actu<\/a>.<\/p>\n","protected":false},"excerpt":{"rendered":"Par Vincent Malb\u0153uf Publi\u00e9 le 6 sept. 2025 \u00e0 11h46 Six ans que la communaut\u00e9 de communes S\u00e8vre&hellip;\n","protected":false},"author":2,"featured_media":370557,"comment_status":"","ping_status":"","sticky":false,"template":"","format":"standard","meta":{"footnotes":""},"categories":[2818],"tags":[1111,11,1777,674,1011,27,766,12,2636,25,104,1352,2900],"class_list":{"0":"post-370556","1":"post","2":"type-post","3":"status-publish","4":"format-standard","5":"has-post-thumbnail","7":"category-nantes","8":"tag-actu","9":"tag-actualites","10":"tag-eu","11":"tag-europe","12":"tag-fr","13":"tag-france","14":"tag-nantes","15":"tag-news","16":"tag-pays-de-la-loire","17":"tag-republique-francaise","18":"tag-societe","19":"tag-urbanisme","20":"tag-vignoble-nantais"},"share_on_mastodon":{"url":"https:\/\/pubeurope.com\/@fr\/115157245907444275","error":""},"_links":{"self":[{"href":"https:\/\/www.europesays.com\/fr\/wp-json\/wp\/v2\/posts\/370556","targetHints":{"allow":["GET"]}}],"collection":[{"href":"https:\/\/www.europesays.com\/fr\/wp-json\/wp\/v2\/posts"}],"about":[{"href":"https:\/\/www.europesays.com\/fr\/wp-json\/wp\/v2\/types\/post"}],"author":[{"embeddable":true,"href":"https:\/\/www.europesays.com\/fr\/wp-json\/wp\/v2\/users\/2"}],"replies":[{"embeddable":true,"href":"https:\/\/www.europesays.com\/fr\/wp-json\/wp\/v2\/comments?post=370556"}],"version-history":[{"count":0,"href":"https:\/\/www.europesays.com\/fr\/wp-json\/wp\/v2\/posts\/370556\/revisions"}],"wp:featuredmedia":[{"embeddable":true,"href":"https:\/\/www.europesays.com\/fr\/wp-json\/wp\/v2\/media\/370557"}],"wp:attachment":[{"href":"https:\/\/www.europesays.com\/fr\/wp-json\/wp\/v2\/media?parent=370556"}],"wp:term":[{"taxonomy":"category","embeddable":true,"href":"https:\/\/www.europesays.com\/fr\/wp-json\/wp\/v2\/categories?post=370556"},{"taxonomy":"post_tag","embeddable":true,"href":"https:\/\/www.europesays.com\/fr\/wp-json\/wp\/v2\/tags?post=370556"}],"curies":[{"name":"wp","href":"https:\/\/api.w.org\/{rel}","templated":true}]}}