{"id":370562,"date":"2025-09-06T12:03:13","date_gmt":"2025-09-06T12:03:13","guid":{"rendered":"https:\/\/www.europesays.com\/fr\/370562\/"},"modified":"2025-09-06T12:03:13","modified_gmt":"2025-09-06T12:03:13","slug":"pontus-lidberg-marco-goecke-et-christopher-wheeldon-reveillent-le-ballet-de-opera-national-de-bordeaux","status":"publish","type":"post","link":"https:\/\/www.europesays.com\/fr\/370562\/","title":{"rendered":"Pontus Lidberg, Marco Goecke et Christopher Wheeldon r\u00e9veillent le ballet de Op\u00e9ra National de Bordeaux"},"content":{"rendered":"<p><a href=\"https:\/\/sceneweb.fr\/wp-content\/uploads\/2025\/09\/within-the-golden-hour-de-christopher-wheeldon-photo-pierre-planchenault.webp\" rel=\"nofollow noopener\" target=\"_blank\"><img loading=\"lazy\" decoding=\"async\" aria-describedby=\"caption-attachment-218624\" class=\"size-large wp-image-218624\" src=\"data:image\/svg+xml,%3Csvg%20xmlns=\" http:=\"\" alt=\"Within The Golden Hour de Christopher Wheeldon photo Pierre Planchenault\" width=\"1000\" height=\"667\" data-lazy- data-lazy- data-lazy-src=\"https:\/\/www.europesays.com\/fr\/wp-content\/uploads\/2025\/09\/within-the-golden-hour-de-christopher-wheeldon-photo-pierre-planchenault-1000x667.webp.webp\"\/><\/a><\/p>\n<p id=\"caption-attachment-218624\" class=\"wp-caption-text\">Within The Golden Hour de Christopher Wheeldon photo Pierre Planchenault<\/p>\n<blockquote>\n<p><strong>L\u2019Op\u00e9ra National de Bordeaux invite trois figures majeures de la sc\u00e8ne chor\u00e9graphique contemporaine : le su\u00e9dois Pontus Lidberg, l\u2019allemand Marco Goecke et le britannique Christopher Wheeldon.<\/strong><\/p>\n<\/blockquote>\n<p>Une soir\u00e9e o\u00f9 le minimalisme esth\u00e9tique s\u2019allie \u00e0 une grande virtuosit\u00e9 chor\u00e9graphique. Les trois ballets explorent un registre qui lie intimement technique n\u00e9o-classique et abstraction contemporaine. Aux compositions envo\u00fbtantes d\u2019Ezio Bosso et d\u2019Antonio Vivaldi pour Within The Golden Hour, r\u00e9pondent les sonorit\u00e9s \u00e9pur\u00e9es de David Lang dans The Shimmering Asphalt, tandis que Woke Up Blind puise son intensit\u00e9 dramatique dans la voix habit\u00e9e de Jeff Buckley. Li\u00e9s par le th\u00e8me de l\u2019\u00e9veil, celui de la nature, des sens ou du sentiment amoureux, les chor\u00e9graphes suspendent le temps, invitant le spectateur \u00e0 un voyage o\u00f9 son regard, en alerte, devient partie prenante.<\/p>\n<blockquote>\n<p><strong>Wake up !<\/strong><br \/><strong>Pontus Lidberg, The Shimmering Asphalt<\/strong><br \/><strong>Marco Goecke, Woke up Blind<\/strong><br \/><strong>Christopher Wheeldon, Within The Golden Hour<\/strong><\/p>\n<p><strong>Production Op\u00e9ra National de Bordeaux avec le concours des Ateliers de l\u2019Op\u00e9ra National de Bordeaux<\/strong><\/p>\n<p><strong>Avec le soutien de la Fondation d\u2019Entreprise Philippine de Rothschild<\/strong><\/p>\n<p><strong>Dur\u00e9e 1h45<\/strong><\/p>\n<p>du 11 au 18 octobre 2025<br \/>Grand-Th\u00e9\u00e2tre de l\u2019Op\u00e9ra de Bordeaux<\/p>\n<\/blockquote>\n<p><a data-no-instant=\"1\" href=\"https:\/\/theatre13.com\/spectacle\/le-conte-dhiver-2\/\" rel=\"noopener nofollow\" class=\"a2t-link\" target=\"_blank\" aria-label=\"Theatre 13 Bas de page Conte d\u2019hiver\"><img loading=\"lazy\" decoding=\"async\" src=\"data:image\/svg+xml,%3Csvg%20xmlns=\" http:=\"\" alt=\"\" width=\"960\" height=\"300\" data-lazy-src=\"https:\/\/www.europesays.com\/fr\/wp-content\/uploads\/2025\/09\/theatre-13-bas-de-page-conte-dhiver.gif\"\/><\/a><\/p>\n","protected":false},"excerpt":{"rendered":"Within The Golden Hour de Christopher Wheeldon photo Pierre Planchenault L\u2019Op\u00e9ra National de Bordeaux invite trois figures majeures&hellip;\n","protected":false},"author":2,"featured_media":370563,"comment_status":"","ping_status":"","sticky":false,"template":"","format":"standard","meta":{"footnotes":""},"categories":[2817],"tags":[1111,11,1997,1777,674,1011,27,12,2219,25],"class_list":{"0":"post-370562","1":"post","2":"type-post","3":"status-publish","4":"format-standard","5":"has-post-thumbnail","7":"category-bordeaux","8":"tag-actu","9":"tag-actualites","10":"tag-bordeaux","11":"tag-eu","12":"tag-europe","13":"tag-fr","14":"tag-france","15":"tag-news","16":"tag-nouvelle-aquitaine","17":"tag-republique-francaise"},"share_on_mastodon":{"url":"https:\/\/pubeurope.com\/@fr\/115157257718027564","error":""},"_links":{"self":[{"href":"https:\/\/www.europesays.com\/fr\/wp-json\/wp\/v2\/posts\/370562","targetHints":{"allow":["GET"]}}],"collection":[{"href":"https:\/\/www.europesays.com\/fr\/wp-json\/wp\/v2\/posts"}],"about":[{"href":"https:\/\/www.europesays.com\/fr\/wp-json\/wp\/v2\/types\/post"}],"author":[{"embeddable":true,"href":"https:\/\/www.europesays.com\/fr\/wp-json\/wp\/v2\/users\/2"}],"replies":[{"embeddable":true,"href":"https:\/\/www.europesays.com\/fr\/wp-json\/wp\/v2\/comments?post=370562"}],"version-history":[{"count":0,"href":"https:\/\/www.europesays.com\/fr\/wp-json\/wp\/v2\/posts\/370562\/revisions"}],"wp:featuredmedia":[{"embeddable":true,"href":"https:\/\/www.europesays.com\/fr\/wp-json\/wp\/v2\/media\/370563"}],"wp:attachment":[{"href":"https:\/\/www.europesays.com\/fr\/wp-json\/wp\/v2\/media?parent=370562"}],"wp:term":[{"taxonomy":"category","embeddable":true,"href":"https:\/\/www.europesays.com\/fr\/wp-json\/wp\/v2\/categories?post=370562"},{"taxonomy":"post_tag","embeddable":true,"href":"https:\/\/www.europesays.com\/fr\/wp-json\/wp\/v2\/tags?post=370562"}],"curies":[{"name":"wp","href":"https:\/\/api.w.org\/{rel}","templated":true}]}}