{"id":370566,"date":"2025-09-06T12:05:11","date_gmt":"2025-09-06T12:05:11","guid":{"rendered":"https:\/\/www.europesays.com\/fr\/370566\/"},"modified":"2025-09-06T12:05:11","modified_gmt":"2025-09-06T12:05:11","slug":"il-voulait-ouvrir-les-portes-un-vol-ryanair-deroute-en-urgence-a-toulouse-en-raison-dun-passager-ivre","status":"publish","type":"post","link":"https:\/\/www.europesays.com\/fr\/370566\/","title":{"rendered":"\u00ab\u00a0Il voulait ouvrir les portes\u00a0\u00bb\u00a0: un vol Ryanair d\u00e9rout\u00e9 en urgence \u00e0 Toulouse en raison d\u2019un passager ivre"},"content":{"rendered":"<p class=\"paragraph text_align_left lp-f-body-02\">Le pire a pu \u00eatre \u00e9vit\u00e9. Ce jeudi, le passager d\u2019un vol <a href=\"https:\/\/www.leparisien.fr\/societe\/ryanair-va-infliger-des-amendes-de-100-euros-aux-passagers-qui-senregistrent-moins-de-40-minutes-avant-le-depart-du-vol-18-03-2025-ANKF5ATDSNCEPLWOR3CNS47JJE.php\" target=\"_self\" rel=\"nofollow noopener\">Ryanair<\/a> entre Bournemouth et l\u2019Espagne a caus\u00e9 une sacr\u00e9e frayeur \u00e0 l\u2019\u00e9quipage et \u00e0 tous les autres voyageurs. Ivre, un Britannique a tent\u00e9 de <a href=\"https:\/\/www.leparisien.fr\/faits-divers\/un-avion-contraint-datterrir-en-urgence-a-cause-dun-passager-qui-a-tente-douvrir-la-porte-de-sortie-de-secours-19-07-2025-2CMJY65I55B3HHUSO33AU47U7Q.php\" target=\"_self\" rel=\"nofollow noopener\">forcer l\u2019une des issues de secours<\/a> de <a href=\"https:\/\/www.leparisien.fr\/societe\/un-passager-lambda-peut-il-faire-atterrir-un-avion-des-vrais-pilotes-tranchent-le-debat-tiktok-du-moment-30-06-2025-7AJB6KJJU5HMDMZSHEO5GIF6SY.php\" target=\"_self\" rel=\"nofollow noopener\">l\u2019avion<\/a>, semant la panique \u00e0 bord de l\u2019appareil, a rapport\u00e9 <a href=\"https:\/\/www.ladepeche.fr\/2025\/09\/05\/info-la-depeche-cauchemar-en-plein-vol-un-passager-britannique-tente-douvrir-une-porte-lavion-atterrit-en-urgence-a-toulouse-12912219.php\" target=\"_self\" rel=\"nofollow noopener\">La D\u00e9p\u00eache<\/a>.<\/p>\n<p class=\"paragraph text_align_left lp-f-body-02\">Au vu de cette situation exceptionnelle, l\u2019\u00e9quipage a d\u00fb d\u00e9clencher la proc\u00e9dure d\u2019atterrissage d\u2019urgence, l\u2019avion a \u00e9t\u00e9 d\u00e9rout\u00e9 et a atterri \u00e0 l\u2019a\u00e9roport de Toulouse-Blagnac. L\u2019individu, ma\u00eetris\u00e9 par des passagers et le personnel de bord, a finalement \u00e9t\u00e9 remis \u00e0 la police des fronti\u00e8res.<\/p>\n<p>Plac\u00e9 en cellule de d\u00e9grisement<\/p>\n<p class=\"paragraph text_align_left lp-f-body-02\">V\u00eatu d\u2019un tee-shirt et d\u2019un short orange, il a commenc\u00e9 \u00e0 s\u2019agiter, \u00e0 se lever \u00e0 plusieurs reprises et \u00e0 crier peu apr\u00e8s l\u2019embarquement, en ignorant les consignes successives du personnel de bord. Lorsqu\u2019il tente d\u2019ouvrir une porte de l\u2019appareil en plein vol, c\u2019est la goutte de trop pour les passagers, qui d\u00e9cident d\u2019aider l\u2019\u00e9quipage \u00e0 appr\u00e9hender l\u2019individu et \u00e0 le bloquer dans un coin, l\u2019emp\u00eachant d\u2019arriver \u00e0 ses fins.<\/p>\n<p class=\"paragraph text_align_left lp-f-body-02\">Une fois l\u2019avion arriv\u00e9 \u00e0 l\u2019a\u00e9roport de Toulouse-Blagnac, plusieurs policiers sont mont\u00e9s \u00e0 bord pour en extraire l\u2019individu. Menott\u00e9 et port\u00e9 par quatre agents, il a \u00e9t\u00e9 \u00e9vacu\u00e9 de l\u2019appareil et conduit dans les locaux de la PAF. Il a ensuite \u00e9t\u00e9 plac\u00e9 en cellule de d\u00e9grisement, compte tenu de son taux d\u2019alcool\u00e9mie trop important, avant de pouvoir \u00eatre plac\u00e9 en garde \u00e0 vue. Quatre de ses amis sont descendus de l\u2019avion avec lui sans \u00eatre inqui\u00e9t\u00e9s.<\/p>\n<p class=\"lp-card-podcast-highlighting__title  lp-f-subtitle-05\">[1\/6] Jubillar\u00a0: de la disparition au proc\u00e8s, une affaire sans corps ni aveux<\/p>\n<p class=\"lp-card-podcast-highlighting__description lp-f-ui-05\">Crime story raconte chaque semaine les grandes affaires criminelles.<\/p>\n<p><a class=\"lp-card-podcast-highlighting__call-to-action\" data-page-type=\"HP\" data-block-name=\"podcast-highlight\">\u00c9couter<\/a><\/p>\n<p class=\"paragraph text_align_left lp-f-body-02\">Le vol est reparti pour G\u00e9rone dans la soir\u00e9e. Le Britannique devait \u00eatre auditionn\u00e9 vendredi par les enqu\u00eateurs, il encourt des poursuites judiciaires et jusqu\u2019\u00e0 5\u00a0ans de prison.<\/p>\n","protected":false},"excerpt":{"rendered":"Le pire a pu \u00eatre \u00e9vit\u00e9. Ce jeudi, le passager d\u2019un vol Ryanair entre Bournemouth et l\u2019Espagne a&hellip;\n","protected":false},"author":2,"featured_media":370567,"comment_status":"","ping_status":"","sticky":false,"template":"","format":"standard","meta":{"footnotes":""},"categories":[2816],"tags":[1111,11,1777,674,118,1011,27,12,2680,25,2312],"class_list":{"0":"post-370566","1":"post","2":"type-post","3":"status-publish","4":"format-standard","5":"has-post-thumbnail","7":"category-toulouse","8":"tag-actu","9":"tag-actualites","10":"tag-eu","11":"tag-europe","12":"tag-faits-divers","13":"tag-fr","14":"tag-france","15":"tag-news","16":"tag-occitanie","17":"tag-republique-francaise","18":"tag-toulouse"},"share_on_mastodon":{"url":"https:\/\/pubeurope.com\/@fr\/115157265663585607","error":""},"_links":{"self":[{"href":"https:\/\/www.europesays.com\/fr\/wp-json\/wp\/v2\/posts\/370566","targetHints":{"allow":["GET"]}}],"collection":[{"href":"https:\/\/www.europesays.com\/fr\/wp-json\/wp\/v2\/posts"}],"about":[{"href":"https:\/\/www.europesays.com\/fr\/wp-json\/wp\/v2\/types\/post"}],"author":[{"embeddable":true,"href":"https:\/\/www.europesays.com\/fr\/wp-json\/wp\/v2\/users\/2"}],"replies":[{"embeddable":true,"href":"https:\/\/www.europesays.com\/fr\/wp-json\/wp\/v2\/comments?post=370566"}],"version-history":[{"count":0,"href":"https:\/\/www.europesays.com\/fr\/wp-json\/wp\/v2\/posts\/370566\/revisions"}],"wp:featuredmedia":[{"embeddable":true,"href":"https:\/\/www.europesays.com\/fr\/wp-json\/wp\/v2\/media\/370567"}],"wp:attachment":[{"href":"https:\/\/www.europesays.com\/fr\/wp-json\/wp\/v2\/media?parent=370566"}],"wp:term":[{"taxonomy":"category","embeddable":true,"href":"https:\/\/www.europesays.com\/fr\/wp-json\/wp\/v2\/categories?post=370566"},{"taxonomy":"post_tag","embeddable":true,"href":"https:\/\/www.europesays.com\/fr\/wp-json\/wp\/v2\/tags?post=370566"}],"curies":[{"name":"wp","href":"https:\/\/api.w.org\/{rel}","templated":true}]}}