{"id":370568,"date":"2025-09-06T12:06:10","date_gmt":"2025-09-06T12:06:10","guid":{"rendered":"https:\/\/www.europesays.com\/fr\/370568\/"},"modified":"2025-09-06T12:06:10","modified_gmt":"2025-09-06T12:06:10","slug":"journees-du-patrimoine-a-lille-coulisses-geants-et-secrets-bien-gardes-a-decouvrir","status":"publish","type":"post","link":"https:\/\/www.europesays.com\/fr\/370568\/","title":{"rendered":"Journ\u00e9es du Patrimoine \u00e0 Lille\u00a0: coulisses, g\u00e9ants et secrets bien gard\u00e9s \u00e0 d\u00e9couvrir"},"content":{"rendered":"<p><b>Des g\u00e9ants (au sens propre) \u00e0 l\u2019h\u00f4tel de Ville<\/b>&#13;<\/p>\n<p>Samedi, l\u2019<strong>H\u00f4tel de Ville ouvre grand ses portes aux g\u00e9ants lillois<\/strong>\u00a0: ateliers, archives, mini-g\u00e9ants et spectacle final \u00e0 17h. Au programme\u00a0: ateliers parent-enfant, documents d\u2019archives, expo de mini-g\u00e9ants et spectacle final du Tire-Laine \u00e0 17h. Un condens\u00e9 de folklore du Nord \u00e0 vivre en live.<\/p>\n<p>&#13;<\/p>\n<blockquote class=\"instagram-media\" data-instgrm-permalink=\"https:\/\/www.instagram.com\/p\/DMvOQe1KyzH\/?utm_source=ig_embed&amp;utm_campaign=loading\" data-instgrm-version=\"14\" style=\"background: #FFF; border: 0; border-radius: 3px; box-shadow: 0 0 1px 0 rgba(0,0,0,0.5),0 1px 10px 0 rgba(0,0,0,0.15); margin: 1px; max-width: 540px; min-width: 326px; padding: 0; width: calc(100% - 2px);\"><p>&#13;<br \/>\n&#13;\n<\/p><\/blockquote>\n<p>&#13;<br \/>\n&#13;<br \/>\n<b>Le patrimoine architectural mis \u00e0 nu<\/b>&#13;<\/p>\n<p>Cette ann\u00e9e, le th\u00e8me national, c\u2019est le patrimoine architectural. Dit comme \u00e7a, \u00e7a sonne scolaire\u2026 mais en vrai, c\u2019est <strong>l\u2019occasion de visiter des lieux que tu n\u2019as jamais vus de l\u2019int\u00e9rieur<\/strong>. <a href=\"https:\/\/www.lebonbon.fr\/lille\/news\/reouverture-palais-rameau\/\" rel=\"nofollow noopener\" target=\"_blank\">Palais Rameau<\/a> ouvert pour l\u2019occasion, <a href=\"https:\/\/www.lebonbon.fr\/lille\/pepites\/clarance-table-du-chef\/\" rel=\"nofollow noopener\" target=\"_blank\">H\u00f4tel Clarance<\/a> en mode visites guid\u00e9es, Convent des Dominicains, quartier Saint-Maurice Pellevoisin ou encore ateliers b\u00e9ton et torchis pour mettre litt\u00e9ralement les mains dedans.<\/p>\n<p>&#13;<\/p>\n<blockquote class=\"instagram-media\" data-instgrm-permalink=\"https:\/\/www.instagram.com\/reel\/DMLEGN-STwH\/?utm_source=ig_embed&amp;utm_campaign=loading\" data-instgrm-version=\"14\" style=\"background: #FFF; border: 0; border-radius: 3px; box-shadow: 0 0 1px 0 rgba(0,0,0,0.5),0 1px 10px 0 rgba(0,0,0,0.15); margin: 1px; max-width: 540px; min-width: 326px; padding: 0; width: calc(100% - 2px);\"><p>&#13;<br \/>\n&#13;\n<\/p><\/blockquote>\n<p>&#13;<br \/>\n&#13;<br \/>\n<b>Bonus\u00a0: concerts, expositions et surprises<\/b>&#13;<\/p>\n<p>Vendredi soir, <strong>l\u2019ensemble Libertalia ouvre le bal avec un concert hommage aux ann\u00e9es folles \u00e0 l\u2019H\u00f4tel de Ville. <\/strong>C\u00f4t\u00e9 expositions, tu peux checker \u201cLes estaminets \u00e0 Fives\u201d ou \u201cL\u2019habitat \u00e0 Moulins\u201d pour plonger dans l\u2019histoire des quartiers. <strong>Les enfants ne sont pas oubli\u00e9s\u00a0: contes, chasses au tr\u00e9sor et m\u00eame parades de l\u2019Op\u00e9ra de Lille sont au menu.<\/strong> Et comme d\u2019habitude, <a href=\"https:\/\/www.lebonbon.fr\/lille\/loisirs\/expositions-spectacles-art-theme-fiesta-choisi-lille3000\/\" rel=\"nofollow noopener\" target=\"_blank\">Lille 3000<\/a> ouvre ses expos gratuitement tout le week-end.<\/p>\n<p>&#13;<\/p>\n<p><b>Partout dans Lille, Hellemmes et Lomme<br \/>Vendredi 20 au dimanche 22 septembre 2025<br \/>Gratuit (mais certaines visites n\u00e9cessitent une r\u00e9sa \u00e0 partir du 3 septembre)<br \/>Citadelle\u00a0: inscription avant le 12 septembre \/ Pr\u00e9fecture\u00a0: avant le 16 septembre<\/b><\/p>\n<p><script async src=\"\/\/www.instagram.com\/embed.js\"><\/script><\/p>\n","protected":false},"excerpt":{"rendered":"Des g\u00e9ants (au sens propre) \u00e0 l\u2019h\u00f4tel de Ville&#13; Samedi, l\u2019H\u00f4tel de Ville ouvre grand ses portes aux&hellip;\n","protected":false},"author":2,"featured_media":370569,"comment_status":"","ping_status":"","sticky":false,"template":"","format":"standard","meta":{"footnotes":""},"categories":[2815],"tags":[1111,11,1777,674,1011,27,811,1307,12,25],"class_list":{"0":"post-370568","1":"post","2":"type-post","3":"status-publish","4":"format-standard","5":"has-post-thumbnail","7":"category-lille","8":"tag-actu","9":"tag-actualites","10":"tag-eu","11":"tag-europe","12":"tag-fr","13":"tag-france","14":"tag-hauts-de-france","15":"tag-lille","16":"tag-news","17":"tag-republique-francaise"},"share_on_mastodon":{"url":"https:\/\/pubeurope.com\/@fr\/115157269569733065","error":""},"_links":{"self":[{"href":"https:\/\/www.europesays.com\/fr\/wp-json\/wp\/v2\/posts\/370568","targetHints":{"allow":["GET"]}}],"collection":[{"href":"https:\/\/www.europesays.com\/fr\/wp-json\/wp\/v2\/posts"}],"about":[{"href":"https:\/\/www.europesays.com\/fr\/wp-json\/wp\/v2\/types\/post"}],"author":[{"embeddable":true,"href":"https:\/\/www.europesays.com\/fr\/wp-json\/wp\/v2\/users\/2"}],"replies":[{"embeddable":true,"href":"https:\/\/www.europesays.com\/fr\/wp-json\/wp\/v2\/comments?post=370568"}],"version-history":[{"count":0,"href":"https:\/\/www.europesays.com\/fr\/wp-json\/wp\/v2\/posts\/370568\/revisions"}],"wp:featuredmedia":[{"embeddable":true,"href":"https:\/\/www.europesays.com\/fr\/wp-json\/wp\/v2\/media\/370569"}],"wp:attachment":[{"href":"https:\/\/www.europesays.com\/fr\/wp-json\/wp\/v2\/media?parent=370568"}],"wp:term":[{"taxonomy":"category","embeddable":true,"href":"https:\/\/www.europesays.com\/fr\/wp-json\/wp\/v2\/categories?post=370568"},{"taxonomy":"post_tag","embeddable":true,"href":"https:\/\/www.europesays.com\/fr\/wp-json\/wp\/v2\/tags?post=370568"}],"curies":[{"name":"wp","href":"https:\/\/api.w.org\/{rel}","templated":true}]}}