{"id":37057,"date":"2025-04-19T18:01:08","date_gmt":"2025-04-19T18:01:08","guid":{"rendered":"https:\/\/www.europesays.com\/fr\/37057\/"},"modified":"2025-04-19T18:01:08","modified_gmt":"2025-04-19T18:01:08","slug":"nice-la-tempete-hans-va-balayer-la-ville-voici-les-previsions","status":"publish","type":"post","link":"https:\/\/www.europesays.com\/fr\/37057\/","title":{"rendered":"Nice. La temp\u00eate Hans va balayer la ville : voici les pr\u00e9visions"},"content":{"rendered":"<p>            Par<br \/>\n        <strong><br \/>\n            <a href=\"https:\/\/actu.fr\/auteur\/ugo-maillard\" title=\"Consulter tous les articles de Ugo Maillard\" target=\"_blank\" rel=\"noopener\">Ugo Maillard<\/a><br \/>\n        <\/strong><\/p>\n<p>        Publi\u00e9 le<\/p>\n<p>            18 avr. 2025 \u00e0 6h32        <\/p>\n<p>\u00c0 l\u2019instar du d\u00e9but de semaine, la m\u00e9t\u00e9o s\u2019annonce mouvement\u00e9e \u00e0 <a href=\"https:\/\/actu.fr\/nice\/\" target=\"_blank\" rel=\"noopener\">Nice<\/a> et dans les <a href=\"https:\/\/actu.fr\/provence-alpes-cote-d-azur\/alpes-maritimes_06\" target=\"_blank\" rel=\"noopener\">Alpes-Maritimes<\/a>. Le week-end du 19 au 20\u00a0avril 2025, des averses sont attendues sur<strong> la C\u00f4te d\u2019Azur<\/strong> jusqu\u2019en fin de semaine.<\/p>\n<p class=\" wall-content\">Le passage de la<a href=\"https:\/\/actu.fr\/meteo\/apres-la-tempete-hans-des-orages-violents-annonces-en-france-des-vendredi-voici-ou-ils-pourraient-frapper_62523401.html\" target=\"_blank\" rel=\"noopener\"> temp\u00eate Hans<\/a>, venue du nord de l\u2019Espagne, va toucher le sud est de la France ainsi que le nord de l\u2019Italie.<\/p>\n<p class=\" wall-content\">Hormis une accalmie indiqu\u00e9e pour ce vendredi avec de <strong>belles \u00e9claircies<\/strong> et des temp\u00e9ratures agr\u00e9ables, les conditions climatiques vont \u00eatre tr\u00e8s changeantes dans le d\u00e9partement.<\/p>\n<p class=\" wall-content\">Voici \u00e0 quoi s\u2019attendre \u00e0 Nice pour les prochaines heures.<\/p>\n<p>Averses et rafales pour samedi<\/p>\n<p class=\" wall-content\">Selon les donn\u00e9es de M\u00e9t\u00e9o France, la journ\u00e9e de samedi sera marqu\u00e9e par des averses d\u00e8s les premi\u00e8res heures.<\/p>\n<p>Vid\u00e9os : en ce moment sur Actu<\/p>\n<p class=\" wall-content\">Dans l\u2019apr\u00e8s-midi, des rafales de vent pouvant <strong>atteindre les 40\u00a0km\/h<\/strong> sont annonc\u00e9es \u00e0 Nice. C\u00f4t\u00e9 temp\u00e9ratures, le mercure sera compris entre 12\u00b0C et 18\u00b0C.<\/p>\n<p class=\" wall-content\">Pour la journ\u00e9e de dimanche, le soleil sera dominant sur une grande partie de la journ\u00e9e. Seules de rares et fines averses sont possibles durant la soir\u00e9e.<\/p>\n<p class=\" wall-content\">Suivez toute l\u2019actualit\u00e9 de vos villes et m\u00e9dias favoris en vous inscrivant \u00e0 <a href=\"https:\/\/moncompte.actu.fr\" title=\"D\u00e9couvez Mon Actu\" rel=\"nofollow noopener\" data-trk=\"{&quot;cta&quot;:{&quot;action&quot;:&quot;https:\\\/\\\/moncompte.actu.fr&quot;,&quot;category&quot;:&quot;mon compte&quot;,&quot;from&quot;:&quot;article footer&quot;,&quot;name&quot;:&quot;Mon actu&quot;,&quot;type&quot;:&quot;cta&quot;}}\" target=\"_blank\">Mon Actu<\/a>.<\/p>\n","protected":false},"excerpt":{"rendered":"Par Ugo Maillard Publi\u00e9 le 18 avr. 2025 \u00e0 6h32 \u00c0 l\u2019instar du d\u00e9but de semaine, la m\u00e9t\u00e9o&hellip;\n","protected":false},"author":2,"featured_media":37058,"comment_status":"","ping_status":"","sticky":false,"template":"","format":"standard","meta":{"footnotes":""},"categories":[2819],"tags":[1111,11,1777,674,1011,27,3059,2487,2357,12,2401,4459,882,25],"class_list":{"0":"post-37057","1":"post","2":"type-post","3":"status-publish","4":"format-standard","5":"has-post-thumbnail","7":"category-nice","8":"tag-actu","9":"tag-actualites","10":"tag-eu","11":"tag-europe","12":"tag-fr","13":"tag-france","14":"tag-intemperies","15":"tag-meteo","16":"tag-meteo-france","17":"tag-news","18":"tag-nice","19":"tag-pluie","20":"tag-provence-alpes-cote-dazur","21":"tag-republique-francaise"},"share_on_mastodon":{"url":"https:\/\/pubeurope.com\/@fr\/114365942150892696","error":""},"_links":{"self":[{"href":"https:\/\/www.europesays.com\/fr\/wp-json\/wp\/v2\/posts\/37057","targetHints":{"allow":["GET"]}}],"collection":[{"href":"https:\/\/www.europesays.com\/fr\/wp-json\/wp\/v2\/posts"}],"about":[{"href":"https:\/\/www.europesays.com\/fr\/wp-json\/wp\/v2\/types\/post"}],"author":[{"embeddable":true,"href":"https:\/\/www.europesays.com\/fr\/wp-json\/wp\/v2\/users\/2"}],"replies":[{"embeddable":true,"href":"https:\/\/www.europesays.com\/fr\/wp-json\/wp\/v2\/comments?post=37057"}],"version-history":[{"count":0,"href":"https:\/\/www.europesays.com\/fr\/wp-json\/wp\/v2\/posts\/37057\/revisions"}],"wp:featuredmedia":[{"embeddable":true,"href":"https:\/\/www.europesays.com\/fr\/wp-json\/wp\/v2\/media\/37058"}],"wp:attachment":[{"href":"https:\/\/www.europesays.com\/fr\/wp-json\/wp\/v2\/media?parent=37057"}],"wp:term":[{"taxonomy":"category","embeddable":true,"href":"https:\/\/www.europesays.com\/fr\/wp-json\/wp\/v2\/categories?post=37057"},{"taxonomy":"post_tag","embeddable":true,"href":"https:\/\/www.europesays.com\/fr\/wp-json\/wp\/v2\/tags?post=37057"}],"curies":[{"name":"wp","href":"https:\/\/api.w.org\/{rel}","templated":true}]}}