{"id":370570,"date":"2025-09-06T12:07:09","date_gmt":"2025-09-06T12:07:09","guid":{"rendered":"https:\/\/www.europesays.com\/fr\/370570\/"},"modified":"2025-09-06T12:07:09","modified_gmt":"2025-09-06T12:07:09","slug":"marine-tondelier-plaide-pour-un-premier-ministre-de-gauche-apres-francois-bayrou","status":"publish","type":"post","link":"https:\/\/www.europesays.com\/fr\/370570\/","title":{"rendered":"Marine Tondelier plaide pour un \u00ab\u00a0Premier ministre de gauche\u00a0\u00bb apr\u00e8s Fran\u00e7ois Bayrou"},"content":{"rendered":"<p>Aujourd&rsquo;hui \u00e0 14h00<\/p>\n<p>Bruno Retailleau l&rsquo;affirme, \u00ab\u00a0si ce sont les socialistes, ce sera sans nous\u00a0\u00bb<\/p>\n<p>Lors d&rsquo;un entretien accord\u00e9 au <a href=\"https:\/\/www.lefigaro.fr\/politique\/a-port-marly-bruno-retailleau-lance-un-avertissement-si-ce-sont-les-socialistes-ce-sera-sans-nous-20250906\" target=\"_blank\" class=\"external_link\" rel=\"nofollow noopener\">Figaro<\/a>, Bruno Retailleau a r\u00e9affirm\u00e9 son absolue opposition \u00e0 l&rsquo;id\u00e9e d&rsquo;un gouvernement socialiste pour l&rsquo;apr\u00e8s-Bayrou.<\/p>\n<p>\u00ab\u00a0Je l\u2019ai dit en face du pr\u00e9sident de la R\u00e9publique et du premier ministre tr\u00e8s clairement : si ce sont les socialistes, ce sera sans nous\u00a0\u00bb, d\u00e9clare-t-il.<\/p>\n<p>Cette intervention prend part dans un contexte de distensions avec le pr\u00e9sident du groupe parlementaire des R\u00e9publicains, Laurent Wauquiez, qui affirmait ne vouloir censurer \u00ab\u00a0ni un gouvernement PS, ni un gouvernement RN\u00a0\u00bb.<\/p>\n<p>Aujourd&rsquo;hui \u00e0 10h19<\/p>\n<p>Pour Marine Tondelier, le prochain Premier ministre \u00ab\u00a0doit \u00eatre de gauche et \u00e9cologiste\u00a0\u00bb<\/p>\n<p>Interrog\u00e9e par BFMTV, ce samedi 6 septembre, sur l&rsquo;avenir politique du pays, Marine Tondelier, la secr\u00e9taire nationale d&rsquo;EELV, indique que le prochain Premier ministre \u00ab\u00a0doit \u00eatre de gauche et \u00e9cologiste\u00a0\u00bb.<\/p>\n<p>\u00ab\u00a0Les choses sont claires, il faut un Premier ministre de gauche et \u00e9cologiste\u00a0\u00bb, d\u00e9clare-t-elle.<\/p>\n<p>Aujourd&rsquo;hui \u00e0 09h55<\/p>\n<p>Antoine L\u00e9aument estime que \u00ab\u00a0Fran\u00e7ois Bayrou va tomber et c\u2019est pour le meilleur\u00a0\u00bb<\/p>\n<p>Invit\u00e9 d&rsquo;Europe 1, ce samedi 6 septembre, le d\u00e9put\u00e9 LFI, <a href=\"https:\/\/rmc.bfmtv.com\/actualites\/politique\/video-podcast-de-francois-bayrou-le-depute-insoumis-antoine-leaument-sceptique-face-a-l-initiative_VN-202508060063.html\" title=\"Podcast de Fran\u00e7ois Bayrou : le d\u00e9put\u00e9 insoumis Antoine L\u00e9aument sceptique face \u00e0 l\u2019initiative\" class=\"internal_link\" rel=\"nofollow noopener\" target=\"_blank\">Antoine L\u00e9aument<\/a> est revenu sur le vote de confiance auquel sera soumis le Premier ministre ce lundi.<\/p>\n<p>\u00ab\u00a0\u00c0 mon avis Fran\u00e7ois Bayrou, va tomber, et c&rsquo;est pour le meilleur\u00a0\u00bb, ass\u00e8ne-t-il au micro de nos confr\u00e8res.<\/p>\n<p>Aujourd&rsquo;hui \u00e0 09h06<\/p>\n<p>\u00ab\u00a0Le PS est aujourd\u2019hui un groupuscule affili\u00e9 \u00e0 La France insoumise\u00a0\u00bb, cingle le d\u00e9put\u00e9 RN, Laurent Jacobelli<\/p>\n<p>Invit\u00e9 de franceinfo, le d\u00e9put\u00e9 RN de la 8e circonscription de Moselle, Laurent Jacobelli est revenu sur la possibilit\u00e9 de voir le PS rentrer au gouvernement en cas de chute du gouvernement Bayrou.<\/p>\n<p>\u00ab\u00a0Le PS est aujourd\u2019hui un groupuscule affili\u00e9 \u00e0 La France insoumise\u00a0\u00bb, a-t-il cingl\u00e9. \u00ab\u00a0Si ce parti arrive au pouvoir alors que les Fran\u00e7ais n\u2019en veulent pas, alors quelque chose est ab\u00eem\u00e9 dans notre d\u00e9mocratie\u00a0\u00bb, ajoute-t-il.<\/p>\n<p>Aujourd&rsquo;hui \u00e0 08h39<\/p>\n<p>Les R\u00e9publicains ouvrent leurs universit\u00e9s d&rsquo;\u00e9t\u00e9 dans les Yvelines<\/p>\n<p>Les R\u00e9publicains font leur rentr\u00e9e ce week-end \u00e0 Port-Marly, dans les Yvelines. Apr\u00e8s la cacophonie des derniers jours au sein de la droite, ses t\u00e9nors esp\u00e8rent pouvoir afficher une image d&rsquo;unit\u00e9.<\/p>\n<p>Le chef des d\u00e9put\u00e9s LR <a href=\"https:\/\/www.bfmtv.com\/politique\/francois-xavier-bellamy-contredit-laurent-wauquiez-et-denonce-le-scenario-desastreux-d-un-gouvernement-de-gauche_AN-202509050783.html\" title=\"Fran\u00e7ois-Xavier Bellamy contredit Laurent Wauquiez et d\u00e9nonce le &quot;sc\u00e9nario d\u00e9sastreux&quot; d&#039;un gouvernement de gauche\" class=\"internal_link\" rel=\"nofollow noopener\" target=\"_blank\">Laurent Wauquiez<\/a> doit s&rsquo;exprimer dans l&rsquo;apr\u00e8s-midi. Jeudi, il avait sem\u00e9 le trouble en assurant sur BFMTV que son groupe, au nom de la stabilit\u00e9, <a href=\"https:\/\/www.bfmtv.com\/politique\/les-republicains\/je-suis-pour-la-stabilite-politique-laurent-wauquiez-assure-que-les-lr-ne-censureront-ni-un-gouvernement-socialiste-ni-un-gouvernement-rn_AV-202509040315.html\" title=\"&quot;Je suis pour la stabilit\u00e9 politique&quot;: Laurent Wauquiez assure que les LR ne censureront ni un gouvernement socialiste, ni un gouvernement RN\" class=\"internal_link\" rel=\"nofollow noopener\" target=\"_blank\">ne censurerait pas<\/a> a priori un gouvernement men\u00e9 par le Parti socialiste.<\/p>\n<p>Aujourd&rsquo;hui \u00e0 08h30<\/p>\n<p>Jean-Luc M\u00e9lenchon pr\u00e9sent \u00e0 la braderie de Lille pour un discours<\/p>\n<p>Le leader de LFI tiendra un discous, ce samedi 6 septembre, depuis <a href=\"https:\/\/www.bfmtv.com\/societe\/video-braderie-de-lille-les-brocanteurs-preparent-leur-stand-pour-accueillir-les-deux-millions-de-visiteurs-attendus_VN-202509060088.html\" title=\"Braderie de Lille: les brocanteurs pr\u00e9parent leur stand pour accueillir les deux millions de visiteurs attendus\" class=\"internal_link\" rel=\"nofollow noopener\" target=\"_blank\">la braderie de Lille.<\/a><\/p>\n<p>Aujourd&rsquo;hui \u00e0 08h24<\/p>\n<p>J-2 avant le vote de confiance de Fran\u00e7ois Bayrou<\/p>\n<p>Bonjour \u00e0 tous et bienvenue sur ce direct consacr\u00e9 \u00e0 l&rsquo;actualit\u00e9 politique de ce samedi 6 septembre en France.<\/p>\n<p>Omnipr\u00e9sent dans les m\u00e9dias depuis qu&rsquo;il a annonc\u00e9 le 25 ao\u00fbt, \u00e0 la surprise g\u00e9n\u00e9rale, qu&rsquo;il se soumettrait \u00e0 un <a href=\"https:\/\/www.bfmtv.com\/politique\/gouvernement\/vote-de-confiance-francois-bayrou-consulte-mais-les-oppositions-promettent-qu-elles-ne-changeront-plus-de-position_AN-202509010334.html\" title=\"Vote de confiance: Fran\u00e7ois Bayrou consulte mais les oppositions promettent qu&#039;elles ne changeront pas de position\" class=\"internal_link\" rel=\"nofollow noopener\" target=\"_blank\">vote de confiance<\/a>, le Premier ministre est l&rsquo;invit\u00e9 de C \u00e0 vous sur France 5 \u00e0 19 heures.<\/p>\n","protected":false},"excerpt":{"rendered":"Aujourd&rsquo;hui \u00e0 14h00 Bruno Retailleau l&rsquo;affirme, \u00ab\u00a0si ce sont les socialistes, ce sera sans nous\u00a0\u00bb Lors d&rsquo;un entretien&hellip;\n","protected":false},"author":2,"featured_media":370571,"comment_status":"","ping_status":"","sticky":false,"template":"","format":"standard","meta":{"footnotes":""},"categories":[2815],"tags":[1111,11,1777,674,1011,27,811,1307,12,25],"class_list":{"0":"post-370570","1":"post","2":"type-post","3":"status-publish","4":"format-standard","5":"has-post-thumbnail","7":"category-lille","8":"tag-actu","9":"tag-actualites","10":"tag-eu","11":"tag-europe","12":"tag-fr","13":"tag-france","14":"tag-hauts-de-france","15":"tag-lille","16":"tag-news","17":"tag-republique-francaise"},"share_on_mastodon":{"url":"https:\/\/pubeurope.com\/@fr\/115157273415303305","error":""},"_links":{"self":[{"href":"https:\/\/www.europesays.com\/fr\/wp-json\/wp\/v2\/posts\/370570","targetHints":{"allow":["GET"]}}],"collection":[{"href":"https:\/\/www.europesays.com\/fr\/wp-json\/wp\/v2\/posts"}],"about":[{"href":"https:\/\/www.europesays.com\/fr\/wp-json\/wp\/v2\/types\/post"}],"author":[{"embeddable":true,"href":"https:\/\/www.europesays.com\/fr\/wp-json\/wp\/v2\/users\/2"}],"replies":[{"embeddable":true,"href":"https:\/\/www.europesays.com\/fr\/wp-json\/wp\/v2\/comments?post=370570"}],"version-history":[{"count":0,"href":"https:\/\/www.europesays.com\/fr\/wp-json\/wp\/v2\/posts\/370570\/revisions"}],"wp:featuredmedia":[{"embeddable":true,"href":"https:\/\/www.europesays.com\/fr\/wp-json\/wp\/v2\/media\/370571"}],"wp:attachment":[{"href":"https:\/\/www.europesays.com\/fr\/wp-json\/wp\/v2\/media?parent=370570"}],"wp:term":[{"taxonomy":"category","embeddable":true,"href":"https:\/\/www.europesays.com\/fr\/wp-json\/wp\/v2\/categories?post=370570"},{"taxonomy":"post_tag","embeddable":true,"href":"https:\/\/www.europesays.com\/fr\/wp-json\/wp\/v2\/tags?post=370570"}],"curies":[{"name":"wp","href":"https:\/\/api.w.org\/{rel}","templated":true}]}}