{"id":370572,"date":"2025-09-06T12:08:11","date_gmt":"2025-09-06T12:08:11","guid":{"rendered":"https:\/\/www.europesays.com\/fr\/370572\/"},"modified":"2025-09-06T12:08:11","modified_gmt":"2025-09-06T12:08:11","slug":"la-ville-a-t-elle-paye-son-insecurite-et-un-antisemitisme","status":"publish","type":"post","link":"https:\/\/www.europesays.com\/fr\/370572\/","title":{"rendered":"la ville a-t-elle pay\u00e9 son ins\u00e9curit\u00e9 et un antis\u00e9mitisme ?"},"content":{"rendered":"<p><strong>La pol\u00e9mique enfle \u00e0\u00a0Marseille autour du tournage de la s\u00e9rie isra\u00e9\u00adlienne \u00ab\u00a0Fauda\u00a0\u00bb. Initialement \u00e9voqu\u00e9e dans la cit\u00e9 phoc\u00e9enne, la saison 5\u00a0sera finalement tourn\u00e9e \u00e0\u00a0Budapest, une d\u00e9cision qui a\u00a0rapidement pris des allures de r\u00e8glement de comptes politiques.<\/strong><\/p>\n<p>Tout est parti lundi de m\u00e9dias isra\u00e9\u00adliens annon\u00e7ant l\u2019annulation partielle du tournage pr\u00e9vu \u00e0\u00a0Marseille pour \u00ab\u00a0des raisons de s\u00e9curit\u00e9\u00a0\u00bb. La s\u00e9rie \u00ab\u00a0Fauda\u00a0\u00bb (qui signifie chaos en arabe) met en sc\u00e8ne une unit\u00e9 isra\u00e9\u00adlienne infiltr\u00e9e combattant des Palestiniens. La bande-\u200bannonce de la derni\u00e8re saison montre d\u2019ailleurs plusieurs plans de la ville, dont la basilique de la Bonne-\u200bM\u00e8re, avec au casting l\u2019actrice fran\u00e7aise M\u00e9lanie Laurent.<\/p>\n<p>L\u2019annonce a\u00a0suscit\u00e9 de vives r\u00e9actions locales, notamment de la pr\u00e9si\u00addente divers droite du d\u00e9par\u00adtement, Martine Vassal, qui a\u00a0\u00e9crit sur X\u00a0: \u00ab\u00a0Comment Marseille peut-\u200belle laisser l\u2019anti\u00ads\u00e9\u00admi\u00adtisme s\u2019ins\u00adtaller au point de dissuader les artistes ?\u00bb.<\/p>\n<p>Pas de raisons de s\u00e9curit\u00e9, selon la production<\/p>\n<p>Jeudi, la soci\u00e9t\u00e9 isra\u00e9\u00adlienne YES Studios, produc\u00adtrice de la s\u00e9rie, a\u00a0d\u00e9menti cette version\u00a0: \u00ab\u00a0Les questions de s\u00e9curit\u00e9 ne sont pas \u00e0\u00a0l\u2019origine du transfert du tournage de la 5e saison de Fauda de Marseille \u00e0\u00a0Budapest\u00a0\u00bb, a-\u200bt-\u200belle affirm\u00e9 \u00e0\u00a0l\u2019AFP.<\/p>\n<p>La mairie a\u00a0confirm\u00e9 que le projet \u00ab\u00a0n\u2019en \u00e9tait m\u00eame pas encore au stade des autori\u00adsa\u00adtions de tournage\u00a0\u00bb et qu\u2019il avait \u00e9t\u00e9 abandonn\u00e9 \u00ab\u00a0notamment pour des raisons logis\u00adtiques\u00a0\u00bb. Une source proche du dossier a\u00a0pr\u00e9cis\u00e9 que le contexte g\u00e9opo\u00adli\u00adtique compli\u00adquait fortement l\u2019organisation, la production redoutant \u00ab\u00a0des blocages de tournages\u00a0\u00bb, comme ceux qui perturbent actuel\u00adlement la Vuelta en Espagne avec des manifes\u00adta\u00adtions propalestiniennes.<\/p>\n<p>Une affaire tr\u00e8s politique \u00e0\u00a0Marseille<\/p>\n<p>\u00c0 quelques mois des munici\u00adpales et dans un climat tendu, l\u2019affaire a\u00a0pris une tournure politique. L\u2019adjoint aux \u00e9coles Pierre-\u200bMarie Ganozzi a\u00a0inter\u00adpell\u00e9 Martine Vassal sur X, d\u00e9non\u00e7ant \u00ab\u00a0une fake news de plus\u00a0! Mensonges et outrances !\u00bb. Son coll\u00e8gue Jean-\u200bPierre Cochet a\u00a0de son c\u00f4t\u00e9 fustig\u00e9 \u00ab\u00a0l\u2019ins\u00adtru\u00admen\u00adta\u00adli\u00adsation d\u2019un \u2018antis\u00e9\u00admi\u00adtisme de Marseille\u2019 fictionnel\u00a0\u00bb, suscitant imm\u00e9dia\u00adtement les critiques de la droite.<\/p>\n<p>Cette querelle illustre la sensi\u00adbilit\u00e9 du sujet dans une ville marqu\u00e9e par une forte diversit\u00e9 cultu\u00adrelle, mais aussi par des tensions accen\u00adtu\u00e9es apr\u00e8s une agression au couteau en plein centre-\u200bville\u00a0mardi.<\/p>\n<p>Une ville touch\u00e9e par l\u2019antis\u00e9mitisme<\/p>\n<p>Marseille, fa\u00e7onn\u00e9e par l\u2019immigration et connue pour son vivre-\u200bensemble, abrite parmi les plus impor\u00adtantes commu\u00adnaut\u00e9s juives et musul\u00admanes d\u2019Europe. Mais elle n\u2019a pas \u00e9t\u00e9 \u00e9pargn\u00e9e par la mont\u00e9e des actes antis\u00e9\u00admites apr\u00e8s le 7\u00a0octobre 2023, comme ailleurs en France.<\/p>\n<p><a href=\"https:\/\/anneedelamer.nice.fr\/\" rel=\"nofollow noopener\" target=\"_blank\"><img loading=\"lazy\" decoding=\"async\" width=\"300\" height=\"300\" src=\"data:image\/svg+xml,%3Csvg%20xmlns=\" http:=\"\" alt=\"\" class=\"wp-image-235449\" data-lazy-src=\"https:\/\/www.europesays.com\/fr\/wp-content\/uploads\/2025\/04\/IMG_1416-2.png\"\/><\/a><\/p>\n<p>Une source polici\u00e8re a\u00a0confirm\u00e9 une hausse de ces actes, essen\u00adtiel\u00adlement des d\u00e9gra\u00adda\u00adtions comme des tags et inscrip\u00adtions, alors que le nombre d\u2019agressions physiques est rest\u00e9 stable. Fabienne Bendayan, pr\u00e9si\u00addente du Crif Marseille-\u200bProvence, a\u00a0regrett\u00e9 aupr\u00e8s de l\u2019AFP que la d\u00e9cision de la production \u00ab\u00a0entache l\u2019image de la ville\u00a0\u00bb, rappelant toutefois la r\u00e9putation \u00ab\u00a0sulfu\u00adreuse\u00a0\u00bb de Marseille en termes de s\u00e9curit\u00e9. \u00ab\u00a0On doit recon\u00adna\u00eetre qu\u2019on a\u00a0\u00e9t\u00e9 assez pr\u00e9serv\u00e9s, mais Marseille n\u2019a pas \u00e9t\u00e9 \u00e9pargn\u00e9e par la flamb\u00e9e d\u2019anti\u00ads\u00e9\u00admi\u00adtisme\u00a0\u00bb, a-\u200bt-\u200belle ajout\u00e9.<\/p>\n<p>Elle a\u00a0cit\u00e9 plusieurs incidents r\u00e9cents\u00a0: insultes, une agression, ainsi que l\u2019arrachage d\u2019affiches en hommage \u00e0\u00a0Ilan Halimi, jeune Juif tortur\u00e9 \u00e0\u00a0mort en 2006. Selon le minist\u00e8re de l\u2019Int\u00e9rieur, entre janvier et mai 2025, 504 actes antis\u00e9\u00admites ont \u00e9t\u00e9 recens\u00e9s en France, dont 323 atteintes aux personnes, soit une baisse de 24\u00a0% sur un an mais un doublement (+134\u00a0%) par rapport \u00e0\u00a02023.<\/p>\n<p class=\"has-small-font-size\">Avec AFP<\/p>\n","protected":false},"excerpt":{"rendered":"La pol\u00e9mique enfle \u00e0\u00a0Marseille autour du tournage de la s\u00e9rie isra\u00e9\u00adlienne \u00ab\u00a0Fauda\u00a0\u00bb. Initialement \u00e9voqu\u00e9e dans la cit\u00e9 phoc\u00e9enne,&hellip;\n","protected":false},"author":2,"featured_media":370573,"comment_status":"","ping_status":"","sticky":false,"template":"","format":"standard","meta":{"footnotes":""},"categories":[2814],"tags":[1111,11,1777,674,1011,27,884,12,882,25],"class_list":{"0":"post-370572","1":"post","2":"type-post","3":"status-publish","4":"format-standard","5":"has-post-thumbnail","7":"category-marseille","8":"tag-actu","9":"tag-actualites","10":"tag-eu","11":"tag-europe","12":"tag-fr","13":"tag-france","14":"tag-marseille","15":"tag-news","16":"tag-provence-alpes-cote-dazur","17":"tag-republique-francaise"},"share_on_mastodon":{"url":"https:\/\/pubeurope.com\/@fr\/115157277376831888","error":""},"_links":{"self":[{"href":"https:\/\/www.europesays.com\/fr\/wp-json\/wp\/v2\/posts\/370572","targetHints":{"allow":["GET"]}}],"collection":[{"href":"https:\/\/www.europesays.com\/fr\/wp-json\/wp\/v2\/posts"}],"about":[{"href":"https:\/\/www.europesays.com\/fr\/wp-json\/wp\/v2\/types\/post"}],"author":[{"embeddable":true,"href":"https:\/\/www.europesays.com\/fr\/wp-json\/wp\/v2\/users\/2"}],"replies":[{"embeddable":true,"href":"https:\/\/www.europesays.com\/fr\/wp-json\/wp\/v2\/comments?post=370572"}],"version-history":[{"count":0,"href":"https:\/\/www.europesays.com\/fr\/wp-json\/wp\/v2\/posts\/370572\/revisions"}],"wp:featuredmedia":[{"embeddable":true,"href":"https:\/\/www.europesays.com\/fr\/wp-json\/wp\/v2\/media\/370573"}],"wp:attachment":[{"href":"https:\/\/www.europesays.com\/fr\/wp-json\/wp\/v2\/media?parent=370572"}],"wp:term":[{"taxonomy":"category","embeddable":true,"href":"https:\/\/www.europesays.com\/fr\/wp-json\/wp\/v2\/categories?post=370572"},{"taxonomy":"post_tag","embeddable":true,"href":"https:\/\/www.europesays.com\/fr\/wp-json\/wp\/v2\/tags?post=370572"}],"curies":[{"name":"wp","href":"https:\/\/api.w.org\/{rel}","templated":true}]}}