{"id":370574,"date":"2025-09-06T12:09:10","date_gmt":"2025-09-06T12:09:10","guid":{"rendered":"https:\/\/www.europesays.com\/fr\/370574\/"},"modified":"2025-09-06T12:09:10","modified_gmt":"2025-09-06T12:09:10","slug":"un-nouveau-transfert-se-precise","status":"publish","type":"post","link":"https:\/\/www.europesays.com\/fr\/370574\/","title":{"rendered":"Un nouveau transfert se pr\u00e9cise !"},"content":{"rendered":"<p data-start=\"197\" data-end=\"422\"><strong>L\u2019avenir de Neal Maupay \u00e0 l\u2019Olympique de Marseille semble scell\u00e9. \u00c0 trois jours de la fin du mercato estival en Belgique, l\u2019attaquant fran\u00e7ais pourrait rebondir du c\u00f4t\u00e9 d\u2019Anderlecht, selon plusieurs sources locales.<\/strong><\/p>\n<p data-start=\"465\" data-end=\"773\">Le club bruxellois, qui ciblait initialement <strong data-start=\"510\" data-end=\"524\">S\u00e9kou Mara<\/strong>, a vu le joueur filer en pr\u00eat \u00e0 Auxerre. R\u00e9sultat, les Mauves se tournent d\u00e9sormais vers Maupay, dont le nom revient avec insistance. \u00c0 la recherche d\u2019un avant-centre, Anderlecht consid\u00e8re l\u2019ancien Ni\u00e7ois comme une opportunit\u00e9 de derni\u00e8re minute.<\/p>\n<p data-start=\"465\" data-end=\"773\">\n<p data-start=\"808\" data-end=\"1291\">Sous contrat jusqu\u2019en 2028 avec l\u2019OM, Neal Maupay ne fait plus partie des plans de <strong data-start=\"891\" data-end=\"911\">Roberto De Zerbi<\/strong>. Non seulement l\u2019attaquant a \u00e9t\u00e9 \u00e9cart\u00e9 du groupe professionnel, mais il ne figure pas non plus sur la liste des joueurs inscrits pour la <strong data-start=\"1050\" data-end=\"1073\">Ligue des champions<\/strong>. Autant dire que son avenir s\u2019\u00e9crira ailleurs.<br data-start=\"1120\" data-end=\"1123\"\/>C\u00f4t\u00e9 marseillais, la volont\u00e9 est claire : faciliter son d\u00e9part. Le club phoc\u00e9en ne compte pas exiger une forte indemnit\u00e9 de transfert, malgr\u00e9 la dur\u00e9e de son contrat.<\/p>\n<p data-start=\"808\" data-end=\"1291\">A lire aussi :\u00a0<a href=\"https:\/\/www.footballclubdemarseille.fr\/om-actualites\/om-encore-des-departs-quel-systeme-pour-de-zerbi-pas-plus-de-mercato-que-les-autres.html\" rel=\"nofollow noopener\" target=\"_blank\">OM : Encore des d\u00e9parts ? Quel syst\u00e8me pour De Zerbi ? Pas plus de mercato que les autres ?<\/a><\/p>\n<p>Le salaire, principal obstacle<\/p>\n<p data-start=\"1330\" data-end=\"1555\">Si le prix du transfert ne devrait pas bloquer l\u2019op\u00e9ration, un autre param\u00e8tre complique la donne : le salaire du joueur. \u00c0 Anderlecht, il faudrait un effort significatif de la part de Maupay pour que l\u2019op\u00e9ration aboutisse.<\/p>\n<p data-start=\"1597\" data-end=\"1884\">Le <strong data-start=\"1600\" data-end=\"1618\">PAOK Salonique<\/strong> s\u2019est \u00e9galement manifest\u00e9 ces derniers jours. Mais l\u2019impossibilit\u00e9 d\u2019inscrire Maupay en <strong data-start=\"1707\" data-end=\"1723\">Ligue Europa<\/strong> a refroidi les dirigeants grecs. N\u00e9anmoins, la piste n\u2019est pas compl\u00e8tement referm\u00e9e, et pourrait \u00eatre r\u00e9activ\u00e9e si aucune solution n\u2019est trouv\u00e9e en Belgique.<\/p>\n<p data-start=\"1597\" data-end=\"1884\">A lire aussi :\u00a0<a href=\"https:\/\/www.footballclubdemarseille.fr\/om-actualites\/des-marseillais-a-madrid-mccourt-tacle-la-lfp-et-cest-officiel-pour-bennacer-les-3-infos-om-du-5-septembre-2025.html\" rel=\"nofollow noopener\" target=\"_blank\">Des Marseillais \u00e0 Madrid, McCourt tacle la LFP et c\u2019est officiel pour Bennacer\u2026 Les 3 infos OM du 5 septembre 2025<\/a><\/p>\n","protected":false},"excerpt":{"rendered":"L\u2019avenir de Neal Maupay \u00e0 l\u2019Olympique de Marseille semble scell\u00e9. \u00c0 trois jours de la fin du mercato&hellip;\n","protected":false},"author":2,"featured_media":27175,"comment_status":"","ping_status":"","sticky":false,"template":"","format":"standard","meta":{"footnotes":""},"categories":[2814],"tags":[1111,11,1777,674,1011,27,884,12,882,25],"class_list":{"0":"post-370574","1":"post","2":"type-post","3":"status-publish","4":"format-standard","5":"has-post-thumbnail","7":"category-marseille","8":"tag-actu","9":"tag-actualites","10":"tag-eu","11":"tag-europe","12":"tag-fr","13":"tag-france","14":"tag-marseille","15":"tag-news","16":"tag-provence-alpes-cote-dazur","17":"tag-republique-francaise"},"share_on_mastodon":{"url":"https:\/\/pubeurope.com\/@fr\/115157281591244757","error":""},"_links":{"self":[{"href":"https:\/\/www.europesays.com\/fr\/wp-json\/wp\/v2\/posts\/370574","targetHints":{"allow":["GET"]}}],"collection":[{"href":"https:\/\/www.europesays.com\/fr\/wp-json\/wp\/v2\/posts"}],"about":[{"href":"https:\/\/www.europesays.com\/fr\/wp-json\/wp\/v2\/types\/post"}],"author":[{"embeddable":true,"href":"https:\/\/www.europesays.com\/fr\/wp-json\/wp\/v2\/users\/2"}],"replies":[{"embeddable":true,"href":"https:\/\/www.europesays.com\/fr\/wp-json\/wp\/v2\/comments?post=370574"}],"version-history":[{"count":0,"href":"https:\/\/www.europesays.com\/fr\/wp-json\/wp\/v2\/posts\/370574\/revisions"}],"wp:featuredmedia":[{"embeddable":true,"href":"https:\/\/www.europesays.com\/fr\/wp-json\/wp\/v2\/media\/27175"}],"wp:attachment":[{"href":"https:\/\/www.europesays.com\/fr\/wp-json\/wp\/v2\/media?parent=370574"}],"wp:term":[{"taxonomy":"category","embeddable":true,"href":"https:\/\/www.europesays.com\/fr\/wp-json\/wp\/v2\/categories?post=370574"},{"taxonomy":"post_tag","embeddable":true,"href":"https:\/\/www.europesays.com\/fr\/wp-json\/wp\/v2\/tags?post=370574"}],"curies":[{"name":"wp","href":"https:\/\/api.w.org\/{rel}","templated":true}]}}