{"id":370575,"date":"2025-09-06T12:10:10","date_gmt":"2025-09-06T12:10:10","guid":{"rendered":"https:\/\/www.europesays.com\/fr\/370575\/"},"modified":"2025-09-06T12:10:10","modified_gmt":"2025-09-06T12:10:10","slug":"comment-participer-aux-open-swim-stars-de-lyon-ce-week-end","status":"publish","type":"post","link":"https:\/\/www.europesays.com\/fr\/370575\/","title":{"rendered":"Comment participer aux Open swim stars de Lyon ce week-end ?"},"content":{"rendered":"<p>                            <img loading=\"lazy\" width=\"1080\" height=\"657\" class=\"attachment-article size-article wp-post-image lazyload\" alt=\"\" decoding=\"async\" src=\"https:\/\/www.europesays.com\/fr\/wp-content\/uploads\/2025\/09\/IMG_0480.jpg\" data-eio-rwidth=\"1080\" data-eio-rheight=\"657\"\/><\/p>\n<p>La 10e \u00e9dition de l\u2019Open Swim Stars s\u2019est tenue comme pr\u00e9vue, contrairement au para-triathlon des Jeux. Cr\u00e9dit photo Open Swim Stars.<\/p>\n<p class=\"content\" style=\"font-size:1.2em;font-weight:700\">Les Open swim stars reviennent \u00e0 Lyon ces 6 et 7 septembre \u00e0 Lyon entre les berges du Rh\u00f4ne et la Cit\u00e9 Internationale.<\/p>\n<p>Pour sa 10e \u00e9dition, les Open swim stars sont de retour \u00e0 Lyon ce week-end, les 6 et 7 septembre. Deux jours pour faire la course \u00e0 la nage dans le Rh\u00f4ne, mais \u00e9galement pour sensibiliser \u00e0 la pratique sportive et aux enjeux li\u00e9s \u00e0 la nage. Quatre \u00e9preuves de nage en eaux libres ont \u00e9t\u00e9 pens\u00e9es pour l\u2019occasion : 7 kilom\u00e8tres, 1,1 kilom\u00e8tre en soutien \u00e0 l\u2019association Courir pour Elles, puis 3,5 kilom\u00e8tres et 5 kilom\u00e8tres.<\/p>\n<p>Pour participer, cela se passe ce samedi de 14 heures (pour le retrait des bonnets sur le quai M\u00e9lina Mercouri) \u00e0 19 heures, puis dimanche de 7h30 \u00e0 13 heures entre la Cit\u00e9 internationale (6e arrondissement) et le parc des Berges (7e arrondissement). Il vous faudra d\u00e9bourser entre 24 et 55 euros selon les \u00e9preuves. <\/p>\n<p>Plus d\u2019informations et billetterie sur <a href=\"https:\/\/openswimstars.com\/lyon\/\" target=\"_blank\" rel=\"noreferrer noopener nofollow\">le site de l\u2019\u00e9v\u00e9nement<\/a>.<\/p>\n","protected":false},"excerpt":{"rendered":"La 10e \u00e9dition de l\u2019Open Swim Stars s\u2019est tenue comme pr\u00e9vue, contrairement au para-triathlon des Jeux. Cr\u00e9dit photo&hellip;\n","protected":false},"author":2,"featured_media":370576,"comment_status":"","ping_status":"","sticky":false,"template":"","format":"standard","meta":{"footnotes":""},"categories":[1889],"tags":[1111,11,2430,1777,674,1011,27,2428,12,25],"class_list":{"0":"post-370575","1":"post","2":"type-post","3":"status-publish","4":"format-standard","5":"has-post-thumbnail","7":"category-lyon","8":"tag-actu","9":"tag-actualites","10":"tag-auvergne-rhone-alpes","11":"tag-eu","12":"tag-europe","13":"tag-fr","14":"tag-france","15":"tag-lyon","16":"tag-news","17":"tag-republique-francaise"},"share_on_mastodon":{"url":"https:\/\/pubeurope.com\/@fr\/115157285789443260","error":""},"_links":{"self":[{"href":"https:\/\/www.europesays.com\/fr\/wp-json\/wp\/v2\/posts\/370575","targetHints":{"allow":["GET"]}}],"collection":[{"href":"https:\/\/www.europesays.com\/fr\/wp-json\/wp\/v2\/posts"}],"about":[{"href":"https:\/\/www.europesays.com\/fr\/wp-json\/wp\/v2\/types\/post"}],"author":[{"embeddable":true,"href":"https:\/\/www.europesays.com\/fr\/wp-json\/wp\/v2\/users\/2"}],"replies":[{"embeddable":true,"href":"https:\/\/www.europesays.com\/fr\/wp-json\/wp\/v2\/comments?post=370575"}],"version-history":[{"count":0,"href":"https:\/\/www.europesays.com\/fr\/wp-json\/wp\/v2\/posts\/370575\/revisions"}],"wp:featuredmedia":[{"embeddable":true,"href":"https:\/\/www.europesays.com\/fr\/wp-json\/wp\/v2\/media\/370576"}],"wp:attachment":[{"href":"https:\/\/www.europesays.com\/fr\/wp-json\/wp\/v2\/media?parent=370575"}],"wp:term":[{"taxonomy":"category","embeddable":true,"href":"https:\/\/www.europesays.com\/fr\/wp-json\/wp\/v2\/categories?post=370575"},{"taxonomy":"post_tag","embeddable":true,"href":"https:\/\/www.europesays.com\/fr\/wp-json\/wp\/v2\/tags?post=370575"}],"curies":[{"name":"wp","href":"https:\/\/api.w.org\/{rel}","templated":true}]}}