{"id":370579,"date":"2025-09-06T12:13:18","date_gmt":"2025-09-06T12:13:18","guid":{"rendered":"https:\/\/www.europesays.com\/fr\/370579\/"},"modified":"2025-09-06T12:13:18","modified_gmt":"2025-09-06T12:13:18","slug":"prix-de-limmobilier-dans-le-val-doise-a-pontoise-cest-le-moment-dacheter-pour-les-familles-et-jeunes-actifs","status":"publish","type":"post","link":"https:\/\/www.europesays.com\/fr\/370579\/","title":{"rendered":"Prix de l\u2019immobilier dans le Val-d\u2019Oise : \u00e0 Pontoise, c\u2019est le moment d\u2019acheter pour les familles et jeunes actifs"},"content":{"rendered":"<p class=\"paragraph text_align_left lp-f-body-02\">Fl\u00e2ner sur les bords de l\u2019Oise, se balader dans une cit\u00e9 m\u00e9di\u00e9vale mill\u00e9naire\u2026 Le tout \u00e0 40 minutes de Paris. <a href=\"https:\/\/www.leparisien.fr\/val-d-oise-95\/pontoise-95300\/\" target=\"_self\" rel=\"nofollow noopener\">Pontoise <\/a>a de nombreux atouts \u00e0 faire valoir, et la rentr\u00e9e 2025 est propice \u00e0 l\u2019achat. La baisse des prix de <a href=\"https:\/\/www.leparisien.fr\/immobilier\/\" target=\"_self\" rel=\"nofollow noopener\">l\u2019immobilier<\/a> initi\u00e9e depuis 2022 se poursuit cette ann\u00e9e, bien qu\u2019\u00e0 une moindre allure.<\/p>\n<p class=\"paragraph text_align_left lp-f-body-02\">Le prix des maisons baisse d\u20191,9 % sur un an (et m\u00eame 13,1 % sur trois ans), contre 1,6 % pour les appartements. \u00ab Avant le Covid, tout se vendait avant n\u00e9gociation \u00e0 des prix un peu fous. D\u00e9sormais, \u00e7a s\u2019est calm\u00e9. <a href=\"https:\/\/www.leparisien.fr\/immobilier\/immobilier-avec-la-crise-politique-faut-il-sattendre-a-une-hausse-des-taux-dinteret-02-09-2025-WHX6NIDLURC2RBE64LSNI4E6HU.php\" target=\"_self\" rel=\"nofollow noopener\">Les taux d\u2019int\u00e9r\u00eat<\/a> ont baiss\u00e9 et les acheteurs ont repris le lead \u00bb, constate Alexandre Robert, expert immobilier pour Nestenn \u00e0 Pontoise.<\/p>\n","protected":false},"excerpt":{"rendered":"Fl\u00e2ner sur les bords de l\u2019Oise, se balader dans une cit\u00e9 m\u00e9di\u00e9vale mill\u00e9naire\u2026 Le tout \u00e0 40 minutes&hellip;\n","protected":false},"author":2,"featured_media":370580,"comment_status":"","ping_status":"","sticky":false,"template":"","format":"standard","meta":{"footnotes":""},"categories":[1592],"tags":[1111,11,1777,674,1011,27,662,1116,12,626,25],"class_list":{"0":"post-370579","1":"post","2":"type-post","3":"status-publish","4":"format-standard","5":"has-post-thumbnail","7":"category-ile-de-france","8":"tag-actu","9":"tag-actualites","10":"tag-eu","11":"tag-europe","12":"tag-fr","13":"tag-france","14":"tag-ile-de-france","15":"tag-immobilier","16":"tag-news","17":"tag-paris","18":"tag-republique-francaise"},"share_on_mastodon":{"url":"https:\/\/pubeurope.com\/@fr\/115157297191149079","error":""},"_links":{"self":[{"href":"https:\/\/www.europesays.com\/fr\/wp-json\/wp\/v2\/posts\/370579","targetHints":{"allow":["GET"]}}],"collection":[{"href":"https:\/\/www.europesays.com\/fr\/wp-json\/wp\/v2\/posts"}],"about":[{"href":"https:\/\/www.europesays.com\/fr\/wp-json\/wp\/v2\/types\/post"}],"author":[{"embeddable":true,"href":"https:\/\/www.europesays.com\/fr\/wp-json\/wp\/v2\/users\/2"}],"replies":[{"embeddable":true,"href":"https:\/\/www.europesays.com\/fr\/wp-json\/wp\/v2\/comments?post=370579"}],"version-history":[{"count":0,"href":"https:\/\/www.europesays.com\/fr\/wp-json\/wp\/v2\/posts\/370579\/revisions"}],"wp:featuredmedia":[{"embeddable":true,"href":"https:\/\/www.europesays.com\/fr\/wp-json\/wp\/v2\/media\/370580"}],"wp:attachment":[{"href":"https:\/\/www.europesays.com\/fr\/wp-json\/wp\/v2\/media?parent=370579"}],"wp:term":[{"taxonomy":"category","embeddable":true,"href":"https:\/\/www.europesays.com\/fr\/wp-json\/wp\/v2\/categories?post=370579"},{"taxonomy":"post_tag","embeddable":true,"href":"https:\/\/www.europesays.com\/fr\/wp-json\/wp\/v2\/tags?post=370579"}],"curies":[{"name":"wp","href":"https:\/\/api.w.org\/{rel}","templated":true}]}}