{"id":370585,"date":"2025-09-06T12:16:11","date_gmt":"2025-09-06T12:16:11","guid":{"rendered":"https:\/\/www.europesays.com\/fr\/370585\/"},"modified":"2025-09-06T12:16:11","modified_gmt":"2025-09-06T12:16:11","slug":"acteurs-mannequins-chefs-detat-ces-restaurants-de-paris-sont-les-plus-branches-selon-le-guide-michelin","status":"publish","type":"post","link":"https:\/\/www.europesays.com\/fr\/370585\/","title":{"rendered":"Acteurs, mannequins, chefs d&rsquo;Etat&#8230;Ces restaurants de Paris sont les plus branch\u00e9s selon le guide Michelin"},"content":{"rendered":"<p>            Par<br \/>\n        <strong><br \/>\n            <a href=\"https:\/\/actu.fr\/auteur\/thomas-martin\" title=\"Consulter tous les articles de Thomas Martin\" target=\"_blank\" rel=\"noopener\">Thomas Martin<\/a><br \/>\n        <\/strong><\/p>\n<p>        Publi\u00e9 le<\/p>\n<p>            6 sept. 2025 \u00e0 12h04        <\/p>\n<p>Des <a href=\"https:\/\/actu.fr\/tag\/restaurant\" target=\"_blank\" rel=\"noopener\">restaurants<\/a> pour voir et \u00eatre vus. A Paris, certaines adresses sont pris\u00e9es des c\u00e9l\u00e9brit\u00e9s qu\u2019ils viennent du monde politique ou du show-biz. Rien de bien nouveau pour les premiers. Un chapitre entier est d\u2019ailleurs consacr\u00e9 \u00e0 la <a href=\"https:\/\/actu.fr\/ile-de-france\/paris_75056\/paris-connaissez-vous-cette-brasserie-incontournable-de-saint-germain-des-pres_60620034.html\" target=\"_blank\" rel=\"noopener\">brasserie Lipp<\/a> dans le livre \u00ab\u00a0Les lieux de pouvoir. Une histoire secr\u00e8te et intime de la politique\u00a0\u00bb. En revanche, la <a href=\"https:\/\/actu.fr\/tag\/gastronomie\" target=\"_blank\" rel=\"noopener\">gastronomie<\/a> est devenue pris\u00e9s des <a href=\"https:\/\/actu.fr\/tag\/people\" target=\"_blank\" rel=\"noopener\">people<\/a> et notamment du monde de la mode, en particulier lors de la Fashion Week. <br \/>\u00ab\u00a0Depuis une petite d\u00e9cennie, la gastronomie est devenue tendance, et certains restaurants carr\u00e9ment hype, explique le <a href=\"https:\/\/actu.fr\/tag\/guide-michelin\" target=\"_blank\" rel=\"noopener\">guide Michelin<\/a> qui vient de lister des <a href=\"https:\/\/guide.michelin.com\/fr\/fr\/best-of\/restaurants-branches-a-paris-nos-meilleures-adresses\" target=\"_blank\" rel=\"noopener\">\u00e9tablissement \u00ab\u00a0branch\u00e9s\u00a0\u00bb<\/a> de la capitale.\u00a0 Des tenues du personnel en salle (marques branch\u00e9es), au design int\u00e9rieur (l\u00e9ch\u00e9), en passant par l\u2019art de la table mettant en lumi\u00e8re c\u00e9ramiques vues dans Vogue, la cuisine est devenue un ingr\u00e9dient star de la mode\u00a0\u00bb. Ces c\u00e9l\u00e9brit\u00e9s n\u2019h\u00e9sitent pas ensuite \u00e0 partager leur soir\u00e9e dans tel ou tel \u00e9tablissement sur les <a href=\"https:\/\/actu.fr\/tag\/reseaux-sociaux\" target=\"_blank\" rel=\"noopener\">r\u00e9seaux sociaux<\/a>.\u00a0<\/p>\n<p>De Septime \u00e0 l\u2019Ami Louis<\/p>\n<ul class=\" wall-content\">\n<li><strong>Septime :<\/strong> il faut \u00eatre patient pour avoir une table. En vue d\u2019un test, <a href=\"https:\/\/www.lefigaro.fr\/gastronomie\/septime-musee-des-bobos-arts-20221118\" target=\"_blank\" rel=\"noopener\">Le Figaro<\/a> s\u2019y \u00e9tait pris trois mois \u00e0 l\u2019avance pour go\u00fbter enfin la cuisine de l\u2019\u00e9tablissement de Bertrand Gr\u00e9baut et Th\u00e9ophile Pourriat, 1 \u00e9toile Michelin, 16\/20 au Gault &amp; Millau. Jay-Z, Beyonc\u00e9 et Fran\u00e7ois Hollande y ont d\u00e9j\u00e0 \u00e9t\u00e9 vus. \u00ab\u00a0C\u2019est le mus\u00e9e des bobos-arts, section miam-miam\u00a0\u00bb, l\u00e2chait Le Figaro, reconnaissant tout de m\u00eame la qualit\u00e9 de la qualit\u00e9.\u00a0<\/li>\n<li><strong>Nhome :\u00a0<\/strong>ce restaurant ouvert au d\u00eener seulement est ferm\u00e9 trois soirs sur sept et propose aux convives (20 maximum) de s\u2019installer autour de la m\u00eame table. Sentence du <a href=\"https:\/\/www.lefigaro.fr\/gastronomie\/nhome-restaurant-magique-du-quartier-palais-royal-20221020\" target=\"_blank\" rel=\"noopener\">Figaro<\/a> encore : \u00ab\u00a0talentueux peut-\u00eatre, mais moins dans la gastronomie que dans la bo\u00eete \u00e0 magie, moins dans le repas que dans l\u2019abracadabra\u00a0\u00bb.\u00a0<\/li>\n<li><strong>Hakuba : \u00ab\u00a0<\/strong>mis \u00e0 l\u2019honneur dans la s\u00e9rie Netflix <a href=\"https:\/\/actu.fr\/ile-de-france\/paris_75056\/emily-in-paris-saison-4-une-carte-interactive-devoile-tous-les-lieux-vus-dans-la-serie-netflix_61480182.html\" target=\"_blank\" rel=\"noopener\">Emily in Paris<\/a>, le chiquissime Cheval Blanc Paris continue d\u2019attirer une client\u00e8le de beautiful people\u00a0\u00bb, indique le guide Michelin qui le qualifie par ailleurs de \u00ab\u00a0petit bijou\u00a0\u00bb.\u00a0<\/li>\n<\/ul>\n<p class=\" wall-content\">La liste s\u2019allonge : Datil, Monsieur Bleu, Lava, Soces, Shabour, Chocho, Thiou, Le Cheval d\u2019Or, Pouliche, Clamato, Loulou.\u00a0<\/p>\n<p class=\" wall-content\">On aurait pu ajouter, entre autres, L\u2019Ami Louis, restaurant du 3e arrondissement de Paris <a href=\"https:\/\/actu.fr\/ile-de-france\/paris_75056\/bernard-arnault-a-de-l-appetit-lvmh-rachete-un-celebre-restaurant-de-paris-aux-clients-prestigieux_61243251.html\" target=\"_blank\" rel=\"noopener\">rachet\u00e9 par Bernard Arnault<\/a>. Il ne compte que quatorze tables et sert des repas dans un cadre fran\u00e7ais traditionnel. S\u00e9bastien Le Fol, l\u2019auteur des lieux de pouvoir, le d\u00e9crivait comme ceci : \u00ab\u00a0un mouchoir de poche de 70 m\u00e8tres carr\u00e9s. Fond\u00e9 en 1924, les grandes familles du capitalisme et les vedettes de Hollywood peuvent d\u00e9guster en toute discr\u00e9tion son poulet-frites aussi croustillant qu\u2019on\u00e9reux\u00a0\u00bb. So chic\u2026<\/p>\n<p class=\" wall-content\">Personnalisez votre actualit\u00e9 en ajoutant vos villes et m\u00e9dias en favori avec <a href=\"https:\/\/moncompte.actu.fr\" title=\"D\u00e9couvez Mon Actu\" rel=\"nofollow noopener\" data-trk=\"{&quot;cta&quot;:{&quot;action&quot;:&quot;https:\\\/\\\/moncompte.actu.fr&quot;,&quot;category&quot;:&quot;mon compte&quot;,&quot;from&quot;:&quot;article footer&quot;,&quot;name&quot;:&quot;Mon actu&quot;,&quot;type&quot;:&quot;cta&quot;}}\" target=\"_blank\">Mon Actu<\/a>.<\/p>\n","protected":false},"excerpt":{"rendered":"Par Thomas Martin Publi\u00e9 le 6 sept. 2025 \u00e0 12h04 Des restaurants pour voir et \u00eatre vus. A&hellip;\n","protected":false},"author":2,"featured_media":370586,"comment_status":"","ping_status":"","sticky":false,"template":"","format":"standard","meta":{"footnotes":""},"categories":[1888],"tags":[11,1777,674,1011,27,1661,493,1652,12,626,25,1340],"class_list":{"0":"post-370585","1":"post","2":"type-post","3":"status-publish","4":"format-standard","5":"has-post-thumbnail","7":"category-paris","8":"tag-actualites","9":"tag-eu","10":"tag-europe","11":"tag-fr","12":"tag-france","13":"tag-gastronomie","14":"tag-guide-michelin","15":"tag-loisirs-culture","16":"tag-news","17":"tag-paris","18":"tag-republique-francaise","19":"tag-restaurant"},"share_on_mastodon":{"url":"https:\/\/pubeurope.com\/@fr\/115157308889726668","error":""},"_links":{"self":[{"href":"https:\/\/www.europesays.com\/fr\/wp-json\/wp\/v2\/posts\/370585","targetHints":{"allow":["GET"]}}],"collection":[{"href":"https:\/\/www.europesays.com\/fr\/wp-json\/wp\/v2\/posts"}],"about":[{"href":"https:\/\/www.europesays.com\/fr\/wp-json\/wp\/v2\/types\/post"}],"author":[{"embeddable":true,"href":"https:\/\/www.europesays.com\/fr\/wp-json\/wp\/v2\/users\/2"}],"replies":[{"embeddable":true,"href":"https:\/\/www.europesays.com\/fr\/wp-json\/wp\/v2\/comments?post=370585"}],"version-history":[{"count":0,"href":"https:\/\/www.europesays.com\/fr\/wp-json\/wp\/v2\/posts\/370585\/revisions"}],"wp:featuredmedia":[{"embeddable":true,"href":"https:\/\/www.europesays.com\/fr\/wp-json\/wp\/v2\/media\/370586"}],"wp:attachment":[{"href":"https:\/\/www.europesays.com\/fr\/wp-json\/wp\/v2\/media?parent=370585"}],"wp:term":[{"taxonomy":"category","embeddable":true,"href":"https:\/\/www.europesays.com\/fr\/wp-json\/wp\/v2\/categories?post=370585"},{"taxonomy":"post_tag","embeddable":true,"href":"https:\/\/www.europesays.com\/fr\/wp-json\/wp\/v2\/tags?post=370585"}],"curies":[{"name":"wp","href":"https:\/\/api.w.org\/{rel}","templated":true}]}}