{"id":370589,"date":"2025-09-06T12:18:11","date_gmt":"2025-09-06T12:18:11","guid":{"rendered":"https:\/\/www.europesays.com\/fr\/370589\/"},"modified":"2025-09-06T12:18:11","modified_gmt":"2025-09-06T12:18:11","slug":"en-direct-guerre-en-ukraine-poutine-menace-de-cibler-les-forces-occidentales-si-elles-etaient-deployees-dans-le-pays","status":"publish","type":"post","link":"https:\/\/www.europesays.com\/fr\/370589\/","title":{"rendered":"EN DIRECT &#8211; Guerre en Ukraine : Poutine menace de cibler les forces occidentales si elles \u00e9taient d\u00e9ploy\u00e9es dans le pays"},"content":{"rendered":"<p>La Lituanie et l&rsquo;Estonie, pays baltes voisins de la Russie, ont confirm\u00e9 vendredi \u00eatre vis\u00e9es par des coupes dans l&rsquo;aide militaire am\u00e9ricaine pr\u00e9vues, selon le Financial Times, par l&rsquo;administration Trump. Washington pr\u00e9voit de mettre fin \u00e0 certains programmes aux pays europ\u00e9ens g\u00e9ographiquement proches de Moscou. Selon le Washington Post, la valeur de cette aide s&rsquo;\u00e9l\u00e8verait \u00e0 plusieurs centaines de millions de dollars.<\/p>\n<p>\u00ab\u00a0La semaine derni\u00e8re, le d\u00e9partement am\u00e9ricain de la D\u00e9fense a inform\u00e9 les pays (concern\u00e9s) qu&rsquo;\u00e0 partir du prochain exercice financier, le financement serait ramen\u00e9 \u00e0 z\u00e9ro\u00a0\u00bb, a d\u00e9clar\u00e9 \u00e0 la presse un haut responsable au minist\u00e8re lituanien de la D\u00e9fense, se r\u00e9f\u00e9rant au programme dit \u00ab\u00a0333\u00a0\u00bb. L&rsquo;aide \u00e9tait destin\u00e9e, dans le cas de la Lituanie, \u00e0 financer des \u00ab\u00a0achats d&rsquo;armes am\u00e9ricaines ou d&rsquo;autres \u00e9quipements, des formations\u00a0\u00bb.<\/p>\n<p>Selon le ministre lituanien de la D\u00e9fense, Vaidotas Urbelis, suivant les ann\u00e9es, ce programme repr\u00e9sentait un tiers ou m\u00eame 80% de l&rsquo;ensemble de l&rsquo;aide financi\u00e8re militaire \u00e0 son pays. Mais il a assur\u00e9 que cela \u00ab\u00a0n&rsquo;aura pas d&rsquo;impact sur la pr\u00e9sence des troupes am\u00e9ricaines\u00a0\u00bb, financ\u00e9e par une ligne budg\u00e9taire diff\u00e9rente.<\/p>\n","protected":false},"excerpt":{"rendered":"La Lituanie et l&rsquo;Estonie, pays baltes voisins de la Russie, ont confirm\u00e9 vendredi \u00eatre vis\u00e9es par des coupes&hellip;\n","protected":false},"author":2,"featured_media":370590,"comment_status":"","ping_status":"","sticky":false,"template":"","format":"standard","meta":{"footnotes":""},"categories":[1591],"tags":[1111,11,1921,75,1073,1887,47994,28083,1922,12,1885,1886,132,220,133,1920,135,134],"class_list":{"0":"post-370589","1":"post","2":"type-post","3":"status-publish","4":"format-standard","5":"has-post-thumbnail","7":"category-russie","8":"tag-actu","9":"tag-actualites","10":"tag-article-video","11":"tag-donald-trump","12":"tag-emmanuel-macron","13":"tag-federation-de-russie","14":"tag-guerre-en-ukraine-la-rencontre-poutine-zelensky-seloigne","15":"tag-guerre-en-ukraine-une-treve-sera-t-elle-possible","16":"tag-info","17":"tag-news","18":"tag-russia","19":"tag-russian-federation","20":"tag-russie","21":"tag-ukraine","22":"tag-video","23":"tag-video-international","24":"tag-vladimir-poutine","25":"tag-volodymyr-zelensky"},"share_on_mastodon":{"url":"https:\/\/pubeurope.com\/@fr\/115157316670091167","error":""},"_links":{"self":[{"href":"https:\/\/www.europesays.com\/fr\/wp-json\/wp\/v2\/posts\/370589","targetHints":{"allow":["GET"]}}],"collection":[{"href":"https:\/\/www.europesays.com\/fr\/wp-json\/wp\/v2\/posts"}],"about":[{"href":"https:\/\/www.europesays.com\/fr\/wp-json\/wp\/v2\/types\/post"}],"author":[{"embeddable":true,"href":"https:\/\/www.europesays.com\/fr\/wp-json\/wp\/v2\/users\/2"}],"replies":[{"embeddable":true,"href":"https:\/\/www.europesays.com\/fr\/wp-json\/wp\/v2\/comments?post=370589"}],"version-history":[{"count":0,"href":"https:\/\/www.europesays.com\/fr\/wp-json\/wp\/v2\/posts\/370589\/revisions"}],"wp:featuredmedia":[{"embeddable":true,"href":"https:\/\/www.europesays.com\/fr\/wp-json\/wp\/v2\/media\/370590"}],"wp:attachment":[{"href":"https:\/\/www.europesays.com\/fr\/wp-json\/wp\/v2\/media?parent=370589"}],"wp:term":[{"taxonomy":"category","embeddable":true,"href":"https:\/\/www.europesays.com\/fr\/wp-json\/wp\/v2\/categories?post=370589"},{"taxonomy":"post_tag","embeddable":true,"href":"https:\/\/www.europesays.com\/fr\/wp-json\/wp\/v2\/tags?post=370589"}],"curies":[{"name":"wp","href":"https:\/\/api.w.org\/{rel}","templated":true}]}}