{"id":370594,"date":"2025-09-06T12:21:10","date_gmt":"2025-09-06T12:21:10","guid":{"rendered":"https:\/\/www.europesays.com\/fr\/370594\/"},"modified":"2025-09-06T12:21:10","modified_gmt":"2025-09-06T12:21:10","slug":"keir-starmer-remanie-un-gouvernement-labour-dans-la-tourmente","status":"publish","type":"post","link":"https:\/\/www.europesays.com\/fr\/370594\/","title":{"rendered":"Keir Starmer remanie un gouvernement Labour dans la tourmente"},"content":{"rendered":"<p>                         <img loading=\"lazy\" decoding=\"async\" src=\"https:\/\/www.europesays.com\/fr\/wp-content\/uploads\/2025\/09\/7971ac7_ftp-import-images-1-txxt0flvey38-5785652-01-06.jpg\" alt=\"Le premier ministre britannique, Keir Starmer, au Parlement, \u00e0 Londres, le 3\u00a0septembre\u00a02025.\"   width=\"664\" height=\"443\"\/>    Le premier ministre britannique, Keir Starmer, au Parlement, \u00e0 Londres, le 3\u00a0septembre\u00a02025.  HOUSE OF COMMONS\/AFP                 <\/p>\n<p class=\"article__paragraph  \">La journ\u00e9e de vendredi 5\u00a0septembre a bien mal commenc\u00e9 pour Keir Starmer, avec la d\u00e9mission forc\u00e9e d\u2019Angela Rayner, sa populaire vice-premi\u00e8re ministre. Le dirigeant britannique a vite repris la main, annon\u00e7ant presque imm\u00e9diatement un remaniement d\u2019ampleur. David Lammy a l\u00e2ch\u00e9 le portefeuille des affaires \u00e9trang\u00e8res pour remplacer Angela Rayner au pied lev\u00e9, tandis qu\u2019Yvette Cooper prenait sa place et quittait le minist\u00e8re de l\u2019int\u00e9rieur. Ce dernier a \u00e9t\u00e9 attribu\u00e9 \u00e0 Shabana Mahmood, qui pr\u00e9sidait jusqu\u2019alors celui de la justice. Malgr\u00e9 l\u2019effet de surprise et la rapidit\u00e9 d\u2019ex\u00e9cution, ce flot d\u2019annonces masquait mal, en fin de journ\u00e9e, la crise que traversent les travaillistes au pouvoir, un an seulement apr\u00e8s leur triomphe aux \u00e9lections l\u00e9gislatives de 2024.<\/p>\n<p class=\"article__paragraph  \">Angela Rayner, 45\u00a0ans, a \u00e9t\u00e9 contrainte de partir apr\u00e8s que le responsable de l\u2019\u00e9thique au sein de l\u2019ex\u00e9cutif, Sir Laurie Magnus, a conclu vendredi qu\u2019elle avait viol\u00e9 le code minist\u00e9riel auquel doivent se tenir les membres du cabinet. Elle a admis n\u2019avoir pas pay\u00e9 autant d\u2019imp\u00f4ts qu\u2019elle aurait d\u00fb, lors de l\u2019achat r\u00e9cent d\u2019un appartement \u00e0 Hove, une station baln\u00e9aire du Sussex. La d\u00e9put\u00e9e d\u2019Ashton-under-Lyne (pr\u00e8s de Manchester) \u00e9tait la \u00ab\u00a0darling\u00a0\u00bb de la gauche du Labour, aussi spontan\u00e9e et charismatique que Keir Starmer para\u00eet technocratique. En\u00a02020, celle qui a gravi tous les \u00e9chelons syndicaux avant d\u2019entrer en politique, a \u00e9t\u00e9 \u00e9lue num\u00e9ro\u00a0deux\u00a0du Labour, au moment o\u00f9 Keir Starmer prenait la t\u00eate du parti.<\/p>\n<p class=\"reading-mode-only \"><strong>Il vous reste 76.26% de cet article \u00e0 lire. La suite est r\u00e9serv\u00e9e aux abonn\u00e9s.<\/strong><\/p>\n","protected":false},"excerpt":{"rendered":"Le premier ministre britannique, Keir Starmer, au Parlement, \u00e0 Londres, le 3\u00a0septembre\u00a02025. HOUSE OF COMMONS\/AFP La journ\u00e9e de&hellip;\n","protected":false},"author":2,"featured_media":370595,"comment_status":"","ping_status":"","sticky":false,"template":"","format":"standard","meta":{"footnotes":""},"categories":[1588],"tags":[11,1777,674,12,473,1853,1851,1850,1852],"class_list":{"0":"post-370594","1":"post","2":"type-post","3":"status-publish","4":"format-standard","5":"has-post-thumbnail","7":"category-royaume-uni","8":"tag-actualites","9":"tag-eu","10":"tag-europe","11":"tag-news","12":"tag-royaume-uni","13":"tag-royaume-uni-de-grande-bretagne-et-dirlande-du-nord","14":"tag-uk","15":"tag-united-kingdom","16":"tag-united-kingdom-of-great-britain-and-northern-ireland"},"share_on_mastodon":{"url":"","error":""},"_links":{"self":[{"href":"https:\/\/www.europesays.com\/fr\/wp-json\/wp\/v2\/posts\/370594","targetHints":{"allow":["GET"]}}],"collection":[{"href":"https:\/\/www.europesays.com\/fr\/wp-json\/wp\/v2\/posts"}],"about":[{"href":"https:\/\/www.europesays.com\/fr\/wp-json\/wp\/v2\/types\/post"}],"author":[{"embeddable":true,"href":"https:\/\/www.europesays.com\/fr\/wp-json\/wp\/v2\/users\/2"}],"replies":[{"embeddable":true,"href":"https:\/\/www.europesays.com\/fr\/wp-json\/wp\/v2\/comments?post=370594"}],"version-history":[{"count":0,"href":"https:\/\/www.europesays.com\/fr\/wp-json\/wp\/v2\/posts\/370594\/revisions"}],"wp:featuredmedia":[{"embeddable":true,"href":"https:\/\/www.europesays.com\/fr\/wp-json\/wp\/v2\/media\/370595"}],"wp:attachment":[{"href":"https:\/\/www.europesays.com\/fr\/wp-json\/wp\/v2\/media?parent=370594"}],"wp:term":[{"taxonomy":"category","embeddable":true,"href":"https:\/\/www.europesays.com\/fr\/wp-json\/wp\/v2\/categories?post=370594"},{"taxonomy":"post_tag","embeddable":true,"href":"https:\/\/www.europesays.com\/fr\/wp-json\/wp\/v2\/tags?post=370594"}],"curies":[{"name":"wp","href":"https:\/\/api.w.org\/{rel}","templated":true}]}}