{"id":370604,"date":"2025-09-06T12:26:12","date_gmt":"2025-09-06T12:26:12","guid":{"rendered":"https:\/\/www.europesays.com\/fr\/370604\/"},"modified":"2025-09-06T12:26:12","modified_gmt":"2025-09-06T12:26:12","slug":"ce-rendez-vous-netait-pas-un-cafe-entre-amis","status":"publish","type":"post","link":"https:\/\/www.europesays.com\/fr\/370604\/","title":{"rendered":"\u00ab\u00a0Ce rendez-vous n\u2019\u00e9tait pas un caf\u00e9 entre amis\u00a0\u00bb"},"content":{"rendered":"<p>                         <img loading=\"lazy\" decoding=\"async\" src=\"https:\/\/www.europesays.com\/fr\/wp-content\/uploads\/2025\/09\/a2bed68_upload-1-ytcooy37c8xi-sipa-01156230-000009.jpg\" alt=\"Le journaliste Thomas Legrand, \u00e0 Paris, le 2\u00a0mai 2024.\"   width=\"664\" height=\"443\"\/>    Le journaliste Thomas Legrand, \u00e0 Paris, le 2\u00a0mai 2024.  CHANG MARTIN\/SIPA                 <\/p>\n<p class=\"article__paragraph  \">C\u2019est le genre de temp\u00eate que CNews, Europe\u00a01, et la constellation de m\u00e9dias d\u2019extr\u00eame droite avec lesquels ces antennes collaborent, d\u00e9clenchent pour s\u2019en d\u00e9lecter ad nauseam. Dans l\u2019\u0153il du cyclone de ce week-end, on trouve Thomas Legrand et Patrick Cohen, chroniqueur et \u00e9ditorialiste \u00e0 France Inter et cibles r\u00e9currentes de la \u00ab\u00a0bollor\u00e9sph\u00e8re\u00a0\u00bb.<\/p>\n<p class=\"article__paragraph  \">Le vent s\u2019est lev\u00e9, vendredi 5\u00a0septembre en fin de journ\u00e9e, quand le m\u00e9dia d\u2019extr\u00eame droite L\u2019Incorrect a publi\u00e9 des enregistrements vid\u00e9o non autoris\u00e9s d\u2019une conversation qui s\u2019est tenue, le 7\u00a0juillet, entre les deux journalistes et deux cadres du Parti socialiste (PS). On y voit M.\u00a0Legrand, \u00e9galement \u00e9ditorialiste \u00e0 Lib\u00e9ration, et M.\u00a0Cohen, qui officie aussi chaque soir dans l\u2019\u00e9mission \u00ab\u00a0C \u00e0 vous\u00a0\u00bb sur France\u00a05, attabl\u00e9s dans un caf\u00e9 parisien avec Luc Broussy, pr\u00e9sident du conseil national du PS, et l\u2019eurod\u00e9put\u00e9 socialiste Pierre Jouvet. Selon l\u2019un des extraits diffus\u00e9s, M.\u00a0Legrand d\u00e9clare notamment\u00a0: \u00ab\u00a0Nous, on fait ce qu\u2019il faut pour [Rachida] Dati, Patrick [Cohen] et moi.\u00a0\u00bb<\/p>\n<p class=\"article__paragraph  \">Pour L\u2019Incorrect, le sens de cette phrase, coup\u00e9e abruptement et d\u00e9pourvue de contexte, ne fait pas de doute. \u00ab\u00a0La strat\u00e9gie est on ne peut plus claire, \u00e9crit le m\u00e9dia qui pr\u00f4ne l\u2019union des droites. Utiliser les m\u00e9dias publics, financ\u00e9s avec l\u2019argent du contribuable, pour descendre Dati\u00a0\u00bb, et g\u00eaner la ministre de la culture (Les R\u00e9publicains) dans sa candidature \u00e0 la Mairie de Paris. D\u00e8s 9\u00a0heures, samedi, l\u2019alter ego de Pascal Praud le week-end sur CNews, Eliot Deval, d\u00e9non\u00e7ait \u00ab\u00a0une r\u00e9union de travail entre strat\u00e8ges socialistes\u00a0\u00bb. Taxant ses confr\u00e8res de \u00ab\u00a0chevaliers blancs de la maison rouge\u00a0\u00bb, il lan\u00e7ait ainsi l\u2019un des premiers d\u00e9bats du jour sur le sujet sur les antennes conservatrices.<\/p>\n<p class=\"reading-mode-only \"><strong>Il vous reste 68.05% de cet article \u00e0 lire. La suite est r\u00e9serv\u00e9e aux abonn\u00e9s.<\/strong><\/p>\n","protected":false},"excerpt":{"rendered":"Le journaliste Thomas Legrand, \u00e0 Paris, le 2\u00a0mai 2024. CHANG MARTIN\/SIPA C\u2019est le genre de temp\u00eate que CNews,&hellip;\n","protected":false},"author":2,"featured_media":370605,"comment_status":"","ping_status":"","sticky":false,"template":"","format":"standard","meta":{"footnotes":""},"categories":[2],"tags":[11,1011,27,12,25],"class_list":{"0":"post-370604","1":"post","2":"type-post","3":"status-publish","4":"format-standard","5":"has-post-thumbnail","7":"category-actualites","8":"tag-actualites","9":"tag-fr","10":"tag-france","11":"tag-news","12":"tag-republique-francaise"},"share_on_mastodon":{"url":"https:\/\/pubeurope.com\/@fr\/115157348438109462","error":""},"_links":{"self":[{"href":"https:\/\/www.europesays.com\/fr\/wp-json\/wp\/v2\/posts\/370604","targetHints":{"allow":["GET"]}}],"collection":[{"href":"https:\/\/www.europesays.com\/fr\/wp-json\/wp\/v2\/posts"}],"about":[{"href":"https:\/\/www.europesays.com\/fr\/wp-json\/wp\/v2\/types\/post"}],"author":[{"embeddable":true,"href":"https:\/\/www.europesays.com\/fr\/wp-json\/wp\/v2\/users\/2"}],"replies":[{"embeddable":true,"href":"https:\/\/www.europesays.com\/fr\/wp-json\/wp\/v2\/comments?post=370604"}],"version-history":[{"count":0,"href":"https:\/\/www.europesays.com\/fr\/wp-json\/wp\/v2\/posts\/370604\/revisions"}],"wp:featuredmedia":[{"embeddable":true,"href":"https:\/\/www.europesays.com\/fr\/wp-json\/wp\/v2\/media\/370605"}],"wp:attachment":[{"href":"https:\/\/www.europesays.com\/fr\/wp-json\/wp\/v2\/media?parent=370604"}],"wp:term":[{"taxonomy":"category","embeddable":true,"href":"https:\/\/www.europesays.com\/fr\/wp-json\/wp\/v2\/categories?post=370604"},{"taxonomy":"post_tag","embeddable":true,"href":"https:\/\/www.europesays.com\/fr\/wp-json\/wp\/v2\/tags?post=370604"}],"curies":[{"name":"wp","href":"https:\/\/api.w.org\/{rel}","templated":true}]}}