{"id":37061,"date":"2025-04-19T18:04:43","date_gmt":"2025-04-19T18:04:43","guid":{"rendered":"https:\/\/www.europesays.com\/fr\/37061\/"},"modified":"2025-04-19T18:04:43","modified_gmt":"2025-04-19T18:04:43","slug":"la-mairie-de-nantes-a-lecoute-des-commercants","status":"publish","type":"post","link":"https:\/\/www.europesays.com\/fr\/37061\/","title":{"rendered":"La mairie de Nantes \u00e0 l\u2019\u00e9coute des commer\u00e7ants"},"content":{"rendered":"<p>Quand <a href=\"https:\/\/nantes.maville.com\/actu\/actudet_-dizaines-de-casses-au-scooter-belier-dans-l-agglomeration-de-nantes-quatre-suspects-interpelles-_52716-6666195_actu.Htm\" target=\"_self\" rel=\"noopener\">la s\u00e9rie de casses aux scooters b\u00e9lier a secou\u00e9 le centre-ville de Nantes en novembre dernier<\/a>, Bassem Asseh, premier adjoint \u00e0 la mairie de Nantes, avait rencontr\u00e9 des commer\u00e7ants touch\u00e9s. \u00a0Il faut garder \u00e0 l\u2019esprit que \u00e7a n\u2019arrive pas tous les jours\u00a0, veut-il d\u2019abord rappeler. \u00a0Mais quand \u00e7a arrive, on travaille avec les commer\u00e7ants pour trouver des solutions.\u00a0<\/p>\n<p>Cela peut passer par l\u2019installation de bancs, <a href=\"https:\/\/nantes.maville.com\/actu\/actudet_-ce-pharmacien-a-subi-quatre-casses-en-quatre-ans-jamais-je-n-aurais-imagine-ca-_8-6771086_actu.Htm\" target=\"_self\" rel=\"noopener\">comme devant la pharmacie du Vieux Doulon<\/a>, de bacs de fleurs ou d\u2019arceaux pour v\u00e9lo devant les vitrines, de cam\u00e9ras. \u00a0Ce n\u2019est pas forc\u00e9ment pour emp\u00eacher les scooters b\u00e9lier. De mani\u00e8re g\u00e9n\u00e9rale, on am\u00e9nage l\u2019espace public avec le regard des habitants, des commer\u00e7ants, mais aussi de la police nationale.\u00a0<\/p>\n<p>Par ailleurs, Nantes m\u00e9tropole pr\u00e9pare un document \u00e9crit avec les forces de l\u2019ordre \u00a0pour informer les commer\u00e7ants sur les bons r\u00e9flexes \u00e0 avoir en cas d\u2019incivilit\u00e9 et d\u2019ins\u00e9curit\u00e9\u00a0.<\/p>\n<p>\u00a0<\/p>\n","protected":false},"excerpt":{"rendered":"Quand la s\u00e9rie de casses aux scooters b\u00e9lier a secou\u00e9 le centre-ville de Nantes en novembre dernier, Bassem&hellip;\n","protected":false},"author":2,"featured_media":37062,"comment_status":"","ping_status":"","sticky":false,"template":"","format":"standard","meta":{"footnotes":""},"categories":[2818],"tags":[1111,11,7230,7734,1777,674,1011,27,5415,766,12,2636,25],"class_list":{"0":"post-37061","1":"post","2":"type-post","3":"status-publish","4":"format-standard","5":"has-post-thumbnail","7":"category-nantes","8":"tag-actu","9":"tag-actualites","10":"tag-commercants","11":"tag-ecoute","12":"tag-eu","13":"tag-europe","14":"tag-fr","15":"tag-france","16":"tag-mairie","17":"tag-nantes","18":"tag-news","19":"tag-pays-de-la-loire","20":"tag-republique-francaise"},"share_on_mastodon":{"url":"https:\/\/pubeurope.com\/@fr\/114365953816913339","error":""},"_links":{"self":[{"href":"https:\/\/www.europesays.com\/fr\/wp-json\/wp\/v2\/posts\/37061","targetHints":{"allow":["GET"]}}],"collection":[{"href":"https:\/\/www.europesays.com\/fr\/wp-json\/wp\/v2\/posts"}],"about":[{"href":"https:\/\/www.europesays.com\/fr\/wp-json\/wp\/v2\/types\/post"}],"author":[{"embeddable":true,"href":"https:\/\/www.europesays.com\/fr\/wp-json\/wp\/v2\/users\/2"}],"replies":[{"embeddable":true,"href":"https:\/\/www.europesays.com\/fr\/wp-json\/wp\/v2\/comments?post=37061"}],"version-history":[{"count":0,"href":"https:\/\/www.europesays.com\/fr\/wp-json\/wp\/v2\/posts\/37061\/revisions"}],"wp:featuredmedia":[{"embeddable":true,"href":"https:\/\/www.europesays.com\/fr\/wp-json\/wp\/v2\/media\/37062"}],"wp:attachment":[{"href":"https:\/\/www.europesays.com\/fr\/wp-json\/wp\/v2\/media?parent=37061"}],"wp:term":[{"taxonomy":"category","embeddable":true,"href":"https:\/\/www.europesays.com\/fr\/wp-json\/wp\/v2\/categories?post=37061"},{"taxonomy":"post_tag","embeddable":true,"href":"https:\/\/www.europesays.com\/fr\/wp-json\/wp\/v2\/tags?post=37061"}],"curies":[{"name":"wp","href":"https:\/\/api.w.org\/{rel}","templated":true}]}}