{"id":370610,"date":"2025-09-06T12:30:21","date_gmt":"2025-09-06T12:30:21","guid":{"rendered":"https:\/\/www.europesays.com\/fr\/370610\/"},"modified":"2025-09-06T12:30:21","modified_gmt":"2025-09-06T12:30:21","slug":"en-direct-stade-francais-montauban-les-parisiens-imposent-leur-loi-face-au-promu","status":"publish","type":"post","link":"https:\/\/www.europesays.com\/fr\/370610\/","title":{"rendered":"EN DIRECT &#8211; Stade Fran\u00e7ais-Montauban : les Parisiens imposent leur loi face au promu"},"content":{"rendered":"<p>En ouverture de la saison de Top 14, le Stade Fran\u00e7ais accueille les promus de Montauban ce samedi, \u00e0 13h.<\/p>\n<p>\n        14:29\n            <\/p>\n<p class=\"fig-live-post__title\" role=\"heading\" aria-level=\"3\">Les parisiens enfoncent le clou !!!! 42-12 (57\u2019)<\/p>\n<p class=\"fig-paragraph\">La d\u00e9fense montalbanaise plie face aux multiples assauts des parisiens. Suite \u00e0 une p\u00e9nalit\u00e9 jou\u00e9e \u00e0 5 m\u00e8tres de l\u2019en-but parisien, Lucas Peyresblanques vient inscrire le 6e essai parisien. Carbonel ne tremble pas pour son 6e coup de pied du jour.<\/p>\n<p>\n        14:24\n            <\/p>\n<p class=\"fig-live-post__title\" role=\"heading\" aria-level=\"3\">S\u00e9rie de p\u00e9nalit\u00e9 pour les Montalbanais : 35-12 (54\u2019)<\/p>\n<p class=\"fig-paragraph\">Les promus font preuve trop souvent d\u2019exc\u00e8s d\u2019engagement. \u00c0 l\u2019image de Wilknis qui marche sur la main d\u2019un parisien.<\/p>\n<p>\n        14:20\n            <\/p>\n<p class=\"fig-live-post__title\" role=\"heading\" aria-level=\"3\">3 changements pour le Stade : 35-12 (52\u2019)<\/p>\n<p class=\"fig-paragraph\">Toute l\u2019arri\u00e8re-garde parisienne est chang\u00e9e. Moses Alo EMile c\u00e8de sa place \u00e0 Paiva, Nicotera \u00e0 Peyresblanques et Paul Aloemile \u00e0 Melikidze<\/p>\n<p>\n        14:17\n            <\/p>\n<p class=\"fig-live-post__title\" role=\"heading\" aria-level=\"3\">Le Stade Fran\u00e7ais accul\u00e9 : 35-12 (49\u2019)<\/p>\n<p class=\"fig-paragraph\">Gr\u00e2ce \u00e0 un beau jeu au pied, les promus manquent d\u2019aplatir. Mais l\u2019arbitre revient \u00e0 un hors-jeu. Touche tr\u00e8s int\u00e9ressante \u00e0 quelques m\u00e8tres de l\u2019en-but parisien.<\/p>\n<p>\n        14:15\n            <\/p>\n<p class=\"fig-live-post__title\" role=\"heading\" aria-level=\"3\">Les promus en inf\u00e9riorit\u00e9 ! 35-12 (47\u2019)<\/p>\n<p class=\"fig-paragraph\">Tuculet \u00e9cope d\u2019un carton jaune. L\u2019arri\u00e8re montalbanais est sanctionn\u00e9 pour un jeu d\u00e9loyal.<\/p>\n<p>\n        14:14\n            <\/p>\n<p class=\"fig-live-post__title\" role=\"heading\" aria-level=\"3\">Les Montalbanais perdent pied : \u00a035-12 (45\u2019)<\/p>\n<p class=\"fig-paragraph\">Apr\u00e8s ce coup sur la t\u00eate \u00e0 la sortie des vestiaires, les promus peinent \u00e0 garder le ballon.<\/p>\n<p>\n        14:09\n            <\/p>\n<p class=\"fig-live-post__title\" role=\"heading\" aria-level=\"3\">Encore un essai des Parisiens !!!!! 35-12 (42\u2019)<\/p>\n<p class=\"fig-paragraph\">\u00c0 peine sortie des vestiaires, la nouvelle recrue Kerr-Barlow inscrit le cinqui\u00e8me essai parisien. Parfaitement servi par Vili, le N\u00e9o-z\u00e9landais marque son premier essai sous ses nouvelles couleurs. Carbonel transforme \u00e0 30 m\u00e8tres des perches .<\/p>\n<p>\n        14:07\n            <\/p>\n<p class=\"fig-live-post__title\" role=\"heading\" aria-level=\"3\">C\u2019est reparti \u00e0 Paris ! 28-12 (40\u2019)<\/p>\n<p class=\"fig-paragraph\">Louis Carbonel lance le deuxi\u00e8me acte.<\/p>\n<p>\n        13:57\n            <\/p>\n<p class=\"fig-live-post__title\" role=\"heading\" aria-level=\"3\">Le quatri\u00e8me essai parisien en vid\u00e9o<\/p>\n<p>\n        13:52\n            <\/p>\n<p class=\"fig-live-post__title\" role=\"heading\" aria-level=\"3\">Mi-temps \u00e0 Jean Bouin ! 28-12<\/p>\n<p class=\"fig-paragraph\">Quel premier acte pour ouvrir cette saison. 6 essais inscrits et beaucoup d\u2019intensit\u00e9 des deux c\u00f4t\u00e9s. Les promus ne l\u00e2chent pas et montrent de belles choses.<\/p>\n<p>\n        13:50\n            <\/p>\n<p class=\"fig-live-post__title\" role=\"heading\" aria-level=\"3\">Le Stade Fran\u00e7ais prend le large : 28-12 (39\u2019)<\/p>\n<p class=\"fig-paragraph\">L\u2019homme de tous les bons coups\u00a0: Louis Carbonel en feu cette apr\u00e8s-midi inscrit le quatri\u00e8me essai parisien. Bien servi par Yoan Tanga qui lui aussi r\u00e9alise un tr\u00e8s bon match. L\u2019ouvreur parisien ne tremble pas face aux perches.<\/p>\n<p>\n        13:47\n            <\/p>\n<p class=\"fig-live-post__title\" role=\"heading\" aria-level=\"3\">Troisi\u00e8me essai parisien !!!!!! 21-12 (37\u2019)<\/p>\n<p class=\"fig-paragraph\">Apr\u00e8s une grosse dizaine de minute de pression, les Parisiens inscrivent logiquement un essai par l\u2019interm\u00e9diaire de Yoan Tanga. Louis Carbonel ne tremble pas et inscrit la transformation<\/p>\n<p>\n        13:43\n            <\/p>\n<p class=\"fig-live-post__title\" role=\"heading\" aria-level=\"3\">Essai refus\u00e9 pour les parisiens : 14-12 (33\u2019)<\/p>\n<p class=\"fig-paragraph\">Monsieur Urruzmendi refuse l\u2019essai apr\u00e8s un jeu d\u00e9loyal et un d\u00e9bayage \u00e0 la t\u00eate de Paul Alo-Emile. P\u00e9nalit\u00e9 pour les promus.<\/p>\n<p>\n        13:38\n            <\/p>\n<p class=\"fig-live-post__title\" role=\"heading\" aria-level=\"3\">Deuxi\u00e8me essai Montalbanais !!!! 14-12 (30\u2019)<\/p>\n<p class=\"fig-paragraph\">Apr\u00e8s une grosse pression et un contre-ruck. Ringuet a le geste juste pour inscrire le quatri\u00e8me essai de la rencontre. Bosviel r\u00e9ussit sa transformation.<\/p>\n<p>\n        13:35\n            <\/p>\n<p class=\"fig-live-post__title\" role=\"heading\" aria-level=\"3\">Des nouvelles t\u00eates en Top 14 : 14-5 (28\u2019)<\/p>\n<p class=\"fig-paragraph\">Apr\u00e8s 262 matchs en pro D2, Jerome Bosviel d\u00e9couvre le Top14 \u00e0 35 ans. II remplace Fortunel, touch\u00e9 \u00e0 la t\u00eate.<\/p>\n<p>\n        13:32\n            <\/p>\n<p class=\"fig-live-post__title\" role=\"heading\" aria-level=\"3\">Les Parisiens en inf\u00e9riorit\u00e9 num\u00e9rique : 14-5 (26\u2019)<\/p>\n<p class=\"fig-paragraph\">Apr\u00e8s un placage tr\u00e8s haut sur Fortunel, Romain Briatte \u00e9cope d\u2019un carton jaune. Pendant 10 minutes les Stadistes joueront \u00e0 14. C\u2019est le premier carton jaune de cette saison.<\/p>\n<p>\n        13:28\n            <\/p>\n<p class=\"fig-live-post__title\" role=\"heading\" aria-level=\"3\">Les Occitans d\u00e9couvrent l\u2019intensit\u00e9 de l\u2019\u00e9lite : 14-5 (24\u2019)<\/p>\n<p class=\"fig-paragraph\">Nouvelle chandelle de l\u2019USM. Le ballon sort des limites du jeu. Les joueurs peuvent souffler.<\/p>\n<p>\n        13:25\n            <\/p>\n<p class=\"fig-live-post__title\" role=\"heading\" aria-level=\"3\">Premier changement pour les promus : 14-5 (21\u2019)<\/p>\n<p class=\"fig-paragraph\">Seyrolle rentre sur le terrain \u00e0 la place de Bu\u00e9. Protocole commotion oblige.<\/p>\n<p>\n        13:22\n            <\/p>\n<p class=\"fig-live-post__title\" role=\"heading\" aria-level=\"3\">Bataille dans l\u2019entre-jeu: 14-5 (18\u2019)<\/p>\n<p class=\"fig-paragraph\">Les hommes de S\u00e9bastien Tillous-Borde ont r\u00e9ussi \u00e0 sortir de la pression des locaux. Ils tentent de grappiller du terrain, sans succ\u00e8s pour l\u2019instant.<\/p>\n<p>\n        13:19\n            <\/p>\n<p class=\"fig-live-post__title\" role=\"heading\" aria-level=\"3\">Les Parisiens de nouveau \u00e0 l\u2019attaque : 14-5 (16\u2019)<\/p>\n<p class=\"fig-paragraph\">Apr\u00e8s un hors-jeu des Montalbanais, les Parisiens trouvent la touche \u00e0 quelques m\u00e8tres de l\u2019en-but.<\/p>\n<p>\n        13:17\n            <\/p>\n<p class=\"fig-live-post__title\" role=\"heading\" aria-level=\"3\">Premier changement pour les Stadistes 14-5 (14\u2019)<\/p>\n<p class=\"fig-paragraph\">Suite \u00e0 une blessure, Joe Jonas c\u00e8de sa place \u00e0 Zack Henry . M\u00eal\u00e9e \u00e0 suivre pour le Stade Fran\u00e7ais.<\/p>\n<p>\n        13:13\n            <\/p>\n<p class=\"fig-live-post__title\" role=\"heading\" aria-level=\"3\">Les promus r\u00e9pondent dans la foul\u00e9e aux parisiens !!!! 14-5 (10\u2019)<\/p>\n<p class=\"fig-paragraph\">Sans complexe, Vici vient r\u00e9duire l\u2019\u00e9cart, apr\u00e8s un 2 contre 1 bien n\u00e9goci\u00e9. Fortunel loupe les perches.<\/p>\n<p>\n        13:10\n            <\/p>\n<p class=\"fig-live-post__title\" role=\"heading\" aria-level=\"3\">Les Parisiens doublent la mise !! 14-0 (8\u2019)<\/p>\n<p class=\"fig-paragraph\">Baptiste Pesenti magnifiquement trouv\u00e9 encore une fois par Louis Carbonel. Louis Carbonel transforme encore une fois.<\/p>\n<p>\n        13:07\n            <\/p>\n<p class=\"fig-live-post__title\" role=\"heading\" aria-level=\"3\">L\u2019essai du Stade Fran\u00e7ais !!!!!! 7-0 (6\u2019)<\/p>\n<p class=\"fig-paragraph\">Carbonel attaque parfaitement la ligne et lance Joe Jonas dans l\u2019intervalle, il n\u2019a plus qu\u2019\u00e0 aplatir. Carbonel transforme \u00e0 15 m\u00e8tres des perches.<\/p>\n<p>\n        13:04\n            <\/p>\n<p class=\"fig-live-post__title\" role=\"heading\" aria-level=\"3\">1\u00e8re p\u00e9nalit\u00e9 pour les Stadistes : 0-0 (4\u2019)<\/p>\n<p class=\"fig-paragraph\">C\u2019est jou\u00e9 rapidement. Les franciliens entrent dans le camp des promus pour la premi\u00e8re fois du match.<\/p>\n<p>\n        13:03\n            <\/p>\n<p class=\"fig-live-post__title\" role=\"heading\" aria-level=\"3\">1\u00e8re sequence de jeu pour les promus : 0-0 (2\u2019)<\/p>\n<p class=\"fig-paragraph\">Les Montalbanais gardent le ballon et commencent \u00e0 s\u2019installer dans le camp parisien.<\/p>\n<p>\n        13:01\n            <\/p>\n<p class=\"fig-live-post__title\" role=\"heading\" aria-level=\"3\">C\u2019est parti \u00e0 Jean Bouin !<\/p>\n<p class=\"fig-paragraph\">Fortunel donne le coup d\u2019envoi pour les Montalbanais et lance cette saison de Top 14.<\/p>\n<p>\n        13:00\n            <\/p>\n<p class=\"fig-live-post__title\" role=\"heading\" aria-level=\"3\">Les joueurs entrent sur la pelouse !<\/p>\n<p class=\"fig-paragraph\">Sous l\u2019acclamation du public de Jean Bouin, les 22 acteurs sont pr\u00eats \u00e0 d\u00e9marrer.<\/p>\n<p>\n        12:37\n            <\/p>\n<p class=\"fig-live-post__title\" role=\"heading\" aria-level=\"3\">Evan Urruzmendi au sifflet du match<\/p>\n<p class=\"fig-paragraph\">Le Basque sera assist\u00e9 par St\u00e9phane Boyer et Julien Caulier. Mourad Zitouni sera \u00e0 la vid\u00e9o<\/p>\n<p>\n        12:34\n            <\/p>\n<p class=\"fig-live-post__title\" role=\"heading\" aria-level=\"3\">La compo du Stade<\/p>\n<p class=\"fig-paragraph\">Les Parisiens devront composer sans l\u2019international fran\u00e7ais L\u00e9o Barr\u00e9. Les recrues Tani Vili (Vannes) et Kerr-Barlow (La Rochelle) align\u00e9s cet apr\u00e8s-midi.<\/p>\n<p>\n        12:29\n            <\/p>\n<p class=\"fig-live-post__title\" role=\"heading\" aria-level=\"3\">La compo du promu<\/p>\n<p class=\"fig-paragraph\">Ma\u2019afu la nouvelle recrue en provenance de Biarritz est bien titulaire pour ce premier match de la saison.<\/p>\n<p>\n        12:22\n            <\/p>\n<p class=\"fig-live-post__title\" role=\"heading\" aria-level=\"3\">\u00abOn est parti avec le m\u00eame groupe\u00bb assure S\u00e9bastien Tillous-Borde<\/p>\n<p class=\"fig-paragraph\">Avec le plus petit budget du Top 14 (13.8M\u20ac contre une moyenne de 34M\u20ac), la direction occitane a choisi de tr\u00e8s peu modifier l\u2019effectif d\u00e9j\u00e0 en place.<\/p>\n<p>\n        12:17\n            <\/p>\n<p class=\"fig-live-post__title\" role=\"heading\" aria-level=\"3\">Le Stade Fran\u00e7ais a \u00abenvie de faire taire les pronostics\u00bb<\/p>\n<p class=\"fig-paragraph\">Apr\u00e8s une saison rat\u00e9e, les franciliens ont \u00e0 c\u0153ur de faire mieux cette ann\u00e9e. 12e du dernier exercice, les hommes de Paul Gustard commencent la saison avec \u00abhumilit\u00e9 et envie\u00bb estime le demi-d\u2019ouverture Louis Carbonel.<\/p>\n<p>\n        12:12\n            <\/p>\n<p class=\"fig-live-post__title\" role=\"heading\" aria-level=\"3\">Montauban fait son retour en Top 14<\/p>\n<p class=\"fig-paragraph\">6e de la saison r\u00e9guli\u00e8re de pro D2, les Montalbanais ont d\u00e9jou\u00e9 tous les pronostics en battant les trois premiers du championnat (Grenoble, Brive et Colomiers) lors des play-offs. Il n\u2019avait plus jou\u00e9 un match dans l\u2019\u00e9lite depuis 2010.<\/p>\n<p>\n        12:08\n            <\/p>\n<p class=\"fig-live-post__title\" role=\"heading\" aria-level=\"3\">Bonjour \u00e0 tous<\/p>\n<p class=\"fig-paragraph\">Bienvenue sur ce live comment\u00e9 du match d\u2019ouverture du Top 14 opposant le Stade Fran\u00e7ais au promu Montauban.<\/p>\n<p>                Les publications appara\u00eetront ici<\/p>\n<p>        Fermer<\/p>\n","protected":false},"excerpt":{"rendered":"En ouverture de la saison de Top 14, le Stade Fran\u00e7ais accueille les promus de Montauban ce samedi,&hellip;\n","protected":false},"author":2,"featured_media":370611,"comment_status":"","ping_status":"","sticky":false,"template":"","format":"standard","meta":{"footnotes":""},"categories":[1416],"tags":[525,4590,1981,2313,814,1011,27,955,19054,4589,2311,1980,479,1468,2259,60,2558,478,2310,2312],"class_list":{"0":"post-370610","1":"post","2":"type-post","3":"status-publish","4":"format-standard","5":"has-post-thumbnail","7":"category-rugby","8":"tag-calendrier","9":"tag-championnat-france","10":"tag-classement","11":"tag-clermont","12":"tag-direct","13":"tag-fr","14":"tag-france","15":"tag-match","16":"tag-montauban","17":"tag-phase-finale","18":"tag-racing","19":"tag-resultats","20":"tag-rugby","21":"tag-rugby-football","22":"tag-score","23":"tag-sports","24":"tag-stade-francais","25":"tag-top-14","26":"tag-toulon","27":"tag-toulouse"},"share_on_mastodon":{"url":"https:\/\/pubeurope.com\/@fr\/115157363816338412","error":""},"_links":{"self":[{"href":"https:\/\/www.europesays.com\/fr\/wp-json\/wp\/v2\/posts\/370610","targetHints":{"allow":["GET"]}}],"collection":[{"href":"https:\/\/www.europesays.com\/fr\/wp-json\/wp\/v2\/posts"}],"about":[{"href":"https:\/\/www.europesays.com\/fr\/wp-json\/wp\/v2\/types\/post"}],"author":[{"embeddable":true,"href":"https:\/\/www.europesays.com\/fr\/wp-json\/wp\/v2\/users\/2"}],"replies":[{"embeddable":true,"href":"https:\/\/www.europesays.com\/fr\/wp-json\/wp\/v2\/comments?post=370610"}],"version-history":[{"count":0,"href":"https:\/\/www.europesays.com\/fr\/wp-json\/wp\/v2\/posts\/370610\/revisions"}],"wp:featuredmedia":[{"embeddable":true,"href":"https:\/\/www.europesays.com\/fr\/wp-json\/wp\/v2\/media\/370611"}],"wp:attachment":[{"href":"https:\/\/www.europesays.com\/fr\/wp-json\/wp\/v2\/media?parent=370610"}],"wp:term":[{"taxonomy":"category","embeddable":true,"href":"https:\/\/www.europesays.com\/fr\/wp-json\/wp\/v2\/categories?post=370610"},{"taxonomy":"post_tag","embeddable":true,"href":"https:\/\/www.europesays.com\/fr\/wp-json\/wp\/v2\/tags?post=370610"}],"curies":[{"name":"wp","href":"https:\/\/api.w.org\/{rel}","templated":true}]}}