{"id":370614,"date":"2025-09-06T12:33:10","date_gmt":"2025-09-06T12:33:10","guid":{"rendered":"https:\/\/www.europesays.com\/fr\/370614\/"},"modified":"2025-09-06T12:33:10","modified_gmt":"2025-09-06T12:33:10","slug":"jorge-martin-utilise-le-casque-de-design-fan-au-gp-de-jakarta","status":"publish","type":"post","link":"https:\/\/www.europesays.com\/fr\/370614\/","title":{"rendered":"Jorge Martin utilise le casque de design fan au GP de Jakarta"},"content":{"rendered":"<p>ARTA &#8211; Le coureur d\u2019Aprilia Racing Jorge Martin appara\u00eetra avec un casque sp\u00e9cial au Grand Prix d\u2019Antalya, ce week-end, apr\u00e8s avoir choisi directement la conception des r\u00e9alisations des fans lors du concours international MotoGP 25<\/p>\n<p>, sur le site officiel du MotoGP samedi, le concours a suivi de milliers de participants de plus de 50 pays. Martin a ensuite \u00e9tabli le design gagnant d\u2019un passionn\u00e9 br\u00e9silien qui m\u00e9lange la couleur du drapeau espagnol avec des \u00e9l\u00e9ments graphiques de circuit \u00e9lectronique et des yeux embl\u00e9matiques qui sont caract\u00e9ristiques.<\/p>\n<p>\u00ab C\u2019est incroyable de porter un casque fabriqu\u00e9 par des fans \u00bb, a d\u00e9clar\u00e9 Martin dans un communiqu\u00e9.<\/p>\n<p>il a r\u00e9v\u00e9l\u00e9 qu\u2019il \u00e9tait tr\u00e8s difficile de choisir parmi tous les designs existants. Mais finalement, il a choisi les graphiques et les couleurs qui repr\u00e9sentent vraiment la personnalit\u00e9 lorsqu\u2019il est pav\u00e9.<\/p>\n<p>ronyme. \u201cJe veux remercier tous ceux qui ont pris le temps de soumettre leurs id\u00e9es. Je suis heureux de faire partie de cela et d\u2019amener les fans qui regardent de la maison plus pr\u00e8s de la course, en utilisant l\u2019un de leurs conceptions. \u201c<\/p>\n<p>ero, en plus d\u2019\u00eatre utilis\u00e9 lors de la course sur le circuit de Barcelone-Catalunya, le casque sp\u00e9cial est \u00e9galement disponible comme \u00e9l\u00e9ment dans le jeu MotoGP 25.<\/p>\n<p>Martin est entr\u00e9 dans le 15e tour de cette saison, le Monsieur Energy Grand Prix, avec la quatri\u00e8me capitale finale \u00e0 Balaton Park dans la s\u00e9rie pr\u00e9c\u00e9dente.<\/p>\n<p>The English, Chinese, Japanese, Arabic, and French versions are automatically generated by the AI. So there may still be inaccuracies in translating, please always see Indonesian as our main language.<br \/>\n                                    (system supported by DigitalSiber.id)<\/p>\n","protected":false},"excerpt":{"rendered":"ARTA &#8211; Le coureur d\u2019Aprilia Racing Jorge Martin appara\u00eetra avec un casque sp\u00e9cial au Grand Prix d\u2019Antalya, ce&hellip;\n","protected":false},"author":2,"featured_media":370615,"comment_status":"","ping_status":"","sticky":false,"template":"","format":"standard","meta":{"footnotes":""},"categories":[1413],"tags":[50478,1011,27,1457,1456,60],"class_list":{"0":"post-370614","1":"post","2":"type-post","3":"status-publish","4":"format-standard","5":"has-post-thumbnail","7":"category-moto","8":"tag-ero-martin","9":"tag-fr","10":"tag-france","11":"tag-moto","12":"tag-motocycle","13":"tag-sports"},"share_on_mastodon":{"url":"https:\/\/pubeurope.com\/@fr\/115157375631566736","error":""},"_links":{"self":[{"href":"https:\/\/www.europesays.com\/fr\/wp-json\/wp\/v2\/posts\/370614","targetHints":{"allow":["GET"]}}],"collection":[{"href":"https:\/\/www.europesays.com\/fr\/wp-json\/wp\/v2\/posts"}],"about":[{"href":"https:\/\/www.europesays.com\/fr\/wp-json\/wp\/v2\/types\/post"}],"author":[{"embeddable":true,"href":"https:\/\/www.europesays.com\/fr\/wp-json\/wp\/v2\/users\/2"}],"replies":[{"embeddable":true,"href":"https:\/\/www.europesays.com\/fr\/wp-json\/wp\/v2\/comments?post=370614"}],"version-history":[{"count":0,"href":"https:\/\/www.europesays.com\/fr\/wp-json\/wp\/v2\/posts\/370614\/revisions"}],"wp:featuredmedia":[{"embeddable":true,"href":"https:\/\/www.europesays.com\/fr\/wp-json\/wp\/v2\/media\/370615"}],"wp:attachment":[{"href":"https:\/\/www.europesays.com\/fr\/wp-json\/wp\/v2\/media?parent=370614"}],"wp:term":[{"taxonomy":"category","embeddable":true,"href":"https:\/\/www.europesays.com\/fr\/wp-json\/wp\/v2\/categories?post=370614"},{"taxonomy":"post_tag","embeddable":true,"href":"https:\/\/www.europesays.com\/fr\/wp-json\/wp\/v2\/tags?post=370614"}],"curies":[{"name":"wp","href":"https:\/\/api.w.org\/{rel}","templated":true}]}}