{"id":370619,"date":"2025-09-06T12:36:10","date_gmt":"2025-09-06T12:36:10","guid":{"rendered":"https:\/\/www.europesays.com\/fr\/370619\/"},"modified":"2025-09-06T12:36:10","modified_gmt":"2025-09-06T12:36:10","slug":"exclu-une-star-du-psg-au-real-madrid-le-transfert-valide-a-la-wwe","status":"publish","type":"post","link":"https:\/\/www.europesays.com\/fr\/370619\/","title":{"rendered":"EXCLU\u00a0: Une star du PSG au Real Madrid, le transfert valid\u00e9\u2026 \u00e0 la WWE\u00a0!\u00a0"},"content":{"rendered":"<p>                    Bernard Colas<br \/>\n                        &#8211;<\/p>\n<p>Journaliste<\/p>\n<p>Passionn\u00e9 de sport, de cin\u00e9ma et de t\u00e9l\u00e9vision (\u00e0 l\u2019\u00e9cran comme derri\u00e8re) depuis son enfance, Bernard est journaliste pour le 10 Sport depuis 2018. Plus habile clavier en main que ballon au pied, il d\u00e9cide de couvrir principalement un sport adul\u00e9, critiqu\u00e9 et d\u00e9test\u00e9 \u00e0 la fois (le football) et un sport qui n\u2019en est pas un (le catch).<\/p>\n<p class=\"heading\">A l\u2019occasion de \u00ab\u00a0Clash in Paris\u00a0\u00bb, le premier grand \u00e9v\u00e9nement organis\u00e9 par la WWE dans la capitale, Rusev s\u2019est entretenu en exclusivit\u00e9 avec le10sport.com. Le catcheur bulgare, supporter du Real Madrid, a notamment r\u00e9v\u00e9l\u00e9 l\u2019identit\u00e9 du joueur du PSG qu\u2019il voudrait voir d\u00e9barquer \u00e0 la Casa Blanca, un choix qu\u2019il partage justement avec la direction merengue&#8230;<\/p>\n<p>La <strong>WWE<\/strong>, premi\u00e8re compagnie de catch au monde, \u00e9tait de passage \u00e0 Paris le week-end dernier \u00e0 l\u2019occasion de son premier Premium Live Event organis\u00e9 dans la capitale. 30 343 fans \u00e9taient pr\u00e9sents \u00e0 la Paris La D\u00e9fense Arena le 31 ao\u00fbt pour \u00ab\u00a0<a href=\"https:\/\/le10sport.com\/combat\/taylor-swift-battue-le-gros-coup-realise-par-la-wwe-756812\" rel=\"nofollow noopener\" target=\"_blank\">Clash in Paris<\/a>\u00ab\u00a0, un v\u00e9ritable succ\u00e8s pour l&rsquo;entreprise qui a battu le record de recettes g\u00e9n\u00e9r\u00e9es par la vente de billets dans l\u2019enceinte de Nanterre, d\u00e9passant <strong>Taylor Swift<\/strong>. <\/p>\n<p>                                            Le gros rendez-vous catch \u00e0 Paris<\/p>\n<p>Quelques-unes des plus grandes stars de la <strong>WWE <\/strong>\u00e9taient ainsi pr\u00e9sentes \u00e0 Paris, \u00e0 l\u2019instar de <a href=\"https:\/\/le10sport.com\/combat\/une-star-de-nba-avec-john-cena-a-la-wwe-la-decision-choc-quelle-veut-oublier-754751\" rel=\"nofollow noopener\" target=\"_blank\">John Cena<\/a>, <strong>CM Punk<\/strong>, <strong>Roman Reigns <\/strong>ou encore <strong>Becky Lynch<\/strong>. Ancien champion des \u00c9tats-Unis, <strong>Rusev <\/strong>a quant \u00e0 lui remport\u00e9 son combat face \u00e0 <strong>Sheamus<\/strong>, l\u2019un des plus appr\u00e9ci\u00e9s du public. A la veille de l\u2019\u00e9v\u00e9nement, le10sport.com a eu l\u2019occasion de le rencontrer et d\u2019\u00e9changer avec lui sur l\u2019une de ses grandes passions, le football. <\/p>\n<p>                                            Rusev veut voir Vitinha au Real Madrid<\/p>\n<p>Supporter du <strong>Real Madrid<\/strong>, <strong>Rusev <\/strong>a notamment r\u00e9v\u00e9l\u00e9 en exclusivit\u00e9 l\u2019identit\u00e9 du joueur du <strong>PSG <\/strong>qu\u2019il voudrait voir d\u00e9barquer dans la capitale espagnole. \u00ab\u00a0J\u2019adore Vitinha\u00a0! Il me rappelle beaucoup Luka (Modric), jeune, nous confie le Bulgare. J\u2019aime Vitinha. Je n&rsquo;aime pas Demb\u00e9l\u00e9, je n&rsquo;aime pas ces gars-l\u00e0, nous avons des joueurs comme \u00e7a, mais Vitinha est un joueur fantastique.\u00a0\u00bb Un avis partag\u00e9 par les dirigeants du <strong>Real Madrid<\/strong>, int\u00e9ress\u00e9s par le milieu du <strong>PSG <\/strong><a href=\"https:\/\/le10sport.com\/football\/mercato\/psg-real-madrid-un-transfert-impossible-est-annonce-753572\" rel=\"nofollow noopener\" target=\"_blank\">selon la presse espagnole<\/a>. <\/p>\n<p><strong>Rusev <\/strong>a \u00e9galement reconnu qu\u2019il ne portait pas le <strong>PSG <\/strong>dans son c\u0153ur. \u00ab\u00a0Je pense que c\u2019est un club artificiel, mais maintenant que nous sommes affili\u00e9s, je ne peux pas dire \u00e7a, donc c\u2019est un club fantastique, mais ce n\u2019est pas le mien \u00bb, a expliqu\u00e9 la star de la <strong>WWE<\/strong>, pas impressionn\u00e9e par la victoire en Ligue des champions : \u00ab \u00c7a arrive lorsque vous d\u00e9pensez des millions, voire des milliards de dollars, ann\u00e9e apr\u00e8s ann\u00e9e. \u00c0 terme, vous devez gagner, n&rsquo;est-ce pas ? Regardez les Yankees, c&rsquo;est ce qu&rsquo;ils ont fait. Ce sont des \u00ab\u00a0super\u00a0\u00bb \u00e9quipes parce que des gens leur donnent de l&rsquo;argent pour qu&rsquo;elles puissent gagner, et c&rsquo;est arriv\u00e9. Je suis heureux pour eux, mais ils n&rsquo;ont pas ce que le Real Madrid a : la tradition.\u00a0\u00bb Les supporters du <strong>PSG <\/strong>appr\u00e9cieront, eux qui ont appris la semaine derni\u00e8re que leur club avait nou\u00e9 un partenariat avec la <strong>WWE<\/strong>.<\/p>\n","protected":false},"excerpt":{"rendered":"Bernard Colas &#8211; Journaliste Passionn\u00e9 de sport, de cin\u00e9ma et de t\u00e9l\u00e9vision (\u00e0 l\u2019\u00e9cran comme derri\u00e8re) depuis son&hellip;\n","protected":false},"author":2,"featured_media":370620,"comment_status":"","ping_status":"","sticky":false,"template":"","format":"standard","meta":{"footnotes":""},"categories":[1410],"tags":[63,1011,27,60],"class_list":{"0":"post-370619","1":"post","2":"type-post","3":"status-publish","4":"format-standard","5":"has-post-thumbnail","7":"category-football","8":"tag-football","9":"tag-fr","10":"tag-france","11":"tag-sports"},"share_on_mastodon":{"url":"https:\/\/pubeurope.com\/@fr\/115157387392271931","error":""},"_links":{"self":[{"href":"https:\/\/www.europesays.com\/fr\/wp-json\/wp\/v2\/posts\/370619","targetHints":{"allow":["GET"]}}],"collection":[{"href":"https:\/\/www.europesays.com\/fr\/wp-json\/wp\/v2\/posts"}],"about":[{"href":"https:\/\/www.europesays.com\/fr\/wp-json\/wp\/v2\/types\/post"}],"author":[{"embeddable":true,"href":"https:\/\/www.europesays.com\/fr\/wp-json\/wp\/v2\/users\/2"}],"replies":[{"embeddable":true,"href":"https:\/\/www.europesays.com\/fr\/wp-json\/wp\/v2\/comments?post=370619"}],"version-history":[{"count":0,"href":"https:\/\/www.europesays.com\/fr\/wp-json\/wp\/v2\/posts\/370619\/revisions"}],"wp:featuredmedia":[{"embeddable":true,"href":"https:\/\/www.europesays.com\/fr\/wp-json\/wp\/v2\/media\/370620"}],"wp:attachment":[{"href":"https:\/\/www.europesays.com\/fr\/wp-json\/wp\/v2\/media?parent=370619"}],"wp:term":[{"taxonomy":"category","embeddable":true,"href":"https:\/\/www.europesays.com\/fr\/wp-json\/wp\/v2\/categories?post=370619"},{"taxonomy":"post_tag","embeddable":true,"href":"https:\/\/www.europesays.com\/fr\/wp-json\/wp\/v2\/tags?post=370619"}],"curies":[{"name":"wp","href":"https:\/\/api.w.org\/{rel}","templated":true}]}}