{"id":370627,"date":"2025-09-06T12:40:46","date_gmt":"2025-09-06T12:40:46","guid":{"rendered":"https:\/\/www.europesays.com\/fr\/370627\/"},"modified":"2025-09-06T12:40:46","modified_gmt":"2025-09-06T12:40:46","slug":"notre-selection-du-samedi-6-septembre","status":"publish","type":"post","link":"https:\/\/www.europesays.com\/fr\/370627\/","title":{"rendered":"notre s\u00e9lection du samedi 6\u00a0septembre"},"content":{"rendered":"<p>      Ce soir, rendez-vous devant un film tr\u00e8s seventies. Les couche-tard pourront plonger dans les myst\u00e8res des plantes ou dans un portrait aussi \u00e9clairant qu\u2019\u00e9c\u0153urant de Jean-Marie Le Pen.                  <\/p>\n<p class=\"author author--simple\">Par  <a class=\"author author--link\" href=\"https:\/\/www.telerama.fr\/recherche\/articles?q=Pauline+Demange+Dilasser\" rel=\"nofollow noopener\" target=\"_blank\"> Pauline Demange Dilasser <\/a>    <\/p>\n<p class=\"publication__date\">Publi\u00e9 le 06 septembre 2025 \u00e0 06h55<\/p>\n<p>   Partager   <\/p>\n<ul class=\"sharing-popin--results\">\n<li class=\"sharing-popin--item sharing-popin--item-container\"> Partage  <\/li>\n<li data-share=\"linkedin\" class=\"sharing-popin--item\">  LinkedIn <\/li>\n<li data-share=\"facebook\" class=\"sharing-popin--item\">  Facebook <\/li>\n<li data-share=\"mail\" data-social=\"mail\" class=\"sharing-popin--item\">  Envoyer par email <\/li>\n<li data-share=\"copy\" class=\"sharing-popin--item\">  Copier le lien <\/li>\n<\/ul>\n<p>        Favoris       <\/p>\n<p>                <a class=\"openapp__link\" data-event=\"click-open-app\" data-deep-link=\"tlrm:\/\/element?id=\/television\/ce-soir-a-la-tele-notre-selection-du-samedi-6-septembre-7027232.php&amp;source=deeplink_site\">  Lire dans l&rsquo;application<br \/>\n  <\/a>                               <strong>Survolt\u00e9\u00a0: \u201cLes Grandes Ondes (\u00e0 l\u2019ouest)\u201d<\/strong>                              <a href=\"https:\/\/www.europesays.com\/fr\/wp-content\/uploads\/2025\/09\/7dba3f5_upload-1-gw0dsolg39gw-14-grandesondesalouest2014.jpg\" data-pswp-width=\"\" data-pswp-height=\"\" class=\"media__hd\" target=\"_blank\">      <img decoding=\"async\" loading=\"lazy\" src=\"https:\/\/www.europesays.com\/fr\/wp-content\/uploads\/2025\/09\/7dba3f5_upload-1-gw0dsolg39gw-14-grandesondesalouest2014.jpg\" class=\"media__picture js-media-zoom  media__size--large\" alt=\"Valerie Donzelli.&#10;\" title=\"Rita Prod. - Les Films Pell\u00e9as - Filmes do Tejo\"\/>      <\/p>\n<p class=\"media__legend\"> Valerie Donzelli.<br \/>\n  Rita Prod. &#8211; Les Films Pell\u00e9as &#8211; Filmes do Tejo  <\/p>\n<p>     <\/a>                          <\/p>\n<p class=\"paragraph\">Deux journalistes de la radio suisse sont envoy\u00e9s au Portugal afin d\u2019\u00e9valuer l\u2019utilisation du soutien \u00e9conomique de leur pays. Sur place, ils ne trouvent rien. Mais tombent en plein c\u0153ur de la r\u00e9volution des \u0153illets. Un road-movie foutraque et inventif aux personnages aussi f\u00eal\u00e9s qu\u2019attachants.<\/p>\n<p>\u00c0 21h\u00a0sur France 4. Film r\u00e9alis\u00e9 par Lionel Baier (Suisse\u00a0\/ Portugal\u00a0\/ France, 2013). 1h20. Avec Val\u00e9rie Donzelli, Michel Vuillermoz, Patrick Lapp. Rediffusion.<\/p>\n<p class=\"edito__prefixe\">   D\u00e9couvrir la note et la critique   <\/p>\n<p class=\"edito__text-container\">       <a alt=\"Lire aussi\" href=\"https:\/\/www.telerama.fr\/cinema\/les-grandes-ondes-a-l-ouest-une-comedie-fantasque-et-poetique-sur-fond-de-revolution-portugaise_cri-7040443.php\" class=\"article__title--edito\" rel=\"nofollow noopener\" target=\"_blank\">\u201cLes\u00a0Grandes Ondes (\u00e0 l\u2019ouest)\u201d\u00a0: une com\u00e9die fantasque et po\u00e9tique sur fond de r\u00e9volution portugaise<\/a>  <\/p>\n<p>                                        <strong>Dans le ventre de la b\u00eate\u00a0: \u201cJean-Marie Le Pen\u00a0: \u00e0 l\u2019extr\u00eame\u201d<\/strong>                              <a href=\"https:\/\/www.europesays.com\/fr\/wp-content\/uploads\/2025\/09\/476314f_upload-1-qp1l1ana2pbv-jean-marielepen2cc3a0l27extrc3aame-6.png\" data-pswp-width=\"\" data-pswp-height=\"\" class=\"media__hd\" target=\"_blank\">      <img decoding=\"async\" loading=\"lazy\" src=\"https:\/\/www.europesays.com\/fr\/wp-content\/uploads\/2025\/09\/476314f_upload-1-qp1l1ana2pbv-jean-marielepen2cc3a0l27extrc3aame-6.png\" class=\"media__picture js-media-zoom  media__size--large\" alt=\"Jean-Marie Le Pen.&#10;\" title=\"TOHUBOHU\"\/>      <\/p>\n<p class=\"media__legend\"> Jean-Marie Le Pen.<br \/>\n  TOHUBOHU  <\/p>\n<p>     <\/a>                          <\/p>\n<p class=\"paragraph\">Naissance du parti, h\u00e9ritage du p\u00e8re dans l\u2019essor de la fille, affaires judiciaires, lep\u00e9nisation de la soci\u00e9t\u00e9, ce doc traverse avec de nombreux intervenants, dont Jean-Marie Le Pen lui-m\u00eame, la carri\u00e8re de l\u2019homme politique d\u2019extr\u00eame droite. Aussi \u00e9c\u0153urant qu\u2019\u00e9clairant.<\/p>\n<p>\u00c0 22h30\u00a0sur LCP\u00a0\/ Public S\u00e9nat. Documentaire r\u00e9alis\u00e9 par Rapha\u00ebl Tresanini et Jean-Pierre Canet (1\u00a0\u00e0 3\/3, France, 2024). 3\u00a0\u00d7 55\u00a0mn. Rediffusion.<\/p>\n<p class=\"edito__prefixe\">   D\u00e9couvrir la note et la critique   <\/p>\n<p class=\"edito__text-container\">       <a alt=\"Lire aussi\" href=\"https:\/\/www.telerama.fr\/television\/jean-marie-le-pen-a-l-extreme-sur-france-5-portrait-eclairant-et-rythme-de-l-homme-qui-a-hysterise-le-debat-public_cri-7036262.php\" class=\"article__title--edito\" rel=\"nofollow noopener\" target=\"_blank\">\u201cJean-Marie Le Pen\u00a0: \u00e0 l\u2019extr\u00eame\u201d\u00a0: portrait \u00e9clairant de l\u2019homme qui a hyst\u00e9ris\u00e9 le d\u00e9bat public<\/a>  <\/p>\n<p>                                        <strong>Au c\u0153ur du vivant\u00a0: \u201cLe G\u00e9nie cach\u00e9 des plantes. Super sens\u201d<\/strong>                              <a href=\"https:\/\/www.europesays.com\/fr\/wp-content\/uploads\/2025\/09\/40b174d_upload-1-ijlvj0scj6k4-legc3a9niecachc3a9desplantes-super-sens-6.jpeg\" data-pswp-width=\"\" data-pswp-height=\"\" class=\"media__hd\" target=\"_blank\">      <img decoding=\"async\" loading=\"lazy\" src=\"https:\/\/www.europesays.com\/fr\/wp-content\/uploads\/2025\/09\/40b174d_upload-1-ijlvj0scj6k4-legc3a9niecachc3a9desplantes-super-sens-6.jpeg\" class=\"media__picture js-media-zoom  media__size--large\" alt=\"Les plantes disposent comme nous d'un syst\u00e8me vasculaire, mais sans pompe centrale qui anime la circulation du sang.\" title=\"Photo Thierry Berrod\/Arte\"\/>      <\/p>\n<p class=\"media__legend\"> Les plantes disposent comme nous d&rsquo;un syst\u00e8me vasculaire, mais sans pompe centrale qui anime la circulation du sang.  Photo Thierry Berrod\/Arte  <\/p>\n<p>     <\/a>                          <\/p>\n<p class=\"paragraph\">Elles communiquent par les racines, se souviennent des temp\u00eates, ont un syst\u00e8me vasculaire comparable \u00e0 nos vaisseaux sanguins. Ce voyage scientifique explore les derni\u00e8res recherches tout en simplicit\u00e9.<\/p>\n<p>\u00c0 22h25\u00a0sur Arte. S\u00e9rie documentaire r\u00e9alis\u00e9e par Thierry Berrod et Quincy Russell (1\/2, France, 2022). 55\u00a0mn. Rediffusion.<\/p>\n<p class=\"edito__prefixe\">   D\u00e9couvrir la note et la critique   <\/p>\n<p class=\"edito__text-container\">       <a alt=\"Lire aussi\" href=\"https:\/\/www.telerama.fr\/television\/le-genie-cache-des-plantes-super-sens-de-thierry-berrod-et-quincy-russel-notre-critique_cri-7031957.php\" class=\"article__title--edito\" rel=\"nofollow noopener\" target=\"_blank\">\u201cLe G\u00e9nie cach\u00e9 des plantes\u00a0: Super sens\u201d\u00a0: quelles sont les strat\u00e9gies de survie du monde v\u00e9g\u00e9tal\u00a0?<\/a>  <\/p>\n<p class=\"edito__prefixe\">   D\u00e9couvrir la note et la critique   <\/p>\n<p class=\"edito__text-container\">       <a alt=\"Lire aussi\" href=\"https:\/\/www.telerama.fr\/cinema\/highest-2-lowest-sur-apple-tv-denzel-cabotin-spike-lee-au-plus-bas_cri-7040473.php\" class=\"article__title--edito\" rel=\"nofollow noopener\" target=\"_blank\">\u201cHighest 2 Lowest\u201d, sur Apple TV+\u00a0: Denzel cabotin, Spike Lee au plus bas<\/a>  <\/p>\n<p class=\"edito__prefixe\">   Top chrono   <\/p>\n<p class=\"edito__text-container\">     <a alt=\"Top chrono\" href=\"https:\/\/www.telerama.fr\/series-tv\/vingt-tres-bonnes-series-de-moins-de-six-heures-a-engloutir-en-un-week-end-2416-7023352.php\" class=\"article__title--edito\" rel=\"nofollow noopener\" target=\"_blank\">Vingt (tr\u00e8s) bonnes\u00a0minis\u00e9ries \u00e0 engloutir en un week-end<\/a>  <\/p>\n<p class=\"paragraph\"><strong>Et si vous ne trouvez pas votre bonheur\u2026 <\/strong>consultez\u00a0<a target=\"_blank\" href=\"https:\/\/television.telerama.fr\/\" rel=\"nofollow noopener\">le programme TV de ce soir<\/a>. Ou piochez dans notre\u00a0<a target=\"_blank\" href=\"https:\/\/www.telerama.fr\/plateformes\" rel=\"nofollow noopener\">guide des plateformes<\/a>\u00a0pour trouver une s\u00e9rie, un film ou un documentaire en moins de cinq minutes sur Arte.tv, Netflix, Max, Apple\u00a0TV+, MyCanal, France.tv, Disney+\u2026<\/p>\n<p>        <img decoding=\"async\" class=\"snippet-generic__img\" src=\"https:\/\/www.europesays.com\/fr\/wp-content\/uploads\/2025\/04\/9969f08_sirius-fs-upload-1-qff12f27bjm0-1741867658571-design-sans-titre-30.png\"\/><\/p>\n<p class=\"snippet-generic__title\">On regarde quoi ?<\/p>\n<p class=\"snippet-generic__text\">Tous les soirs \u00e0 19h, une s\u00e9lection d\u2019articles, de programmes, et les derni\u00e8res critiques plateformes<\/p>\n<p>    <a href=\"https:\/\/sec.telerama.fr\/newsletters\/ecrantv?at_medium=display&amp;at_campaign=snippetecrantv\" rel=\"nofollow noopener\" target=\"_blank\"><\/p>\n<p>Recevoir la newsletter<\/p>\n<p>    <\/a><\/p>\n","protected":false},"excerpt":{"rendered":"Ce soir, rendez-vous devant un film tr\u00e8s seventies. Les couche-tard pourront plonger dans les myst\u00e8res des plantes ou&hellip;\n","protected":false},"author":2,"featured_media":370628,"comment_status":"","ping_status":"","sticky":false,"template":"","format":"standard","meta":{"footnotes":""},"categories":[1356],"tags":[58,59,1011,27,252,1364],"class_list":{"0":"post-370627","1":"post","2":"type-post","3":"status-publish","4":"format-standard","5":"has-post-thumbnail","7":"category-television","8":"tag-divertissement","9":"tag-entertainment","10":"tag-fr","11":"tag-france","12":"tag-television","13":"tag-tv"},"share_on_mastodon":{"url":"https:\/\/pubeurope.com\/@fr\/115157403276430668","error":""},"_links":{"self":[{"href":"https:\/\/www.europesays.com\/fr\/wp-json\/wp\/v2\/posts\/370627","targetHints":{"allow":["GET"]}}],"collection":[{"href":"https:\/\/www.europesays.com\/fr\/wp-json\/wp\/v2\/posts"}],"about":[{"href":"https:\/\/www.europesays.com\/fr\/wp-json\/wp\/v2\/types\/post"}],"author":[{"embeddable":true,"href":"https:\/\/www.europesays.com\/fr\/wp-json\/wp\/v2\/users\/2"}],"replies":[{"embeddable":true,"href":"https:\/\/www.europesays.com\/fr\/wp-json\/wp\/v2\/comments?post=370627"}],"version-history":[{"count":0,"href":"https:\/\/www.europesays.com\/fr\/wp-json\/wp\/v2\/posts\/370627\/revisions"}],"wp:featuredmedia":[{"embeddable":true,"href":"https:\/\/www.europesays.com\/fr\/wp-json\/wp\/v2\/media\/370628"}],"wp:attachment":[{"href":"https:\/\/www.europesays.com\/fr\/wp-json\/wp\/v2\/media?parent=370627"}],"wp:term":[{"taxonomy":"category","embeddable":true,"href":"https:\/\/www.europesays.com\/fr\/wp-json\/wp\/v2\/categories?post=370627"},{"taxonomy":"post_tag","embeddable":true,"href":"https:\/\/www.europesays.com\/fr\/wp-json\/wp\/v2\/tags?post=370627"}],"curies":[{"name":"wp","href":"https:\/\/api.w.org\/{rel}","templated":true}]}}