{"id":370629,"date":"2025-09-06T12:41:10","date_gmt":"2025-09-06T12:41:10","guid":{"rendered":"https:\/\/www.europesays.com\/fr\/370629\/"},"modified":"2025-09-06T12:41:10","modified_gmt":"2025-09-06T12:41:10","slug":"je-suis-gitan-et-donc-kendji-girac-face-a-lillettrisme-son-message-important","status":"publish","type":"post","link":"https:\/\/www.europesays.com\/fr\/370629\/","title":{"rendered":"\u00ab\u00a0Je suis gitan et donc&#8230;\u00a0\u00bb : Kendji Girac face \u00e0 l&rsquo;illettrisme, son message important"},"content":{"rendered":"<p>Ce mardi 9 septembre, Kendji Girac a une mission pas comme les autres. Le chanteur est le parrain <strong>d&rsquo;une toute nouvelle \u00e9mission de France 2, engag\u00e9e contre l&rsquo;illettrisme<\/strong>. Dans J&rsquo;ai pas les mots, sept personnes illettr\u00e9es ont accept\u00e9 d&rsquo;\u00eatre film\u00e9es par les cam\u00e9ras du service public dans leur apprentissage long et laborieux. Vont-elles r\u00e9ussir \u00e0 aller au bout d&rsquo;elles-m\u00eames et apprendre \u00e0 lire et \u00e0 \u00e9crire ? C&rsquo;est tout l&rsquo;enjeu de <strong>cette nouvelle \u00e9mission d&rsquo;utilit\u00e9 publique<\/strong>.<\/p>\n<p>Une \u00e9mission bouleversante, <strong>\u00e0 laquelle Kendji Girac a accept\u00e9 de participer<\/strong>. Le chanteur va \u00eatre le parrain de la premi\u00e8re \u00e9dition, et va accompagner les sept personnes dans cette d\u00e9marche tr\u00e8s intime. Interview\u00e9 par Cin\u00e9-T\u00e9l\u00e9-Revue il y a quelques jours, <a href=\"https:\/\/vsd.fr\/65067-kendji-girac-trois-mois-apres-son-coup-de-folie-il-reprend-son-destin-en-main-tout-ce-quil-faut-savoir-sur-son-nouvel-album\/\" target=\"_blank\" rel=\"noopener\">le gagnant de The Voice<\/a> a r\u00e9v\u00e9l\u00e9 les raisons personnelles qui l&rsquo;ont conduit \u00e0 accepter d&rsquo;endosser ce r\u00f4le. Issu de la communaut\u00e9 des gens du voyage, <strong>Kendji Girac a lui aussi connu l&rsquo;illettrisme de tr\u00e8s pr\u00e8s<\/strong>&#8230;<\/p>\n<p>Kendji Girac : son magnifique cadeau \u00e0 sa maman<\/p>\n<p>En effet, si Kendji a eu la chance de pouvoir apprendre \u00e0 lire et \u00e0 \u00e9crire, ce n&rsquo;est pas le cas de sa maman. Celle pour qui il a \u00e9crit, compos\u00e9 et chant\u00e9 Les yeux de la mama<strong> est illettr\u00e9e<\/strong>. Mais qu&rsquo;importe, le chanteur lui lira le 29 septembre prochain <a href=\"https:\/\/www.public.fr\/toute-ma-verite-apres-le-drame-kendji-girac-decide-de-tout-reveler-sur-la-nuit-ou-tout-a-bascule\" target=\"_blank\" rel=\"noopener\">le livre autobiographique Mi vida<\/a> qu&rsquo;il va sortir aux \u00e9ditions Flammarion.<\/p>\n<p><strong>\u00ab\u00a0Ma mama ne pourra jamais lire ces lignes. Elle dit qu&rsquo;\u00e0 son \u00e2ge, il est trop tard pour apprendre\u00a0\u00bb <\/strong>a confess\u00e9 Kendji Girac. Mais le chanteur s&rsquo;est fait une promesse, et il entend bien la tenir : \u00ab\u00a0Moi, son fils, je les lirai pour elle\u00a0\u00bb. Il est m\u00eame all\u00e9 plus loin, <strong>en enregistrant<\/strong> <strong>son livre en version audio<\/strong>. Un cadeau pour sa maman, mais un outil aussi pour toutes celles et tous ceux qui, comme elle, sont dans une situation d&rsquo;illettrisme.<\/p>\n<p>Sa propre exp\u00e9rience va d\u00e9sormais servir aux autres<\/p>\n<p>Mais Kendji n&rsquo;a pas toujours \u00e9t\u00e9 lettr\u00e9. Comme il l&rsquo;explique \u00e0 nos confr\u00e8res belges, le chanteur, avant tout gitan et nomade, <strong>a mis des ann\u00e9es avant d&rsquo;apprendre<\/strong>&#8230; \u00ab\u00a0J&rsquo;ai une histoire similaire \u00e0 ces apprenants. Je suis gitan et donc nomade. Notre plaisir est de partir sur les routes, en voyage et en famille. Le mauvais c\u00f4t\u00e9 des choses, <strong>c&rsquo;est qu&rsquo;on loupe l&rsquo;\u00e9cole<\/strong>\u00a0\u00bb a-t-il expliqu\u00e9. Ainsi, \u00e0 l&rsquo;adolescence, Kendji Girac s&rsquo;est pris en plein visage ses lacunes : \u00ab\u00a0Je savais chanter, jouer de la guitare, faire danser les gens&#8230; Mais <strong>r\u00e9diger une lettre ou remplir un formulaire, c&rsquo;\u00e9tait une vraie gal\u00e8re<\/strong>\u00ab\u00a0.<\/p>\n<p>Aujourd&rsquo;hui, la carri\u00e8re aidant, Kendji a appris, et est fier d&rsquo;avoir r\u00e9ussi \u00e0 aller au bout de ses lacunes. Il a longtemps cru que celles-ci \u00e9taient insurmontables. <strong>Aujourd&rsquo;hui, il tient plus que tout \u00e0 transmettre<\/strong>. Son exp\u00e9rience doit servir. Cette \u00e9mission, il l&rsquo;a de suite accept\u00e9e quand le service public le lui a propos\u00e9 : \u00ab\u00a0Ce n\u2019est pas une \u00e9mission comme les autres, c\u2019est l\u2019histoire de <strong>gens ordinaires qui vont accomplir quelque chose d\u2019extraordinaire<\/strong>\u00ab\u00a0. A voir mardi, sur France 2.<\/p>\n<p>      Mentionn\u00e9s dans cet article<\/p>\n<p>      Sur le m\u00eame sujet<\/p>\n","protected":false},"excerpt":{"rendered":"Ce mardi 9 septembre, Kendji Girac a une mission pas comme les autres. Le chanteur est le parrain&hellip;\n","protected":false},"author":2,"featured_media":370630,"comment_status":"","ping_status":"","sticky":false,"template":"","format":"standard","meta":{"footnotes":""},"categories":[1355],"tags":[58,1122,59,1011,27,594,7780,1361,873],"class_list":{"0":"post-370629","1":"post","2":"type-post","3":"status-publish","4":"format-standard","5":"has-post-thumbnail","7":"category-musique","8":"tag-divertissement","9":"tag-ecole","10":"tag-entertainment","11":"tag-fr","12":"tag-france","13":"tag-france-2","14":"tag-kendji-girac","15":"tag-music","16":"tag-musique"},"share_on_mastodon":{"url":"https:\/\/pubeurope.com\/@fr\/115157407099614214","error":""},"_links":{"self":[{"href":"https:\/\/www.europesays.com\/fr\/wp-json\/wp\/v2\/posts\/370629","targetHints":{"allow":["GET"]}}],"collection":[{"href":"https:\/\/www.europesays.com\/fr\/wp-json\/wp\/v2\/posts"}],"about":[{"href":"https:\/\/www.europesays.com\/fr\/wp-json\/wp\/v2\/types\/post"}],"author":[{"embeddable":true,"href":"https:\/\/www.europesays.com\/fr\/wp-json\/wp\/v2\/users\/2"}],"replies":[{"embeddable":true,"href":"https:\/\/www.europesays.com\/fr\/wp-json\/wp\/v2\/comments?post=370629"}],"version-history":[{"count":0,"href":"https:\/\/www.europesays.com\/fr\/wp-json\/wp\/v2\/posts\/370629\/revisions"}],"wp:featuredmedia":[{"embeddable":true,"href":"https:\/\/www.europesays.com\/fr\/wp-json\/wp\/v2\/media\/370630"}],"wp:attachment":[{"href":"https:\/\/www.europesays.com\/fr\/wp-json\/wp\/v2\/media?parent=370629"}],"wp:term":[{"taxonomy":"category","embeddable":true,"href":"https:\/\/www.europesays.com\/fr\/wp-json\/wp\/v2\/categories?post=370629"},{"taxonomy":"post_tag","embeddable":true,"href":"https:\/\/www.europesays.com\/fr\/wp-json\/wp\/v2\/tags?post=370629"}],"curies":[{"name":"wp","href":"https:\/\/api.w.org\/{rel}","templated":true}]}}