{"id":370635,"date":"2025-09-06T12:44:10","date_gmt":"2025-09-06T12:44:10","guid":{"rendered":"https:\/\/www.europesays.com\/fr\/370635\/"},"modified":"2025-09-06T12:44:10","modified_gmt":"2025-09-06T12:44:10","slug":"pourquoi-tous-les-enfants-blancs-ont-ete-embrasses-et-pas-mon-fils-raphinha-sen-prend-a-disneyland-paris","status":"publish","type":"post","link":"https:\/\/www.europesays.com\/fr\/370635\/","title":{"rendered":"\u00ab\u00a0Pourquoi tous les enfants blancs ont \u00e9t\u00e9 embrass\u00e9s et pas mon fils\u00a0?\u00a0\u00bb Raphinha s\u2019en prend \u00e0 Disneyland Paris"},"content":{"rendered":"<p>Actuellement en <a href=\"https:\/\/www.20minutes.fr\/dossier\/amerique_du_sud\" class=\"c-link c-link--is-underlined\" rel=\"nofollow noopener\" target=\"_blank\">Am\u00e9rique du Sud<\/a> pour les qualifications \u00e0 la <a href=\"https:\/\/www.20minutes.fr\/sport\/football\/coupe-monde-2026\/\" class=\"c-link c-link--is-underlined\" rel=\"nofollow noopener\" target=\"_blank\">Coupe du monde\u00a02026<\/a>, Raphinha s\u2019en est pris \u00e0 Disneyland Paris sur <a href=\"https:\/\/www.20minutes.fr\/high-tech\/instagram\/\" class=\"c-link c-link--is-underlined\" rel=\"nofollow noopener\" target=\"_blank\">Instagram<\/a>. Vendredi, quelques heures apr\u00e8s son match remport\u00e9 contre le Chili (3-0), le Br\u00e9silien a publi\u00e9 plusieurs vid\u00e9os montrant son fils, \u00e2g\u00e9 de 2 ans, au sein du parc, dans l\u2019attente d\u2019un c\u00e2lin de l\u2019employ\u00e9 portant le costume de Tac.<\/p>\n<\/p>\n<p>Plusieurs enfants ont re\u00e7u l\u2019embrassade esp\u00e9r\u00e9e, mais pas le sien. \u00ab\u00a0Vos employ\u00e9s sont une honte. Vous ne devriez pas traiter les gens comme \u00e7a, surtout un enfant\u00a0\u00bb, \u00e9crit le joueur du <a href=\"https:\/\/www.20minutes.fr\/sport\/fc_barcelone\/\" class=\"c-link c-link--is-underlined\" rel=\"nofollow noopener\" target=\"_blank\">FC Barcelone<\/a>. \u00ab\u00a0Vous \u00eates cens\u00e9s rendre les enfants heureux, pas les ignorer.\u00a0\u00bb<\/p>\n<blockquote class=\"twitter-tweet\" align=\"center\" data-lang=\"fr_FR\">\n<p lang=\"fr\" dir=\"ltr\">\ud83d\udea8 Raphinha d\u00e9nonce un acte raciste \u00e0 Disneyland Paris \ud83e\udd2c<\/p>\n<p>\u00ab Pourquoi avoir pris dans les bras tous les enfants blancs et pas mon fils ? Il voulait juste un check et un c\u00e2lin. Heureusement, il ne comprend pas\u2026 Vos employ\u00e9s sont une honte. On ne traite pas un enfant comme \u00e7a.\u00a0\u00bb <a href=\"https:\/\/t.co\/Miu6pMrUhC\" rel=\"nofollow\">pic.twitter.com\/Miu6pMrUhC<\/a><\/p>\n<p>\u2014 Vision Blaugrana (@VisionBlaugrana) <a href=\"https:\/\/twitter.com\/VisionBlaugrana\/status\/1964050907366146481?ref_src=twsrc%5Etfw\" rel=\"nofollow noopener\" target=\"_blank\">September 5, 2025<\/a><\/p><\/blockquote>\n<p class=\"mb-xxl@xs color-ultramarine font-weight-semi-bold@xs font-source-serif-pro heading-s@xs\">L\u2019acc\u00e8s \u00e0 ce contenu a \u00e9t\u00e9 bloqu\u00e9 afin de respecter votre choix de consentement<\/p>\n<p class=\"mb-m@xs text-l@xs\">En cliquant sur\u00ab J\u2019accepte \u00bb, vous acceptez le d\u00e9p\u00f4t de cookies par des services externes et aurez ainsi acc\u00e8s aux contenus de nos partenaires.<\/p>\n<p class=\"mb-xl@xs text-s@xs\">Plus d\u2019informations sur la page<a href=\"https:\/\/www.20minutes.fr\/gestion-cookies\" class=\"mx-xxs@xs color-ultramarine\" rel=\"nofollow noopener\" target=\"_blank\">Politique de gestion des cookies<\/a><\/p>\n<p>J\u2019accepte<\/p>\n<p>Le champion d\u2019<a href=\"https:\/\/www.20minutes.fr\/dossier\/espagne\" class=\"c-link c-link--is-underlined\" rel=\"nofollow noopener\" target=\"_blank\">Espagne<\/a> sous-entend m\u00eame une attitude raciste. \u00ab\u00a0Je comprends la fatigue de ceux qui font ce travail, mais pourquoi tous les enfants blancs ont \u00e9t\u00e9 embrass\u00e9s et pas mon fils\u00a0? Je vous d\u00e9teste. Il voulait juste un bonjour et un c\u00e2lin. [\u2026] Cet employ\u00e9 est merdique. Cet employ\u00e9 est stupide.\u00a0\u00bb Un coup de gueule qui a forc\u00e9ment de l\u2019\u00e9cho compte tenu des 14,6\u00a0millions de followers du joueur.<\/p>\n<p>Le parc \u00ab en contact avec la famille \u00bb<\/p>\n<p>Disneyland Paris a justement r\u00e9agi samedi aupr\u00e8s du <a href=\"https:\/\/www.leparisien.fr\/sports\/football\/football-disneyland-paris-regrette-lexperience-vecue-par-le-fils-de-raphinha-et-lui-promet-une-surprise-06-09-2025-RT3TJYBBGFHZDJOLREK3EPK7CE.php\" target=\"_blank\" class=\"c-link c-link--is-underlined\" rel=\"nofollow noopener\">Parisien<\/a>. Le parc \u00ab regrette l\u2019exp\u00e9rience v\u00e9cue par la famille \u00bb du joueur et s&rsquo;est d\u00e9j\u00e0 rapproch\u00e9e d&rsquo;elle. <\/p>\n<p>\u00ab Nous souhaitons proposer une exp\u00e9rience magique pour chacun de nos visiteurs sans exception, explique Disneyland. Nous sommes en contact r\u00e9gulier avec la famille depuis hier (vendredi), et leur avons organis\u00e9 deux nouvelles rencontres magiques avec les personnages de leur choix. \u00bb Avec ou sans Tac ?<\/p>\n<p><script async src=\"https:\/\/platform.twitter.com\/widgets.js\" charset=\"utf-8\"><\/script><\/p>\n","protected":false},"excerpt":{"rendered":"Actuellement en Am\u00e9rique du Sud pour les qualifications \u00e0 la Coupe du monde\u00a02026, Raphinha s\u2019en est pris \u00e0&hellip;\n","protected":false},"author":2,"featured_media":370636,"comment_status":"","ping_status":"","sticky":false,"template":"","format":"standard","meta":{"footnotes":""},"categories":[9],"tags":[7791,5695,63,1011,27,662,626,10162,3210,517,60],"class_list":{"0":"post-370635","1":"post","2":"type-post","3":"status-publish","4":"format-standard","5":"has-post-thumbnail","7":"category-sports","8":"tag-disneyland","9":"tag-fc-barcelone","10":"tag-football","11":"tag-fr","12":"tag-france","13":"tag-ile-de-france","14":"tag-paris","15":"tag-racisme","16":"tag-reaction","17":"tag-sport","18":"tag-sports"},"share_on_mastodon":{"url":"https:\/\/pubeurope.com\/@fr\/115157418971949647","error":""},"_links":{"self":[{"href":"https:\/\/www.europesays.com\/fr\/wp-json\/wp\/v2\/posts\/370635","targetHints":{"allow":["GET"]}}],"collection":[{"href":"https:\/\/www.europesays.com\/fr\/wp-json\/wp\/v2\/posts"}],"about":[{"href":"https:\/\/www.europesays.com\/fr\/wp-json\/wp\/v2\/types\/post"}],"author":[{"embeddable":true,"href":"https:\/\/www.europesays.com\/fr\/wp-json\/wp\/v2\/users\/2"}],"replies":[{"embeddable":true,"href":"https:\/\/www.europesays.com\/fr\/wp-json\/wp\/v2\/comments?post=370635"}],"version-history":[{"count":0,"href":"https:\/\/www.europesays.com\/fr\/wp-json\/wp\/v2\/posts\/370635\/revisions"}],"wp:featuredmedia":[{"embeddable":true,"href":"https:\/\/www.europesays.com\/fr\/wp-json\/wp\/v2\/media\/370636"}],"wp:attachment":[{"href":"https:\/\/www.europesays.com\/fr\/wp-json\/wp\/v2\/media?parent=370635"}],"wp:term":[{"taxonomy":"category","embeddable":true,"href":"https:\/\/www.europesays.com\/fr\/wp-json\/wp\/v2\/categories?post=370635"},{"taxonomy":"post_tag","embeddable":true,"href":"https:\/\/www.europesays.com\/fr\/wp-json\/wp\/v2\/tags?post=370635"}],"curies":[{"name":"wp","href":"https:\/\/api.w.org\/{rel}","templated":true}]}}