{"id":370637,"date":"2025-09-06T12:45:13","date_gmt":"2025-09-06T12:45:13","guid":{"rendered":"https:\/\/www.europesays.com\/fr\/370637\/"},"modified":"2025-09-06T12:45:13","modified_gmt":"2025-09-06T12:45:13","slug":"pamela-anderson-subjugue-le-festival-de-deauville","status":"publish","type":"post","link":"https:\/\/www.europesays.com\/fr\/370637\/","title":{"rendered":"Pamela Anderson subjugue le Festival de Deauville"},"content":{"rendered":"<p>Honor\u00e9e par le Festival du film am\u00e9ricain, l\u2019ex star d\u2019Alerte \u00e0 Malibu, qui a transform\u00e9 et relanc\u00e9 sa carri\u00e8re avec le cin\u00e9ma d\u2019auteur, a ouvert la manifestation.<\/p>\n<p class=\"fig-paragraph\">\u00abNe m\u00e9prenez pas ma gentillesse pour de la faiblesse\u00bb. Honor\u00e9e par le Festival du film am\u00e9ricain de Deauville, Pamela Anderson y a livr\u00e9 un discours coup de poing, d\u2019une authenticit\u00e9 et d\u2019une fermet\u00e9 qui a frapp\u00e9 les esprits et est devenu le moment fort de la c\u00e9r\u00e9monie d\u2019ouverture de cette 51e \u00e9dition, qui a d\u00e9but\u00e9 vendredi soir.<\/p>\n<p class=\"fig-paragraph\">L\u2019ex star d\u2019Alerte \u00e0 Malibu a compl\u00e8tement transform\u00e9 et relanc\u00e9 sa carri\u00e8re avec le cin\u00e9ma d\u2019auteur. La com\u00e9dienne de 58 ans a fait, l\u2019an pass\u00e9, un des plus merveilleux come-backs, dont Hollywood a le secret, avec le film de Gia Coppola\u00a0<a href=\"http:\/\/www.lefigaro.fr\/cinema\/notre-critique-de-the-last-showgirl-portrait-sans-scenario-20250311\" data-fig-type=\"Article\" data-gtm-custom-categorie=\"navigation\" data-gtm-custom-action=\"crossclick\" data-gtm-custom-label=\"Contextuel\" data-gtm-event=\"customEventSPE\" data-fig-domain=\"LEFIGARO\" target=\"_blank\" rel=\"noopener\">The Last Showgirl.\u00a0<\/a>Elle y campait une danseuse de cabaret dans un casino de Las Vegas, dont la revue est arr\u00eat\u00e9e apr\u00e8s trente ans de repr\u00e9sentations. Pour cette performance d\u2019une femme combative malgr\u00e9 les humiliations, Pamela Anderson a re\u00e7u une nomination aux Golden Globes et au prix du syndicat des acteurs am\u00e9ricain. Auquel s\u2019ajoute d\u00e9sormais ce Deauville Talent Award.<\/p>\n<p class=\"fig-body-link\">\n            \u00c0 lire aussi<br \/>\n        <a class=\"fig-body-link__link\" href=\"http:\/\/www.lefigaro.fr\/cinema\/kristen-stewart-et-scarlett-johansson-realisatrices-le-festival-de-deauville-devoile-son-programme-20250812\" data-fig-type=\"Article\" data-gtm-custom-categorie=\"navigation\" data-gtm-custom-action=\"crossclick\" data-gtm-custom-label=\"Contextuel\" data-gtm-event=\"customEventSPE\" data-fig-domain=\"LEFIGARO\" target=\"_blank\" rel=\"noopener\">Kristen Stewart et Scarlett Johansson r\u00e9alisatrices&#8230; Le festival de Deauville d\u00e9voile son programme<br \/>\n    <\/a>\n<\/p>\n<p>                                    <a class=\"fig-a11y-skip a11y-hidden\" href=\"#fig-a11y-skip-main-inarticle\"><br \/>\n        Passer la publicit\u00e9<br \/>\n    <\/a><\/p>\n<p class=\"fig-paragraph\">\u00abJe suis aux anges quand je pense \u00e0 tous les talents qui m\u2019ont pr\u00e9c\u00e9d\u00e9e sur cette sc\u00e8ne. \u00catre accueillie parmi eux, au sein de cette communaut\u00e9 cin\u00e9matographique que j\u2019adore, est inoubliable. J\u2019ai toujours gard\u00e9 des secrets, \u00e0 commencer par mon amour pour le cin\u00e9ma, la litt\u00e9rature classique et la musique, l\u2019amour et le besoin de cr\u00e9er et d\u2019incarner des personnages\u00bb, a avou\u00e9 celle que les m\u00e9dias ont longtemps ramen\u00e9e \u00e0 son personnage de sauveteuse bimbo de la s\u00e9rie Alerte \u00e0 Malibu.<\/p>\n<p>\u00abUne culture m\u00e9diatique prompte \u00e0 juger et \u00e0 ab\u00eemer\u00bb<\/p>\n<p class=\"fig-paragraph\">\u00abCette discr\u00e9tion a sans doute un m\u00e9canisme de survie pour me prot\u00e9ger mais cela a aussi nourri la b\u00eate\u00bb, a poursuivi la Canadienne, dont les \u00e9bats avec son mari le rockeur Tommy Lee, dans les ann\u00e9es 90, avait fait le tour du monde apr\u00e8s le cambriolage de leur domicile et le vol de leurs vid\u00e9os personnelles. \u00abFaire partie int\u00e9grante de la pop-culture est autant une chance qu\u2019une mal\u00e9diction Cela sape l\u2019objectif que l\u2019on se fixe de cultiver le myst\u00e8re ce qui est inestimable pour un acteur de cin\u00e9ma\u00bb, a soulign\u00e9 Pamela Anderson. Avant de s\u2019engager dans un droit de r\u00e9ponse face aux derni\u00e8res rumeurs des tablo\u00efds qui la visent. Le site am\u00e9ricain TMZ a ainsi affirm\u00e9 que\u00a0<a href=\"http:\/\/www.lefigaro.fr\/cinema\/liam-neeson-et-pamela-anderson-a-l-affiche-de-la-suite-de-la-saga-culte-y-a-t-il-un-flic-20250617\" data-fig-type=\"Article\" data-gtm-custom-categorie=\"navigation\" data-gtm-custom-action=\"crossclick\" data-gtm-custom-label=\"Contextuel\" data-gtm-event=\"customEventSPE\" data-fig-domain=\"LEFIGARO\" target=\"_blank\" rel=\"noopener\">son idylle avec le com\u00e9dien irlandais Liam Neeson<\/a>\u00a0\u00e9tait une strat\u00e9gie pour promouvoir leur com\u00e9die Y a-t-il un flic pour sauver le monde\u00a0?<\/p>\n<p class=\"fig-paragraph\">\u00ab Il m\u2019importe de bousculer les choses, de modifier les perceptions, afin d\u2019\u00eatre libre de peindre sur une toile vierge. Je ne prends pas les choses \u00e0 la l\u00e9g\u00e8re. Je ne participerai jamais \u00e0 des coups de pub. Ce serait une condamnation \u00e0 mort\u00bb, a clarifi\u00e9 Pamela Anderson. \u00abJe suis superstitieuse en amour, et je ne suis pas \u00e0 l\u2019aise \u00e0 l\u2019id\u00e9e de partager le moindre d\u00e9tail de ma vie priv\u00e9e. Elle ne se construit et ne se d\u00e9fait qu\u2019en quelques jours, semaines ou mois dans une culture m\u00e9diatique prompte \u00e0 la juger et \u00e0 l\u2019ab\u00eemer\u00bb.<\/p>\n<p class=\"fig-paragraph\">Et l\u2019admiratrice d\u2019Isabelle Huppert, qui lui a rendu hommage en vid\u00e9o, de mettre en garde\u00a0: \u00abNe confondez pas ma gentillesse pour de la faiblesse, mon audace pour de l\u2019amertume. Je veux laisser derri\u00e8re moi un h\u00e9ritage artistique dont ma famille peut \u00eatre fi\u00e8re. Je sais intimement ce que l\u2019on ressent lorsqu\u2019on est sous-estim\u00e9 et publiquement humili\u00e9. Malgr\u00e9 tout, je me suis toujours sentie aim\u00e9e, soutenue\u00bb.<\/p>\n<p class=\"fig-paragraph\">Pamela Anderson va devenir un visage incontournable du cin\u00e9ma d\u2019auteur. Elle sera \u00e0 l\u2019affiche dans les mois qui viennent de cinq projets sous la direction de Dustin Wills, de Sally Potter, de Michael Cera , de Kornel Mondruczo (<a href=\"https:\/\/www.lefigaro.fr\/cinema\/souveraine-vanessa-kirby-20210105\" data-fig-type=\"Article\" data-gtm-custom-categorie=\"navigation\" data-gtm-custom-action=\"crossclick\" data-gtm-custom-label=\"Contextuel\" data-gtm-event=\"customEventSPE\" data-fig-domain=\"LEFIGARO\" target=\"_blank\" rel=\"noopener\">Pieces Of A Woman<\/a> ), et de l\u2019habitu\u00e9 de Cannes le r\u00e9alisateur br\u00e9silien Karim A\u00efnouz (<a href=\"https:\/\/www.lefigaro.fr\/cinema\/notre-critique-du-jeu-de-la-reine-la-mariee-etait-trop-forte-20240326\" data-fig-type=\"Article\" data-gtm-custom-categorie=\"navigation\" data-gtm-custom-action=\"crossclick\" data-gtm-custom-label=\"Contextuel\" data-gtm-event=\"customEventSPE\" data-fig-domain=\"LEFIGARO\" target=\"_blank\" rel=\"noopener\">Le jeu de la reine<\/a> ).<\/p>\n","protected":false},"excerpt":{"rendered":"Honor\u00e9e par le Festival du film am\u00e9ricain, l\u2019ex star d\u2019Alerte \u00e0 Malibu, qui a transform\u00e9 et relanc\u00e9 sa&hellip;\n","protected":false},"author":2,"featured_media":370638,"comment_status":"","ping_status":"","sticky":false,"template":"","format":"standard","meta":{"footnotes":""},"categories":[8],"tags":[58,59,50481,1011,27,19404],"class_list":{"0":"post-370637","1":"post","2":"type-post","3":"status-publish","4":"format-standard","5":"has-post-thumbnail","7":"category-divertissement","8":"tag-divertissement","9":"tag-entertainment","10":"tag-festival-de-deauville","11":"tag-fr","12":"tag-france","13":"tag-pamela-anderson"},"share_on_mastodon":{"url":"https:\/\/pubeurope.com\/@fr\/115157422941910086","error":""},"_links":{"self":[{"href":"https:\/\/www.europesays.com\/fr\/wp-json\/wp\/v2\/posts\/370637","targetHints":{"allow":["GET"]}}],"collection":[{"href":"https:\/\/www.europesays.com\/fr\/wp-json\/wp\/v2\/posts"}],"about":[{"href":"https:\/\/www.europesays.com\/fr\/wp-json\/wp\/v2\/types\/post"}],"author":[{"embeddable":true,"href":"https:\/\/www.europesays.com\/fr\/wp-json\/wp\/v2\/users\/2"}],"replies":[{"embeddable":true,"href":"https:\/\/www.europesays.com\/fr\/wp-json\/wp\/v2\/comments?post=370637"}],"version-history":[{"count":0,"href":"https:\/\/www.europesays.com\/fr\/wp-json\/wp\/v2\/posts\/370637\/revisions"}],"wp:featuredmedia":[{"embeddable":true,"href":"https:\/\/www.europesays.com\/fr\/wp-json\/wp\/v2\/media\/370638"}],"wp:attachment":[{"href":"https:\/\/www.europesays.com\/fr\/wp-json\/wp\/v2\/media?parent=370637"}],"wp:term":[{"taxonomy":"category","embeddable":true,"href":"https:\/\/www.europesays.com\/fr\/wp-json\/wp\/v2\/categories?post=370637"},{"taxonomy":"post_tag","embeddable":true,"href":"https:\/\/www.europesays.com\/fr\/wp-json\/wp\/v2\/tags?post=370637"}],"curies":[{"name":"wp","href":"https:\/\/api.w.org\/{rel}","templated":true}]}}