{"id":370644,"date":"2025-09-06T12:49:16","date_gmt":"2025-09-06T12:49:16","guid":{"rendered":"https:\/\/www.europesays.com\/fr\/370644\/"},"modified":"2025-09-06T12:49:16","modified_gmt":"2025-09-06T12:49:16","slug":"vote-de-confiance-j-2-projecteurs-braques-sur-lapres-bayrou-06-09-2025-a-1226","status":"publish","type":"post","link":"https:\/\/www.europesays.com\/fr\/370644\/","title":{"rendered":"Vote de confiance, J-2: projecteurs braqu\u00e9s sur l&rsquo;apr\u00e8s-Bayrou &#8211; 06\/09\/2025 \u00e0 12:26"},"content":{"rendered":"<p>        <img fetchpriority=\"high\" decoding=\"async\" src=\"https:\/\/www.europesays.com\/fr\/wp-content\/uploads\/2025\/09\/e13c5a893a8bf97befc90c0a13b35eb7-760x507.jpg\" alt=\"Le Premier ministre Fran\u00e7ois Bayrou \u00e0 l'H\u00f4tel des Invalides, le 5 septembre 2025 \u00e0 Paris ( AFP \/ Ludovic MARIN )\" loading=\"eager\" width=\"760\" height=\"507\" style=\"max-width: 100%!important; height: auto;\"\/><\/p>\n<p class=\"c-image-news__legend\">Le Premier ministre Fran\u00e7ois Bayrou \u00e0 l&rsquo;H\u00f4tel des Invalides, le 5 septembre 2025 \u00e0 Paris ( AFP \/ Ludovic MARIN )<\/p>\n<p>\n A J-2 du vote de confiance, les jeux semblent faits: Fran\u00e7ois Bayrou poursuit samedi son marathon m\u00e9diatique, mais il n&rsquo;a pas r\u00e9ussi jusqu&rsquo;ici \u00e0 trouver les arguments pour \u00e9viter une d\u00e9faite, et c&rsquo;est plut\u00f4t le jour d&rsquo;apr\u00e8s sa chute qui occupera plusieurs rendez-vous de rentr\u00e9e.\n<\/p>\n<p>\n Lundi, le Premier ministre centriste, alli\u00e9 historique d&rsquo;Emmanuel Macron, engagera devant l&rsquo;Assembl\u00e9e nationale la responsabilit\u00e9 de son gouvernement au sujet de son constat d&rsquo;urgence face au \u00ab\u00a0surendettement\u00a0\u00bb de la France, et de l&rsquo;ampleur de l&rsquo;effort budg\u00e9taire \u00e0 consentir, qu&rsquo;il a chiffr\u00e9 \u00e0 44 milliards d&rsquo;euros pour 2026.\n<\/p>\n<p>\n Sauf \u00e9norme surprise, il devrait \u00eatre emport\u00e9 par la convergence des votes contre des oppositions quasi unanimes, de gauche et d&rsquo;extr\u00eame droite.\n<\/p>\n<p>\n M\u00eame ses soutiens ne se font gu\u00e8re d&rsquo;illusion, \u00e0 l&rsquo;image de Marc Fesneau samedi sur franceinfo: \u00ab\u00a0Ce n&rsquo;est pas parce qu&rsquo;un combat apparait perdu qu&rsquo;il ne faut pas le mener\u00a0\u00bb.\n<\/p>\n<p>\n Moins de neuf mois apr\u00e8s sa nomination, le fondateur du MoDem, \u00e2g\u00e9 de 74 ans, tombera donc sur les enjeux budg\u00e9taires du pays, comme son pr\u00e9d\u00e9cesseur Michel Barnier, qui n&rsquo;avait r\u00e9sist\u00e9 que trois mois \u00e0 Matignon.\n<\/p>\n<p>\n Avec le risque, agit\u00e9 par Fran\u00e7ois Bayrou, d&rsquo;un emballement des march\u00e9s financiers en cas d&rsquo;impasse politique, sur fond de col\u00e8re sociale, d\u00e8s mercredi avec le mouvement \u00ab\u00a0Bloquons tout\u00a0\u00bb, suivi d&rsquo;une mobilisation syndicale le 18 septembre.\n<\/p>\n<p>\n Il s&rsquo;agit en fait d&rsquo;un nouveau soubresaut de la crise politique la plus grave de la Ve R\u00e9publique, ouverte par la dissolution de l&rsquo;Assembl\u00e9e d\u00e9cid\u00e9e en juin 2024 par le chef de l&rsquo;Etat. Crise qui a abouti \u00e0 un paysage parlementaire plus fractur\u00e9 que jamais sans qu&rsquo;une majorit\u00e9 ait \u00e9merg\u00e9 depuis pour rendre la France gouvernable.\n<\/p>\n<p>        <img decoding=\"async\" src=\"https:\/\/www.europesays.com\/fr\/wp-content\/uploads\/2025\/09\/969af9f2d893b34cb4acb61eee4a7847-760x633.jpg\" alt=\"Nombre de si\u00e8ges par groupe \u00e0 l'Assembl\u00e9e nationale, au 3 septembre 2025 ( AFP \/ Nalini LEPETIT-CHELLA )\" loading=\"eager\" width=\"760\" height=\"633\" style=\"max-width: 100%!important; height: auto;\"\/><\/p>\n<p class=\"c-image-news__legend\">Nombre de si\u00e8ges par groupe \u00e0 l&rsquo;Assembl\u00e9e nationale, au 3 septembre 2025 ( AFP \/ Nalini LEPETIT-CHELLA )<\/p>\n<p>\n Omnipr\u00e9sent dans les m\u00e9dias depuis qu&rsquo;il a annonc\u00e9 le 25 ao\u00fbt, \u00e0 la surprise g\u00e9n\u00e9rale, qu&rsquo;il se soumettrait \u00e0 un vote de confiance, le Premier ministre est samedi l&rsquo;invit\u00e9 de \u00ab\u00a0C \u00e0 vous\u00a0\u00bb sur France 5 \u00e0 19H00, avant le m\u00e9dia en ligne Brut dimanche \u00e0 12H00.\n<\/p>\n<p>\n Jusqu&rsquo;ici, son plaidoyer passionn\u00e9, r\u00e9p\u00e9t\u00e9 jour apr\u00e8s jour devant les micros et aupr\u00e8s des chefs de parti re\u00e7us \u00e0 Matignon au fil de la semaine, n&rsquo;a toutefois fait bouger aucune voix de d\u00e9put\u00e9 en sa faveur, et son impopularit\u00e9 dans les sondages bat des records.\n<\/p>\n<p>\n La classe politique a d\u00e9j\u00e0 ent\u00e9rin\u00e9 son d\u00e9part, et pense \u00e0 la suite.\n<\/p>\n<p>\n Le sujet devrait \u00eatre au coeur du congr\u00e8s du parti Les R\u00e9publicains, qui fait sa rentr\u00e9e ce week-end \u00e0 Port-Marly, dans les Yvelines. Apr\u00e8s la cacophonie des derniers jours au sein de la droite, ses t\u00e9nors esp\u00e8rent pouvoir afficher une image d&rsquo;unit\u00e9.\n<\/p>\n<p> &#8211; Les LR cherchent l&rsquo;unit\u00e9 &#8211;<\/p>\n<p>\n Le chef des d\u00e9put\u00e9s LR Laurent Wauquiez doit s&rsquo;exprimer samedi apr\u00e8s-midi.\n<\/p>\n<p>        <img decoding=\"async\" src=\"https:\/\/www.europesays.com\/fr\/wp-content\/uploads\/2025\/09\/8862779227c6c7bbdf6cc623d613113a-760x507.jpg\" alt=\"Le chef des d\u00e9put\u00e9s LR Laurent Wauquiez \u00e0 Lyon, le 4 septembre 2025 ( AFP \/ OLIVIER CHASSIGNOLE )\" loading=\"eager\" width=\"760\" height=\"507\" style=\"max-width: 100%!important; height: auto;\"\/><\/p>\n<p class=\"c-image-news__legend\">Le chef des d\u00e9put\u00e9s LR Laurent Wauquiez \u00e0 Lyon, le 4 septembre 2025 ( AFP \/ OLIVIER CHASSIGNOLE )<\/p>\n<p>\n Jeudi, il avait sem\u00e9 le trouble en assurant que son groupe, au nom de la stabilit\u00e9, ne censurerait pas a priori un gouvernement men\u00e9 par le Parti socialiste, poussant Bruno Retailleau, patron de la droite, \u00e0 le corriger en pr\u00e9venant qu&rsquo;il ne donnerait pas de \u00ab\u00a0ch\u00e8que en blanc\u00a0\u00bb aux socialistes.\n<\/p>\n<p>\n Le ministre de l&rsquo;Int\u00e9rieur, qui appelle ses troupes \u00e0 voter la confiance lundi, doit lui prononcer un discours dimanche.\n<\/p>\n<p>        <img decoding=\"async\" src=\"https:\/\/www.europesays.com\/fr\/wp-content\/uploads\/2025\/09\/a7718569472f8d3a21b543b7e2f043a7-614x768.jpg\" alt=\"Issue des votes de confiance sollicit\u00e9s par le gouvernement sous la V\u00e8me R\u00e9publique en France, en part des votes des d\u00e9put\u00e9s exprim\u00e9s ( AFP \/ Valentin RAKOVSKY )\" loading=\"eager\" width=\"614\" height=\"768\" style=\"max-width: 100%!important; height: auto;\"\/><\/p>\n<p class=\"c-image-news__legend\">Issue des votes de confiance sollicit\u00e9s par le gouvernement sous la V\u00e8me R\u00e9publique en France, en part des votes des d\u00e9put\u00e9s exprim\u00e9s ( AFP \/ Valentin RAKOVSKY )<\/p>\n<p>\n De son c\u00f4t\u00e9, la dirigeante du Rassemblement national Marine Le Pen fait sa rentr\u00e9e politique dimanche dans son fief de H\u00e9nin-Beaumont, dans le Pas-de-Calais.\n<\/p>\n<p>\n Elle devrait r\u00e9it\u00e9rer la demande d&rsquo;une nouvelle dissolution au nom de l&rsquo;extr\u00eame droite, qui dit pouvoir \u00eatre en mesure de gouverner en cas de l\u00e9gislatives anticip\u00e9es.\n<\/p>\n<p>\n \u00ab\u00a0Pour mettre fin au chaos, il faut une majorit\u00e9\u00a0\u00bb donc \u00ab\u00a0retourner aux urnes est la seule solution viable\u00a0\u00bb, a estim\u00e9 le porte-parole du RN Laurent Jacobelli sur franceinfo.\n<\/p>\n<p>\n A d\u00e9faut, l&rsquo;extr\u00eame droite souhaite la d\u00e9mission d&rsquo;Emmanuel Macron, r\u00e9clam\u00e9e avec insistance \u00e9galement par La France insoumise, \u00e0 l&rsquo;autre bout de l&rsquo;\u00e9chiquier politique. \u00ab\u00a0Une absurdit\u00e9 (qui) fragiliserait nos institutions\u00a0\u00bb, a estim\u00e9 le d\u00e9put\u00e9 macroniste Mathieu Lefevre sur France 2.\n<\/p>\n<p>        <img decoding=\"async\" src=\"https:\/\/www.europesays.com\/fr\/wp-content\/uploads\/2025\/09\/6c55b80f5cff6147781ef4a1ef466177-760x506.jpg\" alt=\"Le pr\u00e9sident Emmanuel Macron \u00e0 l'H\u00f4tel des Invalides, le 5 septembre 2025 \u00e0 Paris ( AFP \/ Ludovic MARIN )\" loading=\"eager\" width=\"760\" height=\"506\" style=\"max-width: 100%!important; height: auto;\"\/><\/p>\n<p class=\"c-image-news__legend\">Le pr\u00e9sident Emmanuel Macron \u00e0 l&rsquo;H\u00f4tel des Invalides, le 5 septembre 2025 \u00e0 Paris ( AFP \/ Ludovic MARIN )<\/p>\n<p>\n D\u00e8s lundi soir, la balle sera donc dans le camp du chef de l&rsquo;Etat, qui bat lui aussi des records d&rsquo;impopularit\u00e9 depuis 2017 dans plusieurs \u00e9tudes d&rsquo;opinion.\n<\/p>\n<p>\n Pour l&rsquo;instant, il a plaid\u00e9 la \u00ab\u00a0mobilisation\u00a0\u00bb de son camp en faveur du Premier ministre, et pr\u00f4n\u00e9 \u00ab\u00a0responsabilit\u00e9\u00a0\u00bb et \u00ab\u00a0stabilit\u00e9\u00a0\u00bb.\n<\/p>\n<p>\n En public, il a refus\u00e9 d&rsquo;\u00e9voquer l&rsquo;apr\u00e8s-Bayrou avant l&rsquo;heure, mais dans le huis clos de l&rsquo;Elys\u00e9e, il a demand\u00e9 aux chefs du camp gouvernemental de \u00ab\u00a0travailler avec les socialistes\u00a0\u00bb.\n<\/p>\n<p>\n Jusqu&rsquo;\u00e0 envisager de nommer leur chef Olivier Faure \u00e0 Matignon, alors que le PS fait ouvertement acte de candidature ? Les sp\u00e9culations vont bon train, mais peu, dans l&rsquo;entourage du pr\u00e9sident, imaginent ce sc\u00e9nario.<\/p>\n","protected":false},"excerpt":{"rendered":"Le Premier ministre Fran\u00e7ois Bayrou \u00e0 l&rsquo;H\u00f4tel des Invalides, le 5 septembre 2025 \u00e0 Paris ( AFP \/&hellip;\n","protected":false},"author":2,"featured_media":370645,"comment_status":"","ping_status":"","sticky":false,"template":"","format":"standard","meta":{"footnotes":""},"categories":[4],"tags":[400,11,398,408,405,1011,27,403,402,399,404,12,25,401,406,407],"class_list":{"0":"post-370644","1":"post","2":"type-post","3":"status-publish","4":"format-standard","5":"has-post-thumbnail","7":"category-france","8":"tag-action-cac-40","9":"tag-actualites","10":"tag-bourse-de-paris","11":"tag-boursorama","12":"tag-cotations","13":"tag-fr","14":"tag-france","15":"tag-indices-devises","16":"tag-investir","17":"tag-investissement","18":"tag-marche-boursier","19":"tag-news","20":"tag-republique-francaise","21":"tag-sicav","22":"tag-trackers","23":"tag-warrants"},"share_on_mastodon":{"url":"https:\/\/pubeurope.com\/@fr\/115157438816080178","error":""},"_links":{"self":[{"href":"https:\/\/www.europesays.com\/fr\/wp-json\/wp\/v2\/posts\/370644","targetHints":{"allow":["GET"]}}],"collection":[{"href":"https:\/\/www.europesays.com\/fr\/wp-json\/wp\/v2\/posts"}],"about":[{"href":"https:\/\/www.europesays.com\/fr\/wp-json\/wp\/v2\/types\/post"}],"author":[{"embeddable":true,"href":"https:\/\/www.europesays.com\/fr\/wp-json\/wp\/v2\/users\/2"}],"replies":[{"embeddable":true,"href":"https:\/\/www.europesays.com\/fr\/wp-json\/wp\/v2\/comments?post=370644"}],"version-history":[{"count":0,"href":"https:\/\/www.europesays.com\/fr\/wp-json\/wp\/v2\/posts\/370644\/revisions"}],"wp:featuredmedia":[{"embeddable":true,"href":"https:\/\/www.europesays.com\/fr\/wp-json\/wp\/v2\/media\/370645"}],"wp:attachment":[{"href":"https:\/\/www.europesays.com\/fr\/wp-json\/wp\/v2\/media?parent=370644"}],"wp:term":[{"taxonomy":"category","embeddable":true,"href":"https:\/\/www.europesays.com\/fr\/wp-json\/wp\/v2\/categories?post=370644"},{"taxonomy":"post_tag","embeddable":true,"href":"https:\/\/www.europesays.com\/fr\/wp-json\/wp\/v2\/tags?post=370644"}],"curies":[{"name":"wp","href":"https:\/\/api.w.org\/{rel}","templated":true}]}}