{"id":370647,"date":"2025-09-06T12:51:13","date_gmt":"2025-09-06T12:51:13","guid":{"rendered":"https:\/\/www.europesays.com\/fr\/370647\/"},"modified":"2025-09-06T12:51:13","modified_gmt":"2025-09-06T12:51:13","slug":"loire-la-banque-de-france-ouvre-pour-la-derniere-fois-les-portes-de-ses-locaux-historiques","status":"publish","type":"post","link":"https:\/\/www.europesays.com\/fr\/370647\/","title":{"rendered":"Loire. La Banque de France ouvre pour la derni\u00e8re fois les portes de ses locaux historiques"},"content":{"rendered":"<p>Pour la deuxi\u00e8me ann\u00e9e, la Banque de France va ouvrir ses locaux, situ\u00e9s rue d\u2019Arcole, \u00e0 Saint-Etienne, au public dans la cadre des Journ\u00e9es du patrimoine, le vendredi 19\u00a0septembre, d\u00e8s 14 \u00e0 17 heures et le samedi 20\u00a0septembre de 9 \u00e0 12 heures et de 13\u00a0h\u00a040 \u00e0 17 heures.<\/p>\n<p>Philippe Kiehl, directeur d\u00e9partemental de la Banque de France, dit avoir ajust\u00e9 les visites, qui dureront 1\u00a0h\u00a015\u00a0: \u00ab\u00a0L\u2019ann\u00e9e derni\u00e8re, elles \u00e9taient plus courtes, mais les questions du public \u00e9taient nombreuses. Il nous fallait plus de temps.\u00a0\u00bb<\/p>\n<p>En plus de l\u2019architecture du b\u00e2timent et bien \u00e9videmment de la salle des coffres, toujours tr\u00e8s demand\u00e9e, des moments d\u2019\u00e9changes avec des experts de la Banque de France sont au programme. \u00ab Nous proposons des \u00e9changes ouverts avec des responsables de la Banque sur des th\u00e8mes en lien avec l\u2019institution (pouvoir d\u2019achat, inflation, \u00e9pargne, cr\u00e9dit, crypto-actifs). Visites comme ateliers se feront uniquement sur inscriptions. Nous ne disposons que de 400 places.\u00a0\u00bb<\/p>\n<p>Des places qui risquent de partir comme des petits pains puisque ce sera la derni\u00e8re occasion de visiter les locaux historiques de la Banque de France, datant de 1836. En effet, le 30\u00a0octobre prochain, <a href=\"https:\/\/www.leprogres.fr\/economie\/2023\/08\/29\/la-banque-de-france-va-s-installer-face-a-la-gare-de-chateaucreux\" target=\"_blank\" rel=\"nofollow noopener\">elle quitte le site de la rue d\u2019Arcole de 5\u00a0000 m\u00b2 pour ouvrir sa nouvelle succursale<\/a> dans la rue Denfert-Rochereau, dans l\u2019immeuble One Station (l&rsquo;immeuble rouge), en face de la gare de Ch\u00e2teaucreux.<\/p>\n<p>Le directeur explique\u00a0: \u00ab\u00a0Nous allons ouvrir le 3\u00a0novembre prochain pour le public, dans des locaux de 600 m2  sur trois \u00e9tages. Vingt-cinq agents travaillent au sein de la Banque de France, toujours au service du public pour tout ce qui concerne la r\u00e9glementation bancaire (les fichiers bancaires, le droit au compte, les microcr\u00e9dits) et toute la proc\u00e9dure de surendettement. Reste aussi le p\u00f4le entreprise\u00a0: nous intervenons aupr\u00e8s des 4\u00a0000 plus grosses entreprises de la Loire et des 1\u00a0000 plus grosses entreprises de Haute-Loire\u00a0\u00bb, pr\u00e9cise Philippe Kiehl.<\/p>\n<p class=\"note\">Pas d\u2019acc\u00e8s possible pour les personnes \u00e0 mobilit\u00e9 r\u00e9duite. Visite gratuite, une inscription par personne, via <a href=\"https:\/\/openagenda.com\/fr\/ensemble-dialoguons-banque-de-france?geo%5BnorthEast%5D%5Blat%5D=45.97984699762697&amp;geo%5BnorthEast%5D%5Blng%5D=6.5087186483712&amp;geo%5BsouthWest%5D%5Blat%5D=44.599847893360234&amp;geo%5BsouthWest%5D%5Blng%5D=3.4090046416747555\" target=\"_blank\" rel=\"nofollow noopener\">ce lien.<\/a><\/p>\n","protected":false},"excerpt":{"rendered":"Pour la deuxi\u00e8me ann\u00e9e, la Banque de France va ouvrir ses locaux, situ\u00e9s rue d\u2019Arcole, \u00e0 Saint-Etienne, au&hellip;\n","protected":false},"author":2,"featured_media":370648,"comment_status":"","ping_status":"","sticky":false,"template":"","format":"standard","meta":{"footnotes":""},"categories":[9653],"tags":[1111,11,2430,33,7539,1777,674,3183,1011,27,3367,12,2661,25,4001,7538],"class_list":{"0":"post-370647","1":"post","2":"type-post","3":"status-publish","4":"format-standard","5":"has-post-thumbnail","7":"category-saint-etienne","8":"tag-actu","9":"tag-actualites","10":"tag-auvergne-rhone-alpes","11":"tag-economie","12":"tag-edition-loire-sud","13":"tag-eu","14":"tag-europe","15":"tag-finance-et-fiscalite","16":"tag-fr","17":"tag-france","18":"tag-loire","19":"tag-news","20":"tag-patrimoine-culturel","21":"tag-republique-francaise","22":"tag-saint-etienne","23":"tag-saint-etienne-ville"},"share_on_mastodon":{"url":"https:\/\/pubeurope.com\/@fr\/115157446407655278","error":""},"_links":{"self":[{"href":"https:\/\/www.europesays.com\/fr\/wp-json\/wp\/v2\/posts\/370647","targetHints":{"allow":["GET"]}}],"collection":[{"href":"https:\/\/www.europesays.com\/fr\/wp-json\/wp\/v2\/posts"}],"about":[{"href":"https:\/\/www.europesays.com\/fr\/wp-json\/wp\/v2\/types\/post"}],"author":[{"embeddable":true,"href":"https:\/\/www.europesays.com\/fr\/wp-json\/wp\/v2\/users\/2"}],"replies":[{"embeddable":true,"href":"https:\/\/www.europesays.com\/fr\/wp-json\/wp\/v2\/comments?post=370647"}],"version-history":[{"count":0,"href":"https:\/\/www.europesays.com\/fr\/wp-json\/wp\/v2\/posts\/370647\/revisions"}],"wp:featuredmedia":[{"embeddable":true,"href":"https:\/\/www.europesays.com\/fr\/wp-json\/wp\/v2\/media\/370648"}],"wp:attachment":[{"href":"https:\/\/www.europesays.com\/fr\/wp-json\/wp\/v2\/media?parent=370647"}],"wp:term":[{"taxonomy":"category","embeddable":true,"href":"https:\/\/www.europesays.com\/fr\/wp-json\/wp\/v2\/categories?post=370647"},{"taxonomy":"post_tag","embeddable":true,"href":"https:\/\/www.europesays.com\/fr\/wp-json\/wp\/v2\/tags?post=370647"}],"curies":[{"name":"wp","href":"https:\/\/api.w.org\/{rel}","templated":true}]}}