{"id":370649,"date":"2025-09-06T12:52:20","date_gmt":"2025-09-06T12:52:20","guid":{"rendered":"https:\/\/www.europesays.com\/fr\/370649\/"},"modified":"2025-09-06T12:52:20","modified_gmt":"2025-09-06T12:52:20","slug":"suivez-le-match-des-vertes-depuis-nos-bars-partenaires","status":"publish","type":"post","link":"https:\/\/www.europesays.com\/fr\/370649\/","title":{"rendered":"Suivez le match des Vertes depuis nos bars partenaires"},"content":{"rendered":"<p>Depuis plusieurs saisons, les St\u00e9phanois peuvent suivre les rencontres des Verts depuis les bars partenaires du label Steph&rsquo; ! Cette saison, plusieurs \u00e9tablissements diffuseront \u00e9galement les rencontres des f\u00e9minines, dont la saison d\u00e9bute ce samedi \u00e0 Nantes (17h).\u00a0<\/p>\n<p>L&rsquo;AS Saint-\u00c9tienne invite donc ses supporters \u00e0 se retrouver dans l&rsquo;un de ses \u00e9tablissements partenaires de son centre-ville : le VI Nations, le Lipopette Bar et le Bistrot de Saint\u00e9 pour supporter les joueuses de S\u00e9bastien Joseph.\u00a0<\/p>\n<p>Allez les Vertes !<\/p>\n<p>LES BARS PARTICIPANTS<\/p>\n<p><img decoding=\"async\" src=\"https:\/\/www.europesays.com\/fr\/wp-content\/uploads\/2025\/04\/f83c5c212065ba44a573a141877b3c679e0b57e2.jpg\" class=\"fr-fic fr-dib\"\/><\/p>\n","protected":false},"excerpt":{"rendered":"Depuis plusieurs saisons, les St\u00e9phanois peuvent suivre les rencontres des Verts depuis les bars partenaires du label Steph&rsquo;&hellip;\n","protected":false},"author":2,"featured_media":370650,"comment_status":"","ping_status":"","sticky":false,"template":"","format":"standard","meta":{"footnotes":""},"categories":[9653],"tags":[1111,11,2430,1777,674,1011,27,12,25,4001],"class_list":{"0":"post-370649","1":"post","2":"type-post","3":"status-publish","4":"format-standard","5":"has-post-thumbnail","7":"category-saint-etienne","8":"tag-actu","9":"tag-actualites","10":"tag-auvergne-rhone-alpes","11":"tag-eu","12":"tag-europe","13":"tag-fr","14":"tag-france","15":"tag-news","16":"tag-republique-francaise","17":"tag-saint-etienne"},"share_on_mastodon":{"url":"https:\/\/pubeurope.com\/@fr\/115157450313036885","error":""},"_links":{"self":[{"href":"https:\/\/www.europesays.com\/fr\/wp-json\/wp\/v2\/posts\/370649","targetHints":{"allow":["GET"]}}],"collection":[{"href":"https:\/\/www.europesays.com\/fr\/wp-json\/wp\/v2\/posts"}],"about":[{"href":"https:\/\/www.europesays.com\/fr\/wp-json\/wp\/v2\/types\/post"}],"author":[{"embeddable":true,"href":"https:\/\/www.europesays.com\/fr\/wp-json\/wp\/v2\/users\/2"}],"replies":[{"embeddable":true,"href":"https:\/\/www.europesays.com\/fr\/wp-json\/wp\/v2\/comments?post=370649"}],"version-history":[{"count":0,"href":"https:\/\/www.europesays.com\/fr\/wp-json\/wp\/v2\/posts\/370649\/revisions"}],"wp:featuredmedia":[{"embeddable":true,"href":"https:\/\/www.europesays.com\/fr\/wp-json\/wp\/v2\/media\/370650"}],"wp:attachment":[{"href":"https:\/\/www.europesays.com\/fr\/wp-json\/wp\/v2\/media?parent=370649"}],"wp:term":[{"taxonomy":"category","embeddable":true,"href":"https:\/\/www.europesays.com\/fr\/wp-json\/wp\/v2\/categories?post=370649"},{"taxonomy":"post_tag","embeddable":true,"href":"https:\/\/www.europesays.com\/fr\/wp-json\/wp\/v2\/tags?post=370649"}],"curies":[{"name":"wp","href":"https:\/\/api.w.org\/{rel}","templated":true}]}}