{"id":370651,"date":"2025-09-06T12:55:49","date_gmt":"2025-09-06T12:55:49","guid":{"rendered":"https:\/\/www.europesays.com\/fr\/370651\/"},"modified":"2025-09-06T12:55:49","modified_gmt":"2025-09-06T12:55:49","slug":"asnl-un-debut-prometteur-en-ligue-2-mais-labsence-du-public-pese-t-elle","status":"publish","type":"post","link":"https:\/\/www.europesays.com\/fr\/370651\/","title":{"rendered":"ASNL\u00a0: un d\u00e9but prometteur en Ligue 2, mais l&rsquo;absence du public p\u00e8se-t-elle\u00a0?"},"content":{"rendered":"<p> <img decoding=\"async\" src=\"https:\/\/www.europesays.com\/fr\/wp-content\/uploads\/2025\/09\/1757163349_850_1200x680\" alt=\"illustration agrandir l'image\" style=\"--_image-preview:url('data:image\/jpeg;base64,\/9j\/2wBDACgcHiMeGSgjISMtKygwPGRBPDc3PHtYXUlkkYCZlo+AjIqgtObDoKrarYqMyP\/L2u71\/\/\/\/m8H\/\/\/\/6\/+b9\/\/j\/2wBDASstLTw1PHZBQXb4pYyl+Pj4+Pj4+Pj4+Pj4+Pj4+Pj4+Pj4+Pj4+Pj4+Pj4+Pj4+Pj4+Pj4+Pj4+Pj4+Pj4+Pj\/wAARCAAqACoDASIAAhEBAxEB\/8QAGAAAAwEBAAAAAAAAAAAAAAAAAQIDAAT\/xAAYEAEBAQEBAAAAAAAAAAAAAAAAEgIBEf\/EABYBAQEBAAAAAAAAAAAAAAAAAAABAv\/EABURAQEAAAAAAAAAAAAAAAAAAAAR\/9oADAMBAAIRAxEAPwC\/dJ76FF7pqiW0N5dGktcQc\/chK\/chKK6LL3SVBTIr3Qep01KHAlNShfQ9AEB9aisqDTUVgf\/Z');\" loading=\"eager\" fetchpriority=\"high\" aria-hidden=\"true\" class=\"svelte-1pnmlwx rounded\" onload=\"this.__e=event\" onerror=\"this.__e=event\"\/> Le stade Marcel Picot retrouvera son public lors de la venue du club d&rsquo;Amiens le 20 octobre \u00a9 Maxppp &#8211; Cedric JACQUOT    <\/p>\n<p class=\"g-ici-body-regular-3 info svelte-1a514ib\">Diffus\u00e9 le vendredi 5 septembre 2025 \u00e0 18:10 <\/p>\n<p class=\"g-ici-body-regular-3 info svelte-1a514ib\">Publi\u00e9 le vendredi 5 septembre 2025 \u00e0 18:10 <\/p>\n<p class=\"g-ici-body-bold-1 standFirst svelte-g22axr\">L&rsquo;ASNL, promu en Ligue 2, d\u00e9marre sa saison de mani\u00e8re impressionnante, restant invaincue apr\u00e8s quatre journ\u00e9es et totalisant 8 points. En conservant une grande partie de son effectif, l&rsquo;\u00e9quipe envoie un message fort aux sceptiques. Mais l&rsquo;absence de son public,  p\u00e8se-t-elle sur ses performances\u00a0?<\/p>\n<p>L\u2019ASNL, qui a fait son retour en Ligue 2, ne cesse de surprendre avec un d\u00e9but de saison solide. Apr\u00e8s quatre journ\u00e9es, <strong>les Lorrains sont toujours invaincus,<\/strong> engrangeant 8 points et affichant un visage prometteur. Le maintien de l\u2019ossature de l\u2019\u00e9quipe, avec une majorit\u00e9 des joueurs pr\u00e9sents lors de la mont\u00e9e, semble jouer un r\u00f4le important dans cette belle dynamique. La stabilit\u00e9 de l\u2019effectif offre une continuit\u00e9 qui permet aux joueurs de se conna\u00eetre parfaitement et de r\u00e9pondre pr\u00e9sent collectivement. Toutefois, un nuage persiste au-dessus du club\u00a0: <a class=\"IciLink ici-link IciArticleLink g-ici-body-regular-1 underline brand svelte-lu7k6w\" href=\"https:\/\/www.francebleu.fr\/sports\/football\/matchs-a-huis-clos-a-marcel-picot-l-asnl-annonce-ses-mesures-de-compensation-2974064\" rel=\"nofollow noopener\" target=\"_blank\">les matchs \u00e0 huis clos.<\/a><\/p>\n<p>En raison de sanctions disciplinaires, l\u2019ASNL doit encore disputer <strong>deux rencontres<\/strong> sans le soutien de ses supporters. Cette absence de public ne peut \u00eatre qu\u2019un d\u00e9savantage, surtout lorsque l&rsquo;on conna\u00eet la ferveur des supporters Rouge et Blanc. Mais malgr\u00e9 cette longue situation in\u00e9dite, l&rsquo;\u00e9quipe parvient \u00e0 livrer des performances solides. La question reste donc ouverte\u00a0: l\u2019absence du public est-elle un vrai frein \u00e0 l\u2019ambition de l\u2019ASNL\u00a0?<\/p>\n<p>\u00c0 \u00e9couter aussi   <img decoding=\"async\" src=\"https:\/\/www.europesays.com\/fr\/wp-content\/uploads\/2025\/09\/1757163349_859_200x200\" alt=\"Walid Bouabdeli poursuit sa progression en Ligue 2\" style=\"--_image-preview:url('data:image\/jpeg;base64,\/9j\/2wBDACgcHiMeGSgjISMtKygwPGRBPDc3PHtYXUlkkYCZlo+AjIqgtObDoKrarYqMyP\/L2u71\/\/\/\/m8H\/\/\/\/6\/+b9\/\/j\/2wBDASstLTw1PHZBQXb4pYyl+Pj4+Pj4+Pj4+Pj4+Pj4+Pj4+Pj4+Pj4+Pj4+Pj4+Pj4+Pj4+Pj4+Pj4+Pj4+Pj4+Pj\/wAARCAAqACoDASIAAhEBAxEB\/8QAFwABAQEBAAAAAAAAAAAAAAAAAAEDAv\/EABgQAQEBAQEAAAAAAAAAAAAAAAABEQIS\/8QAFgEBAQEAAAAAAAAAAAAAAAAAAAEC\/8QAFREBAQAAAAAAAAAAAAAAAAAAABH\/2gAMAwEAAhEDEQA\/AMPKXlpiWCsrExpY4ogClGulc6azSpXNWuaUoAlKumoMs1QAABH\/2Q==');\" loading=\"lazy\" fetchpriority=\"low\" aria-hidden=\"true\" class=\"svelte-1pnmlwx rounded\" onload=\"this.__e=event\" onerror=\"this.__e=event\"\/> <\/p>\n<ul class=\"SocialNetworks svelte-bt5901\">\n<li class=\"svelte-bt5901\"><\/li>\n<li class=\"svelte-bt5901\"><\/li>\n<li class=\"svelte-bt5901\"><\/li>\n<li class=\"svelte-bt5901\"><\/li>\n<li class=\"svelte-bt5901\"><\/li>\n<\/ul>\n","protected":false},"excerpt":{"rendered":"Le stade Marcel Picot retrouvera son public lors de la venue du club d&rsquo;Amiens le 20 octobre \u00a9&hellip;\n","protected":false},"author":2,"featured_media":370652,"comment_status":"","ping_status":"","sticky":false,"template":"","format":"standard","meta":{"footnotes":""},"categories":[9635],"tags":[1111,11,1777,674,1011,27,775,1702,12,25],"class_list":{"0":"post-370651","1":"post","2":"type-post","3":"status-publish","4":"format-standard","5":"has-post-thumbnail","7":"category-nancy","8":"tag-actu","9":"tag-actualites","10":"tag-eu","11":"tag-europe","12":"tag-fr","13":"tag-france","14":"tag-grand-est","15":"tag-nancy","16":"tag-news","17":"tag-republique-francaise"},"share_on_mastodon":{"url":"https:\/\/pubeurope.com\/@fr\/115157466164358503","error":""},"_links":{"self":[{"href":"https:\/\/www.europesays.com\/fr\/wp-json\/wp\/v2\/posts\/370651","targetHints":{"allow":["GET"]}}],"collection":[{"href":"https:\/\/www.europesays.com\/fr\/wp-json\/wp\/v2\/posts"}],"about":[{"href":"https:\/\/www.europesays.com\/fr\/wp-json\/wp\/v2\/types\/post"}],"author":[{"embeddable":true,"href":"https:\/\/www.europesays.com\/fr\/wp-json\/wp\/v2\/users\/2"}],"replies":[{"embeddable":true,"href":"https:\/\/www.europesays.com\/fr\/wp-json\/wp\/v2\/comments?post=370651"}],"version-history":[{"count":0,"href":"https:\/\/www.europesays.com\/fr\/wp-json\/wp\/v2\/posts\/370651\/revisions"}],"wp:featuredmedia":[{"embeddable":true,"href":"https:\/\/www.europesays.com\/fr\/wp-json\/wp\/v2\/media\/370652"}],"wp:attachment":[{"href":"https:\/\/www.europesays.com\/fr\/wp-json\/wp\/v2\/media?parent=370651"}],"wp:term":[{"taxonomy":"category","embeddable":true,"href":"https:\/\/www.europesays.com\/fr\/wp-json\/wp\/v2\/categories?post=370651"},{"taxonomy":"post_tag","embeddable":true,"href":"https:\/\/www.europesays.com\/fr\/wp-json\/wp\/v2\/tags?post=370651"}],"curies":[{"name":"wp","href":"https:\/\/api.w.org\/{rel}","templated":true}]}}