{"id":370659,"date":"2025-09-06T12:59:16","date_gmt":"2025-09-06T12:59:16","guid":{"rendered":"https:\/\/www.europesays.com\/fr\/370659\/"},"modified":"2025-09-06T12:59:16","modified_gmt":"2025-09-06T12:59:16","slug":"10-septembre-a-montpellier-des-assemblees-qui-continuent-a-prendre-de-lampleur-et-une-myriade-dinitiatives","status":"publish","type":"post","link":"https:\/\/www.europesays.com\/fr\/370659\/","title":{"rendered":"10 septembre\u00a0: \u00e0 Montpellier, des assembl\u00e9es qui continuent \u00e0 prendre de l\u2019ampleur et une myriade d\u2019initiatives"},"content":{"rendered":"<p>\t\t\t\t<a href=\"https:\/\/www.europesays.com\/fr\/wp-content\/uploads\/2025\/09\/IMG_20250902_185456213-scaled.jpg\" data-lightbox=\"lb\" data-title=\"Plus de 300 personnes participaient le 2 septembre \u00e0 une cinqui\u00e8me assembl\u00e9e g\u00e9n\u00e9rale montpelli\u00e9raine en vue de la mobilisation du 10 septembre \"><br \/>\n\t\t\t\t\t<img decoding=\"async\" class=\"wp-image-7214 size-full\" src=\"https:\/\/www.europesays.com\/fr\/wp-content\/uploads\/2025\/09\/IMG_20250902_185456213-scaled.jpg\"\/><br \/>\n\t\t\t\t<\/a><\/p>\n<p>Plus de 300 personnes participaient le 2 septembre \u00e0 une cinqui\u00e8me assembl\u00e9e g\u00e9n\u00e9rale montpelli\u00e9raine en vue de la mobilisation du 10 septembre <\/p>\n<p><strong>Entre 3 et 400 personnes ont particip\u00e9 \u00e0 une nouvelle assembl\u00e9e de pr\u00e9paration du mouvement du 10 septembre ce mardi 2 septembre \u00e0 Montpellier. Depuis, les initiatives se multiplient dans la ville. <\/strong><\/p>\n<p>Le nombre de participant-es aux pr\u00e9paratifs d\u2019une \u00e9dition montpelli\u00e9raine du 10 septembre ne cesse de gonfler. D\u2019une vingtaine de pr\u00e9sent-es d\u00e9but ao\u00fbt, on passait \u00e0 <a href=\"https:\/\/lepoing.net\/a-montpellier-le-vote-de-confiance-propose-par-bayrou-nempeche-pas-la-sauce-du-10-septembre-de-monter\/\" rel=\"nofollow noopener\" target=\"_blank\">200 le 26 ao\u00fbt,<\/a> puis \u00e0 plus de 300 pour la cinqui\u00e8me assembl\u00e9e g\u00e9n\u00e9rale organis\u00e9e le 2 septembre. <\/p>\n<p>Diff\u00e9rentes commissions se chargent de structurer des groupes de communication \u00e0 th\u00e8me, d\u2019organiser des rendez-vous tourn\u00e9s vers la population montpelli\u00e9raine, de faire de l\u2019information contre la r\u00e9pression judiciaire et polici\u00e8re, ou encore d\u2019organiser des cantines populaires pour nourrir les mobilis\u00e9-es.<\/p>\n<p>Une proposition de rencontres nationales va \u00eatre lanc\u00e9e aux autres assembl\u00e9es du mouvement, organis\u00e9es dans la plupart des d\u00e9partements fran\u00e7ais. Et de nombreux points d\u2019\u00e9tapes ont \u00e9t\u00e9 lanc\u00e9s avant la mobilisation du 10 septembre, alors que la fameuse journ\u00e9e est partie pour se structurer autour d\u2019une action de blocage, puis d\u2019une manifestation \u00e0 11h place de la Com\u00e9die. <\/p>\n<p>Alors que la ville toute proche de S\u00e8te rassemblait 200 personnes en assembl\u00e9e le 4, une assembl\u00e9e g\u00e9n\u00e9rale a eu lieu le 5 en fac de sciences, de m\u00eame que la r\u00e9union d\u2019un comit\u00e9 de quartier Figuerolles, au parc de la Guirlande. <\/p>\n<p><strong>Dimanche 7 septembre<\/strong> un tractage aura lieu \u00e0 l\u2019Antigone des Associations, \u00e0 partir de 10h \u00e0 c\u00f4t\u00e9 de la statue de Diane, au 261 rue L\u00e9on Blum.<\/p>\n<p><strong>Lundi 8 septembre,<\/strong> le syndicat Sud Rail et l\u2019Union Syndicales Solidaires organiseront le matin une distribution de tracts pour la journ\u00e9e du 10, \u00e0 partir de 8h devant la gare Saint-Roch. Les salari\u00e9-es de Solidaires Informatique feront la m\u00eame chose d\u00e8s 16h, au 2656 avenue Georges Fr\u00eache (Ligne 3 arr\u00eat \u00c9copole).<\/p>\n<p>Le soir, c\u2019est un rassemblement en forme de pot de d\u00e9part du premier ministre Fran\u00e7ois Bayrou qui est pr\u00e9vu \u00e0 19h sur la place de la Mairie, comme dans de nombreuses autres villes de France, alors que le vote de confiance annonc\u00e9 par ce dernier risque effectivement de marquer la chute du gouvernement actuel. <\/p>\n<p>\u00c0 la m\u00eame heure, cette fois-ci \u00e0 la librairie La Symbolique du Poulet, 13 rue du Soldat, c\u2019est une discussion-bilan qui aura lieu autour du mouvement des gilets jaunes et des luttes des derni\u00e8res ann\u00e9es, \u00e0 l\u2019aube d\u2019un probable nouveau mouvement social.<\/p>\n<p>Puis l\u2019antenne montpelli\u00e9raine du groupe \u00e9cologiste Extinction R\u00e9bellion proposera une formation sur la d\u00e9sob\u00e9issance civile, au local associatif La Base, 15 rue Chaptal, \u00e0 partir de 20h en deux temps\u00a0: la conduite \u00e0 tenir en cas d\u2019arrestation et de garde \u00e0 vue, puis les soins de base face aux gaz ou blessures.<\/p>\n<p>\u00c0 l\u2019universit\u00e9 Paul Val\u00e9ry, une r\u00e9union d\u2019infos et une assembl\u00e9e g\u00e9n\u00e9rale auront lieu le <strong>mardi 9 septembre <\/strong>\u00e0 12h15 en Amphi 2, alors que la prochaine assembl\u00e9e g\u00e9n\u00e9raliste de pr\u00e9paration du 10 se tiendra le soir, \u00e0 18h30, toujours sur les marches du Corum c\u00f4t\u00e9 esplanade.\u00a0<\/p>\n<p>Des blocages de lyc\u00e9es de la ville pourraient \u00e9galement avoir lieu le 10 septembre, alors que des r\u00e9unions de pr\u00e9paration d\u2019\u00e9l\u00e8ves ont eu lieu et que des syndicats lyc\u00e9ens appellent \u00e0 rejoindre le mouvement par des blocages d\u2019\u00e9tablissements. <\/p>\n<p>Nos articles sont gratuits car nous pensons que la presse ind\u00e9pendante doit \u00eatre accessible \u00e0 toutes et tous. Pourtant, produire une information engag\u00e9e et de qualit\u00e9 n\u00e9cessite du temps et de l\u2019argent, surtout quand on refuse d\u2019\u00eatre aux ordres de Bollor\u00e9 et de ses amis\u2026 Pourvu que \u00e7a dure\u00a0! \u00c7a tombe bien, \u00e7a ne tient qu\u2019\u00e0 vous :<\/p>\n","protected":false},"excerpt":{"rendered":"Plus de 300 personnes participaient le 2 septembre \u00e0 une cinqui\u00e8me assembl\u00e9e g\u00e9n\u00e9rale montpelli\u00e9raine en vue de la&hellip;\n","protected":false},"author":2,"featured_media":370660,"comment_status":"","ping_status":"","sticky":false,"template":"","format":"standard","meta":{"footnotes":""},"categories":[9599],"tags":[1111,11,1777,674,1011,27,2208,12,2680,25],"class_list":{"0":"post-370659","1":"post","2":"type-post","3":"status-publish","4":"format-standard","5":"has-post-thumbnail","7":"category-montpellier","8":"tag-actu","9":"tag-actualites","10":"tag-eu","11":"tag-europe","12":"tag-fr","13":"tag-france","14":"tag-montpellier","15":"tag-news","16":"tag-occitanie","17":"tag-republique-francaise"},"share_on_mastodon":{"url":"https:\/\/pubeurope.com\/@fr\/115157477860464736","error":""},"_links":{"self":[{"href":"https:\/\/www.europesays.com\/fr\/wp-json\/wp\/v2\/posts\/370659","targetHints":{"allow":["GET"]}}],"collection":[{"href":"https:\/\/www.europesays.com\/fr\/wp-json\/wp\/v2\/posts"}],"about":[{"href":"https:\/\/www.europesays.com\/fr\/wp-json\/wp\/v2\/types\/post"}],"author":[{"embeddable":true,"href":"https:\/\/www.europesays.com\/fr\/wp-json\/wp\/v2\/users\/2"}],"replies":[{"embeddable":true,"href":"https:\/\/www.europesays.com\/fr\/wp-json\/wp\/v2\/comments?post=370659"}],"version-history":[{"count":0,"href":"https:\/\/www.europesays.com\/fr\/wp-json\/wp\/v2\/posts\/370659\/revisions"}],"wp:featuredmedia":[{"embeddable":true,"href":"https:\/\/www.europesays.com\/fr\/wp-json\/wp\/v2\/media\/370660"}],"wp:attachment":[{"href":"https:\/\/www.europesays.com\/fr\/wp-json\/wp\/v2\/media?parent=370659"}],"wp:term":[{"taxonomy":"category","embeddable":true,"href":"https:\/\/www.europesays.com\/fr\/wp-json\/wp\/v2\/categories?post=370659"},{"taxonomy":"post_tag","embeddable":true,"href":"https:\/\/www.europesays.com\/fr\/wp-json\/wp\/v2\/tags?post=370659"}],"curies":[{"name":"wp","href":"https:\/\/api.w.org\/{rel}","templated":true}]}}