{"id":370663,"date":"2025-09-06T13:06:09","date_gmt":"2025-09-06T13:06:09","guid":{"rendered":"https:\/\/www.europesays.com\/fr\/370663\/"},"modified":"2025-09-06T13:06:09","modified_gmt":"2025-09-06T13:06:09","slug":"leurs-locaux-deteriores-par-les-racines-darbre-un-syndicat-enseignant-attaque-la-ville-de-rennes-en-justice","status":"publish","type":"post","link":"https:\/\/www.europesays.com\/fr\/370663\/","title":{"rendered":"Leurs locaux d\u00e9t\u00e9rior\u00e9s par les racines d&rsquo;arbre, un syndicat enseignant attaque la Ville de Rennes en Justice"},"content":{"rendered":"<p>            Par<br \/>\n        <strong><br \/>\n            <a href=\"https:\/\/actu.fr\/auteur\/redaction-rennes\" title=\"Consulter tous les articles de R\u00e9daction Rennes\" rel=\"nofollow noopener\" target=\"_blank\">R\u00e9daction Rennes<\/a><br \/>\n        <\/strong><\/p>\n<p>        Publi\u00e9 le<\/p>\n<p>            6 sept. 2025 \u00e0 11h45        <\/p>\n<p><strong>Des fissures<\/strong> sont apparues sur le b\u00e2timent en 2010. Depuis, <strong>les locaux sont \u00ab\u00a0inexploitables\u00a0\u00bb.<\/strong> Le Syndicat national des enseignants du second degr\u00e9 (SNES-FSU) tient pour responsable la Ville de Rennes. Les racines d\u2019un arbre ont, en effet, fortement d\u00e9t\u00e9rior\u00e9 le b\u00e2ti, n\u00e9cessitant des travaux cons\u00e9quents. Jeudi 4\u00a0septembre 2025, le tribunal administratif de Rennes s\u2019est pench\u00e9 sur la question.<\/p>\n<p>Une expertise mandat\u00e9e<\/p>\n<p class=\" wall-content\">Le syndicat poss\u00e8de, en l\u2019occurrence, <strong>un local<\/strong> au 24, rue Marc-Sangnier, entre le quartier Sud-gare et celui du Blosne. Le b\u00e2timent a \u00e9t\u00e9 \u00e9difi\u00e9 <strong>en 1984<\/strong> et a \u00e9t\u00e9 r\u00e9nov\u00e9 en 2003-2004. Depuis 2010, des <strong>racines<\/strong>, sur le sol du rez-de-chauss\u00e9e, ont donc provoqu\u00e9 des fissures.<\/p>\n<p>    <a href=\"https:\/\/www.google.com\/maps\/embed?pb=!1m18!1m12!1m3!1d2411.5829221307263!2d-1.66183612408492!3d48.09314285425421!2m3!1f0!2f0!3f0!3m2!1i1024!2i768!4f13.1!3m3!1m2!1s0x480edfa389c0b435%3A0x69bbcfbe6d6a7a8d!2s24%20Rue%20Marc%20Sangnier%2C%2035200%20Rennes!5e1!3m2!1sfr!2sfr!4v1757144106457!5m2!1sfr!2sfr\" title=\"Ouvrie le lien\" rel=\"nofollow noopener\" target=\"_blank\">Cliquez ici pour visualiser le contenu<\/a><\/p>\n<p class=\" wall-content\">Le 19\u00a0d\u00e9cembre 2023, le tribunal administratif de Rennes avait ordonn\u00e9 <strong>une expertise<\/strong> pour \u00ab\u2009d\u00e9terminer l\u2019\u00e9tendue du sinistre\u2009\u00bb en rapport avec le \u00ab\u2009syst\u00e8me racinaire\u2009\u00bb de l\u2019arbre \u00e0 l\u2019origine de ces d\u00e9g\u00e2ts. Le rapport est donc tomb\u00e9 le 14\u00a0avril 2025 et <strong>le SNES-FSU est revenu \u00e0 la charge<\/strong> pour \u00eatre d\u00e9dommag\u00e9 \u00e0 hauteur de 343\u2009000\u00a0euros.<\/p>\n<p class=\" wall-content\">L\u2019expert a en effet confirm\u00e9 que <strong>le dallage \u00e9tait \u00ab\u2009fissur\u00e9 et soulev\u00e9 sur 14\u00a0cm\u2009\u00bb<\/strong>\u2009: de son point de vue, la \u00ab\u2009seule solution\u2009\u00bb pour rem\u00e9dier \u00e0 cette situation est de r\u00e9aliser un dallage \u00ab\u2009sur vide sanitaire\u2009\u00bb, et non pas de r\u00e9aliser des travaux \u00ab\u2009\u00e0 l\u2019identique\u2009\u00bb, comme le proposait la Ville de Rennes.<\/p>\n<p>\u00ab\u2009Des d\u00e9g\u00e2ts irr\u00e9versibles\u2009\u00bb<\/p>\n<p class=\" wall-content\">\u00c0 l\u2019int\u00e9rieur du local, et face \u00e0 \u00ab\u2009l\u2019ampleur des d\u00e9g\u00e2ts irr\u00e9versibles\u2009\u00bb, il a fallu \u00ab\u2009mettre \u00e0 nu les structures\u2009\u00bb\u2009: <strong>des \u00ab\u2009travaux int\u00e9rieurs\u2009\u00bb<\/strong> sont donc \u00e0 pr\u00e9voir. La Ville de Rennes devra aussi <strong>financer \u00ab\u2009les co\u00fbts de diagnostic amiante<\/strong> et les honoraires de l\u2019architecte\u2009\u00bb.<\/p>\n<p class=\" wall-content\">En revanche les <strong>\u00ab\u2009travaux de charpente r\u00e9alis\u00e9s\u2009\u00bb<\/strong> sont \u00ab\u2009sans lien\u2009\u00bb avec la pr\u00e9sence de ces racines, estime le rapporteur public. Le syndicat ne doit donc <strong>pas \u00eatre rembours\u00e9<\/strong> pour ce poste de d\u00e9penses. Mais l\u2019escalier devra aussi \u00eatre r\u00e9nov\u00e9, tout comme, les menuiseries du rez-de-chauss\u00e9e qui devront \u00eatre remplac\u00e9es, \u00e0 l\u2019instar de la peinture et des rev\u00eatements du sol.<\/p>\n<p>Votre r\u00e9gion, votre actu !<\/p>\n<p>Recevez chaque jour les infos qui comptent pour vous.<\/p>\n<p>\t<a href=\"https:\/\/actu.fr\/newsletter\" class=\"ac-btn ac-btn--corner ac-btn--medium ac-btn--blue800\" rel=\"nofollow noopener\" target=\"_blank\">S&rsquo;incrire<\/a><br \/>\n\u00ab\u2009Devant le fait accompli\u2009\u00bb<\/p>\n<p class=\" wall-content\">Du point de vue du rapporteur public, la Ville de Rennes devra aussi indemniser le <strong>\u00ab\u2009pr\u00e9judice<\/strong> de jouissance\u2009\u00bb subi par le SNES-FSU, qui a d\u00fb <strong>\u00ab\u2009d\u00e9m\u00e9nager\u2009\u00bb<\/strong> et <strong>\u00ab\u2009louer des locaux<\/strong> durant les travaux\u2009\u00bb.<\/p>\n<p class=\" wall-content\">Au total, le magistrat a donc chiffr\u00e9 \u00e0<strong> 221\u2009000\u00a0euros<\/strong> toutes charges comprises la somme que devra lui verser la municipalit\u00e9 de Nathalie App\u00e9r\u00e9 (PS).<\/p>\n<p class=\" wall-content\">L\u2019avocat de la collectivit\u00e9 a pour sa part <strong>accus\u00e9 le syndicat d\u2019avoir mis la ville \u00ab\u2009devant le fait accompli\u2009\u00bb<\/strong>\u2009: elle a d\u00e9couvert \u00ab\u2009un local totalement cur\u00e9\u2009\u00bb, avec des dallages et cloisons d\u00e9j\u00e0 \u00ab\u2009enlev\u00e9es\u2009\u00bb lors du passage de l\u2019expert.<\/p>\n<p class=\" wall-content\">\u00ab\u2009Ils ont m\u00eame \u00e9voqu\u00e9 la prise en charge des travaux de l\u2019\u00e9tage\u2009\u00bb, a-t-il grinc\u00e9, accusant le syndicat d\u2019enseignants de \u00ab\u2009trouver le moyen de r\u00e9nover le b\u00e2timent en faisant supportant une grosse partie du co\u00fbt \u00e0 la collectivit\u00e9\u2009\u00bb. Comme le SNES-FSU comptait \u00ab\u2009de toute fa\u00e7on le faire\u2009\u00bb, ce dernier a profit\u00e9<strong> d\u2019un \u00ab\u2009effet d\u2019aubaine\u2009\u00bb<\/strong> avec la pouss\u00e9e des racines de l\u2019arbre.<\/p>\n<p class=\" wall-content\">Les juges, qui ont mis<strong> leur d\u00e9cision en d\u00e9lib\u00e9r\u00e9<\/strong>, se prononceront d\u2019ici une quinzaine de jours.<\/p>\n<p class=\" wall-content\"><strong>CB et GF (PressPepper)<\/strong><\/p>\n<p class=\" wall-content\">Personnalisez votre actualit\u00e9 en ajoutant vos villes et m\u00e9dias en favori avec <a href=\"https:\/\/moncompte.actu.fr\" title=\"D\u00e9couvez Mon Actu\" rel=\"nofollow noopener\" data-trk=\"{&quot;cta&quot;:{&quot;action&quot;:&quot;https:\\\/\\\/moncompte.actu.fr&quot;,&quot;category&quot;:&quot;mon compte&quot;,&quot;from&quot;:&quot;article footer&quot;,&quot;name&quot;:&quot;Mon actu&quot;,&quot;type&quot;:&quot;cta&quot;}}\" target=\"_blank\">Mon Actu<\/a>.<\/p>\n","protected":false},"excerpt":{"rendered":"Par R\u00e9daction Rennes Publi\u00e9 le 6 sept. 2025 \u00e0 11h45 Des fissures sont apparues sur le b\u00e2timent en&hellip;\n","protected":false},"author":2,"featured_media":370664,"comment_status":"","ping_status":"","sticky":false,"template":"","format":"standard","meta":{"footnotes":""},"categories":[2821],"tags":[1111,11,829,1057,1777,674,118,1011,27,303,12,584,25,3427],"class_list":{"0":"post-370663","1":"post","2":"type-post","3":"status-publish","4":"format-standard","5":"has-post-thumbnail","7":"category-rennes","8":"tag-actu","9":"tag-actualites","10":"tag-bretagne","11":"tag-education","12":"tag-eu","13":"tag-europe","14":"tag-faits-divers","15":"tag-fr","16":"tag-france","17":"tag-justice","18":"tag-news","19":"tag-rennes","20":"tag-republique-francaise","21":"tag-syndicats"},"share_on_mastodon":{"url":"https:\/\/pubeurope.com\/@fr\/115157505418964994","error":""},"_links":{"self":[{"href":"https:\/\/www.europesays.com\/fr\/wp-json\/wp\/v2\/posts\/370663","targetHints":{"allow":["GET"]}}],"collection":[{"href":"https:\/\/www.europesays.com\/fr\/wp-json\/wp\/v2\/posts"}],"about":[{"href":"https:\/\/www.europesays.com\/fr\/wp-json\/wp\/v2\/types\/post"}],"author":[{"embeddable":true,"href":"https:\/\/www.europesays.com\/fr\/wp-json\/wp\/v2\/users\/2"}],"replies":[{"embeddable":true,"href":"https:\/\/www.europesays.com\/fr\/wp-json\/wp\/v2\/comments?post=370663"}],"version-history":[{"count":0,"href":"https:\/\/www.europesays.com\/fr\/wp-json\/wp\/v2\/posts\/370663\/revisions"}],"wp:featuredmedia":[{"embeddable":true,"href":"https:\/\/www.europesays.com\/fr\/wp-json\/wp\/v2\/media\/370664"}],"wp:attachment":[{"href":"https:\/\/www.europesays.com\/fr\/wp-json\/wp\/v2\/media?parent=370663"}],"wp:term":[{"taxonomy":"category","embeddable":true,"href":"https:\/\/www.europesays.com\/fr\/wp-json\/wp\/v2\/categories?post=370663"},{"taxonomy":"post_tag","embeddable":true,"href":"https:\/\/www.europesays.com\/fr\/wp-json\/wp\/v2\/tags?post=370663"}],"curies":[{"name":"wp","href":"https:\/\/api.w.org\/{rel}","templated":true}]}}