{"id":370665,"date":"2025-09-06T13:07:18","date_gmt":"2025-09-06T13:07:18","guid":{"rendered":"https:\/\/www.europesays.com\/fr\/370665\/"},"modified":"2025-09-06T13:07:18","modified_gmt":"2025-09-06T13:07:18","slug":"christopher-wooh-rennes-rejoint-le-spartak-moscou-russie-spartak-moscou","status":"publish","type":"post","link":"https:\/\/www.europesays.com\/fr\/370665\/","title":{"rendered":"Christopher Wooh (Rennes) rejoint le Spartak Moscou &#8211; Russie &#8211; Spartak Moscou"},"content":{"rendered":"<p>Toujours en rouge.<\/p>\n<p>Christopher Wooh quitte le Stade rennais et rejoint le Spartak Moscou. <strong>Le d\u00e9fenseur central de 23 ans a sign\u00e9 un contrat de quatre ans en Russie<\/strong>, dont le march\u00e9 des transferts est encore ouvert jusqu\u2019au 12 septembre. International camerounais, <strong>Wooh avait d\u00e9barqu\u00e9 \u00e0 Rennes \u00e0 l\u2019\u00e9t\u00e9 2022, en provenance du Racing Club de Lens<\/strong>. Il a disput\u00e9 60 rencontres (et marqu\u00e9 deux buts) avec l\u2019\u00e9quipe bretonne, o\u00f9 il aura form\u00e9 la charni\u00e8re avec J\u00e9r\u00e9my Jacquet la saison derni\u00e8re.<\/p>\n<p>https:\/\/twitter.com\/staderennais\/status\/1963906459705446816<\/p>\n<p>Les transactions France-Russie se multiplient depuis plusieurs mois.<\/p>\n<p>\t\t\t\t\t\t\t\t\t\t<a class=\"lien-connexe\" href=\"https:\/\/www.sofoot.com\/breves\/equipe-de-france-forfait-desire-doue-quitte-le-rassemblement\" rel=\"nofollow noopener\" target=\"_blank\">\u00c9quipe de France\u202f: forfait, D\u00e9sir\u00e9 Dou\u00e9 quitte le rassemblement<\/a>\t\t\t\t\t<script async src=\"https:\/\/platform.twitter.com\/widgets.js\" charset=\"utf-8\"><\/script><\/p>\n","protected":false},"excerpt":{"rendered":"Toujours en rouge. Christopher Wooh quitte le Stade rennais et rejoint le Spartak Moscou. Le d\u00e9fenseur central de&hellip;\n","protected":false},"author":2,"featured_media":370666,"comment_status":"","ping_status":"","sticky":false,"template":"","format":"standard","meta":{"footnotes":""},"categories":[2821],"tags":[1111,47,11,61,829,69,65,64,1777,674,63,1011,27,68,66,12,62,70,584,25,67],"class_list":{"0":"post-370665","1":"post","2":"type-post","3":"status-publish","4":"format-standard","5":"has-post-thumbnail","7":"category-rennes","8":"tag-actu","9":"tag-actualite","10":"tag-actualites","11":"tag-actus-football","12":"tag-bretagne","13":"tag-bundesliga","14":"tag-championnats-europeens","15":"tag-equipe-de-france","16":"tag-eu","17":"tag-europe","18":"tag-football","19":"tag-fr","20":"tag-france","21":"tag-ligua","22":"tag-ligue-1","23":"tag-news","24":"tag-news-foot","25":"tag-premier-league","26":"tag-rennes","27":"tag-republique-francaise","28":"tag-serie-a"},"share_on_mastodon":{"url":"https:\/\/pubeurope.com\/@fr\/115157509378104420","error":""},"_links":{"self":[{"href":"https:\/\/www.europesays.com\/fr\/wp-json\/wp\/v2\/posts\/370665","targetHints":{"allow":["GET"]}}],"collection":[{"href":"https:\/\/www.europesays.com\/fr\/wp-json\/wp\/v2\/posts"}],"about":[{"href":"https:\/\/www.europesays.com\/fr\/wp-json\/wp\/v2\/types\/post"}],"author":[{"embeddable":true,"href":"https:\/\/www.europesays.com\/fr\/wp-json\/wp\/v2\/users\/2"}],"replies":[{"embeddable":true,"href":"https:\/\/www.europesays.com\/fr\/wp-json\/wp\/v2\/comments?post=370665"}],"version-history":[{"count":0,"href":"https:\/\/www.europesays.com\/fr\/wp-json\/wp\/v2\/posts\/370665\/revisions"}],"wp:featuredmedia":[{"embeddable":true,"href":"https:\/\/www.europesays.com\/fr\/wp-json\/wp\/v2\/media\/370666"}],"wp:attachment":[{"href":"https:\/\/www.europesays.com\/fr\/wp-json\/wp\/v2\/media?parent=370665"}],"wp:term":[{"taxonomy":"category","embeddable":true,"href":"https:\/\/www.europesays.com\/fr\/wp-json\/wp\/v2\/categories?post=370665"},{"taxonomy":"post_tag","embeddable":true,"href":"https:\/\/www.europesays.com\/fr\/wp-json\/wp\/v2\/tags?post=370665"}],"curies":[{"name":"wp","href":"https:\/\/api.w.org\/{rel}","templated":true}]}}