{"id":370667,"date":"2025-09-06T13:08:12","date_gmt":"2025-09-06T13:08:12","guid":{"rendered":"https:\/\/www.europesays.com\/fr\/370667\/"},"modified":"2025-09-06T13:08:12","modified_gmt":"2025-09-06T13:08:12","slug":"creatrice-de-gotfertomi-marie-froehlicher-lance-sa-ligne-de-kelsch","status":"publish","type":"post","link":"https:\/\/www.europesays.com\/fr\/370667\/","title":{"rendered":"cr\u00e9atrice de Gotfertomi, Marie Froehlicher lance sa ligne de kelsch"},"content":{"rendered":"<p>Un pied \u2013 ou plut\u00f4t un fil \u2013 dans la tradition\u00a0; un autre dans la modernit\u00e9\u2026 Unique et d\u00e9cal\u00e9e, la ligne Kelschtomi que vient de lancer Marie Froehlicher est \u00e0 son image, \u00e0 la fois bien dans sa r\u00e9gion et dans son \u00e9poque. Attach\u00e9e \u00e0 son quartier (Neudorf) et \u00e0 une certaine id\u00e9e de l\u2019artisanat, l\u2019entrepreneuse Strasbourgeoise d\u00e9fend une fabrication locale, dans \u00ab\u00a0l\u2019esprit alsacien\u00a0\u00bb. Tapissi\u00e8re d\u00e9coratrice de m\u00e9tier, passionn\u00e9e par les arts <a href=\"https:\/\/www.dna.fr\/societe\/2022\/03\/16\/raid-sportif-deux-cigognes-dans-le-desert-du-sahara\" target=\"_blank\" rel=\"noopener\">autant que par la course \u00e0 pied,<\/a> elle a cr\u00e9\u00e9 sa marque, Gotfertomi, en 2020.<\/p>\n<p>Kelschtomi, le petit dernier de Gotfertomi<\/p>\n<p>Schmoutz ,  Sch\u00e0tzele , Hopla\u00a0! , Gotfertomi , Bombisch \u2026 Orn\u00e9s de mots (plus ou moins) doux en alsacien, brod\u00e9s d\u2019une cath\u00e9drale ou d\u2019un bretzel, <a href=\"https:\/\/www.dna.fr\/economie\/2020\/12\/16\/strasbourg-gnooss-delice-ephemere-pour-faire-le-plein-de-cadeaux-locaux\" target=\"_blank\" rel=\"noopener\">ses coussins sont de toutes les boutiques \u00e9ph\u00e9m\u00e8res et font un carton<\/a> , tant pour des cadeaux d\u00e9cal\u00e9s qu\u2019aupr\u00e8s de touristes en mal d\u2019originalit\u00e9.<\/p>\n<p>Lanc\u00e9es en 2023 en collaboration <\/p>\n","protected":false},"excerpt":{"rendered":"Un pied \u2013 ou plut\u00f4t un fil \u2013 dans la tradition\u00a0; un autre dans la modernit\u00e9\u2026 Unique et&hellip;\n","protected":false},"author":2,"featured_media":370668,"comment_status":"","ping_status":"","sticky":false,"template":"","format":"standard","meta":{"footnotes":""},"categories":[2820],"tags":[1111,11,1477,4406,33,2880,1777,674,107,1011,27,775,5015,1757,12,25,640,2879],"class_list":{"0":"post-370667","1":"post","2":"type-post","3":"status-publish","4":"format-standard","5":"has-post-thumbnail","7":"category-strasbourg","8":"tag-actu","9":"tag-actualites","10":"tag-artisanat","11":"tag-commerce-et-services","12":"tag-economie","13":"tag-edition-strasbourg","14":"tag-eu","15":"tag-europe","16":"tag-fil-info","17":"tag-fr","18":"tag-france","19":"tag-grand-est","20":"tag-innovation-et-start-up","21":"tag-insolite","22":"tag-news","23":"tag-republique-francaise","24":"tag-strasbourg","25":"tag-strasbourg-ville"},"share_on_mastodon":{"url":"https:\/\/pubeurope.com\/@fr\/115157513326430541","error":""},"_links":{"self":[{"href":"https:\/\/www.europesays.com\/fr\/wp-json\/wp\/v2\/posts\/370667","targetHints":{"allow":["GET"]}}],"collection":[{"href":"https:\/\/www.europesays.com\/fr\/wp-json\/wp\/v2\/posts"}],"about":[{"href":"https:\/\/www.europesays.com\/fr\/wp-json\/wp\/v2\/types\/post"}],"author":[{"embeddable":true,"href":"https:\/\/www.europesays.com\/fr\/wp-json\/wp\/v2\/users\/2"}],"replies":[{"embeddable":true,"href":"https:\/\/www.europesays.com\/fr\/wp-json\/wp\/v2\/comments?post=370667"}],"version-history":[{"count":0,"href":"https:\/\/www.europesays.com\/fr\/wp-json\/wp\/v2\/posts\/370667\/revisions"}],"wp:featuredmedia":[{"embeddable":true,"href":"https:\/\/www.europesays.com\/fr\/wp-json\/wp\/v2\/media\/370668"}],"wp:attachment":[{"href":"https:\/\/www.europesays.com\/fr\/wp-json\/wp\/v2\/media?parent=370667"}],"wp:term":[{"taxonomy":"category","embeddable":true,"href":"https:\/\/www.europesays.com\/fr\/wp-json\/wp\/v2\/categories?post=370667"},{"taxonomy":"post_tag","embeddable":true,"href":"https:\/\/www.europesays.com\/fr\/wp-json\/wp\/v2\/tags?post=370667"}],"curies":[{"name":"wp","href":"https:\/\/api.w.org\/{rel}","templated":true}]}}