{"id":370670,"date":"2025-09-06T13:09:15","date_gmt":"2025-09-06T13:09:15","guid":{"rendered":"https:\/\/www.europesays.com\/fr\/370670\/"},"modified":"2025-09-06T13:09:15","modified_gmt":"2025-09-06T13:09:15","slug":"les-joueuses-de-lequipe-de-foot-de-strasbourg-porteront-desormais-un-short-rose-et-cela-na-rien-danodin","status":"publish","type":"post","link":"https:\/\/www.europesays.com\/fr\/370670\/","title":{"rendered":"Les joueuses de l\u2019\u00e9quipe de foot de Strasbourg porteront d\u00e9sormais un short rose, et cela n\u2019a rien d\u2019anodin"},"content":{"rendered":"<p>        <img decoding=\"async\" loading=\"lazy\" src=\"https:\/\/www.europesays.com\/fr\/wp-content\/uploads\/2025\/09\/a2a540b_upload-1-o8dy6zza3hhc-capture-d-a-cran-2025-09-06-142400.png\"  width=\"728\" height=\"409\" alt=\"Les joueuses de l\u2019\u00e9quipe de foot de Strasbourg porteront d\u00e9sormais un short rose, et cela n\u2019a rien d\u2019anodin\"\/>  <\/p>\n<p>Capture X\/@RCSA_Feminines<\/p>\n<p>Les joueuses de l\u2019\u00e9quipe de foot de Strasbourg porteront d\u00e9sormais un short rose, et cela n\u2019a rien d\u2019anodin<\/p>\n<p class=\"asset asset-text\">SPORT &#8211; Plus qu\u2019une couleur, un \u00ab\u00a0symbole\u00a0\u00bb. Vous ne verrez pas jouer<a href=\"https:\/\/www.huffingtonpost.fr\/jo-paris-2024\/article\/les-regles-ne-s-arretent-pas-aux-portes-du-vestiaire-la-sante-menstruelle-doit-etre-mieux-integree-au-sport-tribune_234477.html\" target=\"_blank\" rel=\"noopener\"> l\u2019\u00e9quipe f\u00e9minine de Strasbourg<\/a> en short blanc pendant le championnat Arkema Premi\u00e8re Ligue ce week-end. Cela peut vous para\u00eetre anodin et pourtant cela repr\u00e9sente une avanc\u00e9e.<\/p>\n<p class=\"asset asset-text\">Vendredi 5\u00a0septembre, le Racing Club de Strasbourg a annonc\u00e9 que ses joueuses joueraient d\u00e9sormais avec un short rose. \u00ab\u00a0Le fuchsia n\u2019est pas une couleur, mais un symbole\u00a0\u00bb, indique le club alsacien dans une publication sur X. Le but\u00a0: qu\u2019elles se sentent<a href=\"https:\/\/www.huffingtonpost.fr\/life\/article\/coupe-du-monde-feminine-de-football-le-cycle-menstruel-des-femmes-athletes-a-t-il-vraiment-un-impact-sur-leurs-risques-de-blessures-clx1_220879.html\" target=\"_blank\" rel=\"noopener\"> plus \u00e0 l\u2019aise pendant leurs menstruations<\/a>.<\/p>\n<p class=\"asset asset-text\">Il est en effet tr\u00e8s facile de remarquer une tache de sang sur un v\u00eatement blanc et <a href=\"https:\/\/www.huffingtonpost.fr\/life\/article\/pendant-leurs-regles-les-athletes-femmes-ont-de-meilleures-performances-cognitives-selon-cette-etude_234997.html\" target=\"_blank\" rel=\"noopener\">les efforts physiques d\u00e9ploy\u00e9s par les joueuses <\/a>pendant un match ne m\u00e9nagent sont propices \u00e0 d\u2019\u00e9ventuelles fuites.<\/p>\n<p> La lecture de ce contenu est susceptible d\u2019entra\u00eener un d\u00e9p\u00f4t de cookies de la part de l\u2019op\u00e9rateur tiers qui l\u2019h\u00e9berge. Compte-tenu des choix que vous avez exprim\u00e9s en mati\u00e8re de d\u00e9p\u00f4t de cookies, nous avons bloqu\u00e9 l\u2019affichage de ce contenu. Si vous souhaitez y acc\u00e9der, vous devez accepter la cat\u00e9gorie de cookies \u201cContenus tiers\u201d en cliquant sur le bouton ci-dessous. <\/p>\n<p> Lire la Vid\u00e9o        Le blanc, \u00ab\u00a0pas pratique\u00a0\u00bb    <\/p>\n<p class=\"asset asset-text\">Cette d\u00e9cision du Racing Club de Strasbourg est \u00e9galement une fa\u00e7on de rendre ce sujet moins tabou. D\u00e9j\u00e0 lors de la Coupe du monde 2023, les joueuses de l\u2019\u00e9quipe de France de football, ainsi que douze autres s\u00e9lections nationales, <a href=\"https:\/\/www.huffingtonpost.fr\/life\/article\/l-equipe-de-france-feminine-de-foot-a-une-nouvelle-tenue-adaptee-aux-menstruations_216072.html\" target=\"_blank\" rel=\"noopener\">avaient pu rev\u00eatir des shorts bleus gr\u00e2ce \u00e0 une nouvelle collection <\/a>de l\u2019\u00e9quipementier Nike, pens\u00e9e pour ce genre de probl\u00e9matique.<\/p>\n<p class=\"asset asset-text\">Ce sujet avait \u00e9t\u00e9 \u00e9galement publiquement abord\u00e9 par l\u2019\u00e9quipe d\u2019Angleterre cette ann\u00e9e-l\u00e0. Dans les m\u00e9dias, l\u2019attaquante anglaise Beth Mead avait d\u00e9clar\u00e9 que l\u2019\u00e9quipe \u00e9tait en discussion avec Nike pour des shorts bleus et non plus blancs. \u00ab\u00a0C\u2019est tr\u00e8s sympa d\u2019avoir une tenue toute blanche mais parfois ce n\u2019est pas pratique en p\u00e9riode de r\u00e8gles\u00a0\u00bb, avait-elle confi\u00e9 au\u00a0<a href=\"https:\/\/www.telegraph.co.uk\/football\/2022\/07\/07\/england-women-discuss-ditching-white-shorts-due-period-concerns\/?utm_content=football&amp;utm_medium=Social&amp;utm_campaign=Echobox&amp;utm_source=Twitter#Echobox=1657179489-1\" target=\"_blank\" rel=\"noopener\" title=\"Nouvelle fen\u00eatre\">Telegraph<\/a>.<\/p>\n<p class=\"asset asset-text\">\u00ab\u00a0Les footballeuses professionnelles jouent deux mi-temps de 45 minutes sans pause ni temps mort. Nombre d\u2019entre elles nous ont dit qu\u2019elles pouvaient passer plusieurs minutes sur le terrain en craignant d\u2019avoir des fuites menstruelles\u00a0\u00bb, soulignait \u00e0 l\u2019\u00e9poque Nike dans un communiqu\u00e9 de Jordana Katcher, une cadre de la marque.<\/p>\n","protected":false},"excerpt":{"rendered":"Capture X\/@RCSA_Feminines Les joueuses de l\u2019\u00e9quipe de foot de Strasbourg porteront d\u00e9sormais un short rose, et cela n\u2019a&hellip;\n","protected":false},"author":2,"featured_media":370671,"comment_status":"","ping_status":"","sticky":false,"template":"","format":"standard","meta":{"footnotes":""},"categories":[2820],"tags":[1111,11,1777,674,63,3236,1011,27,775,50483,12,25,517,640],"class_list":{"0":"post-370670","1":"post","2":"type-post","3":"status-publish","4":"format-standard","5":"has-post-thumbnail","7":"category-strasbourg","8":"tag-actu","9":"tag-actualites","10":"tag-eu","11":"tag-europe","12":"tag-football","13":"tag-football-feminin","14":"tag-fr","15":"tag-france","16":"tag-grand-est","17":"tag-menstruations","18":"tag-news","19":"tag-republique-francaise","20":"tag-sport","21":"tag-strasbourg"},"share_on_mastodon":{"url":"https:\/\/pubeurope.com\/@fr\/115157517560631948","error":""},"_links":{"self":[{"href":"https:\/\/www.europesays.com\/fr\/wp-json\/wp\/v2\/posts\/370670","targetHints":{"allow":["GET"]}}],"collection":[{"href":"https:\/\/www.europesays.com\/fr\/wp-json\/wp\/v2\/posts"}],"about":[{"href":"https:\/\/www.europesays.com\/fr\/wp-json\/wp\/v2\/types\/post"}],"author":[{"embeddable":true,"href":"https:\/\/www.europesays.com\/fr\/wp-json\/wp\/v2\/users\/2"}],"replies":[{"embeddable":true,"href":"https:\/\/www.europesays.com\/fr\/wp-json\/wp\/v2\/comments?post=370670"}],"version-history":[{"count":0,"href":"https:\/\/www.europesays.com\/fr\/wp-json\/wp\/v2\/posts\/370670\/revisions"}],"wp:featuredmedia":[{"embeddable":true,"href":"https:\/\/www.europesays.com\/fr\/wp-json\/wp\/v2\/media\/370671"}],"wp:attachment":[{"href":"https:\/\/www.europesays.com\/fr\/wp-json\/wp\/v2\/media?parent=370670"}],"wp:term":[{"taxonomy":"category","embeddable":true,"href":"https:\/\/www.europesays.com\/fr\/wp-json\/wp\/v2\/categories?post=370670"},{"taxonomy":"post_tag","embeddable":true,"href":"https:\/\/www.europesays.com\/fr\/wp-json\/wp\/v2\/tags?post=370670"}],"curies":[{"name":"wp","href":"https:\/\/api.w.org\/{rel}","templated":true}]}}