{"id":370672,"date":"2025-09-06T13:10:11","date_gmt":"2025-09-06T13:10:11","guid":{"rendered":"https:\/\/www.europesays.com\/fr\/370672\/"},"modified":"2025-09-06T13:10:11","modified_gmt":"2025-09-06T13:10:11","slug":"crash-de-la-caravelle-air-france-reliant-ajaccio-a-nice-en-1968-les-premieres-recherches-auront-lieu-dici-la-fin-de-lannee-affirme-la-justice","status":"publish","type":"post","link":"https:\/\/www.europesays.com\/fr\/370672\/","title":{"rendered":"Crash de la Caravelle Air France reliant Ajaccio \u00e0 Nice en 1968: les premi\u00e8res recherches auront lieu \u00ab\u00a0d\u2019ici la fin de l&rsquo;ann\u00e9e\u00a0\u00bb, affirme la justice"},"content":{"rendered":"<p>De premi\u00e8res recherches en mer <a href=\"https:\/\/www.nicematin.com\/faits-de-societe\/une-avancee-historique-57-ans-apres-le-crash-de-la-caravelle-ajaccio-nice-des-recherches-vont-etre-menees-en-mer-pour-percer-le-mystere-1000654\" rel=\"nofollow noopener\" target=\"_blank\">visant \u00e0 retrouver les d\u00e9bris de la Caravelle Ajaccio-Nice<\/a>, pour tenter d&rsquo;identifier les causes de son crash qui a fait 95 morts en 1968, auront lieu \u00ab\u00a0d&rsquo;ici la fin de l&rsquo;ann\u00e9e\u00a0\u00bb, ont indiqu\u00e9 les avocats des familles de victimes, citant une source judiciaire.<\/p>\n<p>Une \u00ab\u00a0campagne de trois jours sur la zone identifi\u00e9e de 8 km2 devrait \u00eatre men\u00e9e d\u2019ici la fin de l\u2019ann\u00e9e 2025 dans le but de localiser les d\u00e9bris de l\u2019\u00e9pave de la Caravelle et, le cas \u00e9ch\u00e9ant, de r\u00e9aliser des photographies sous-marines\u00a0\u00bb, ont annonc\u00e9 vendredi 5 septembre dans un communiqu\u00e9 commun les avocats St\u00e9phane Nesa, Paul Sollacaro et Philippe Soussi, \u00e0 la suite d\u2019une r\u00e9union tenue en juin entre la juge d\u2019instruction charg\u00e9e du dossier et la Pr\u00e9fecture maritime de la M\u00e9diterran\u00e9e.<\/p>\n<p>Les recherches doivent \u00eatre conduites par la Marine nationale.<\/p>\n<p>\u00ab\u00a0En cas d\u2019\u00e9chec de ces op\u00e9rations ou d\u2019impossibilit\u00e9 de retrouver les d\u00e9bris, la seconde option pourrait \u00eatre mise en \u0153uvre \u00e0 la mi-2026, consistant en des op\u00e9rations r\u00e9alis\u00e9es sur une zone plus large et \u00e0 l\u2019aide d\u2019importants moyens techniques\u00a0\u00bb, ajoutent les conseils des victimes.<\/p>\n<p>Les avocats voient en cette annonce \u00ab\u00a0une avanc\u00e9e historique dans le combat men\u00e9 par les familles des victimes depuis 57 ans\u00a0\u00bb, quelques jours avant une messe du souvenir, mardi \u00e0 Nice.<\/p>\n<p>En f\u00e9vrier, la juge d&rsquo;instruction a d\u00e9livr\u00e9 une commission rogatoire pour \u00e9tudier la faisabilit\u00e9 de prises de vues ou d\u2019un rep\u00eachage des pi\u00e8ces, ou les deux, et d\u00e9sign\u00e9 des experts pour r\u00e9aliser cette \u00e9tude, avait indiqu\u00e9 \u00e0 l\u2019AFP Me Paul Sollacaro.<\/p>\n<p>                                Homicide involontaire<\/p>\n<p>Le 11 septembre 1968, la Caravelle AF 1611, qui devait relier Ajaccio \u00e0 Nice en 45 minutes, s\u2019est brusquement ab\u00eem\u00e9e au large d\u2019Antibes, faisant 95 morts. L\u2019\u00e9pave a ensuite \u00e9t\u00e9 localis\u00e9e \u00e0 quelque 2.000 m sous la surface.<\/p>\n<p>Une premi\u00e8re instruction pour homicide involontaire s\u2019est close en 1973 par un non-lieu, la th\u00e8se retenue \u00e9tant celle d\u2019un incendie dans la cabine-toilette.<\/p>\n<p>L\u2019enqu\u00eate a \u00e9t\u00e9 relanc\u00e9e en 2012 pour \u00ab\u00a0soustraction et recel de preuves\u00a0\u00bb et la justice a requis en 2018 une lev\u00e9e du secret-d\u00e9fense, estimant qu&rsquo;il fallait prendre \u00ab\u00a0tr\u00e8s au s\u00e9rieux\u00a0\u00bb l\u2019hypoth\u00e8se d\u2019un tir de missile accidentel depuis la base du Levant, pr\u00e8s d\u2019Hy\u00e8res (Var).<\/p>\n<p>En r\u00e9ponse, des documents ont \u00e9t\u00e9 remis \u00e0 la justice par le minist\u00e8re des Arm\u00e9es en juillet 2019. Ils ont \u00e9t\u00e9 jug\u00e9s \u00ab\u00a0tr\u00e8s insatisfaisants\u00a0\u00bb par les familles de victimes.<\/p>\n<p>\u00ab\u00a0Plusieurs \u00e9l\u00e9ments s\u00e9rieux, notamment des t\u00e9moignages mais \u00e9galement des \u00e9l\u00e9ments mat\u00e9riels, tendent \u00e0 montrer que des autorit\u00e9s civiles et\/ou militaires ont pu chercher \u00e0 faire obstacle \u00e0 la d\u00e9termination des causes et des circonstances r\u00e9elles du crash de la Caravelle\u00a0\u00bb, avait indiqu\u00e9 en novembre Damien Martinelli, procureur de la R\u00e9publique de Nice.<\/p>\n","protected":false},"excerpt":{"rendered":"De premi\u00e8res recherches en mer visant \u00e0 retrouver les d\u00e9bris de la Caravelle Ajaccio-Nice, pour tenter d&rsquo;identifier les&hellip;\n","protected":false},"author":2,"featured_media":370673,"comment_status":"","ping_status":"","sticky":false,"template":"","format":"standard","meta":{"footnotes":""},"categories":[2819],"tags":[1111,11,1777,674,118,1011,27,303,12,2401,882,25,800],"class_list":{"0":"post-370672","1":"post","2":"type-post","3":"status-publish","4":"format-standard","5":"has-post-thumbnail","7":"category-nice","8":"tag-actu","9":"tag-actualites","10":"tag-eu","11":"tag-europe","12":"tag-faits-divers","13":"tag-fr","14":"tag-france","15":"tag-justice","16":"tag-news","17":"tag-nice","18":"tag-provence-alpes-cote-dazur","19":"tag-republique-francaise","20":"tag-transports"},"share_on_mastodon":{"url":"https:\/\/pubeurope.com\/@fr\/115157521168208866","error":""},"_links":{"self":[{"href":"https:\/\/www.europesays.com\/fr\/wp-json\/wp\/v2\/posts\/370672","targetHints":{"allow":["GET"]}}],"collection":[{"href":"https:\/\/www.europesays.com\/fr\/wp-json\/wp\/v2\/posts"}],"about":[{"href":"https:\/\/www.europesays.com\/fr\/wp-json\/wp\/v2\/types\/post"}],"author":[{"embeddable":true,"href":"https:\/\/www.europesays.com\/fr\/wp-json\/wp\/v2\/users\/2"}],"replies":[{"embeddable":true,"href":"https:\/\/www.europesays.com\/fr\/wp-json\/wp\/v2\/comments?post=370672"}],"version-history":[{"count":0,"href":"https:\/\/www.europesays.com\/fr\/wp-json\/wp\/v2\/posts\/370672\/revisions"}],"wp:featuredmedia":[{"embeddable":true,"href":"https:\/\/www.europesays.com\/fr\/wp-json\/wp\/v2\/media\/370673"}],"wp:attachment":[{"href":"https:\/\/www.europesays.com\/fr\/wp-json\/wp\/v2\/media?parent=370672"}],"wp:term":[{"taxonomy":"category","embeddable":true,"href":"https:\/\/www.europesays.com\/fr\/wp-json\/wp\/v2\/categories?post=370672"},{"taxonomy":"post_tag","embeddable":true,"href":"https:\/\/www.europesays.com\/fr\/wp-json\/wp\/v2\/tags?post=370672"}],"curies":[{"name":"wp","href":"https:\/\/api.w.org\/{rel}","templated":true}]}}