{"id":370674,"date":"2025-09-06T13:11:10","date_gmt":"2025-09-06T13:11:10","guid":{"rendered":"https:\/\/www.europesays.com\/fr\/370674\/"},"modified":"2025-09-06T13:11:10","modified_gmt":"2025-09-06T13:11:10","slug":"des-recherches-dici-la-fin-de-lannee-pour-retrouver-lepave","status":"publish","type":"post","link":"https:\/\/www.europesays.com\/fr\/370674\/","title":{"rendered":"des recherches \u00ab\u00a0d\u2019ici la fin de l\u2019ann\u00e9e\u00a0\u00bb pour retrouver l\u2019\u00e9pave"},"content":{"rendered":"<p>Cette annonce des avocats St\u00e9phane Nesa, Paul Sollacaro et Philippe Soussi, intervient \u00e0 la suite d\u2019une r\u00e9union tenue en juin entre la juge d\u2019instruction charg\u00e9e du dossier et la Pr\u00e9fecture maritime de la M\u00e9diterran\u00e9e. Les recherches doivent \u00eatre conduites par la Marine nationale. \u00ab\u00a0En cas d\u2019\u00e9chec de ces op\u00e9rations ou d\u2019impossibilit\u00e9 de retrouver les d\u00e9bris, la seconde option pourrait \u00eatre mise en \u0153uvre \u00e0 la mi-2026, consistant en des op\u00e9rations r\u00e9alis\u00e9es sur une zone plus large et \u00e0 l\u2019aide d\u2019importants moyens techniques\u00a0\u00bb, ajoutent les conseils des victimes.<\/p>\n<p>\u00ab\u00a0Avanc\u00e9e historique\u00a0\u00bb<\/p>\n<p>Les avocats voient en cette annonce \u00ab\u00a0une avanc\u00e9e historique dans le combat men\u00e9 par les familles des victimes depuis 57\u00a0ans\u00a0\u00bb, quelques jours avant une messe du souvenir, mardi \u00e0 Nice. En f\u00e9vrier, la juge d\u2019instruction a d\u00e9livr\u00e9 une commission rogatoire pour \u00e9tudier la faisabilit\u00e9 de prises de vues ou d\u2019un rep\u00eachage des pi\u00e8ces, ou les deux, et d\u00e9sign\u00e9 des experts pour r\u00e9aliser cette \u00e9tude, avait indiqu\u00e9 Me Paul Sollacaro.<\/p>\n<p>Le 11\u00a0septembre 1968, la Caravelle AF 1611, qui devait relier Ajaccio \u00e0 Nice en 45 minutes, s\u2019est brusquement ab\u00eem\u00e9e au large d\u2019Antibes, faisant 95 morts. L\u2019\u00e9pave a ensuite \u00e9t\u00e9 localis\u00e9e \u00e0 quelque 2\u00a0000\u00a0m sous la surface. Une premi\u00e8re instruction pour homicide involontaire s\u2019est close en 1973 par un non-lieu, la th\u00e8se retenue \u00e9tant celle d\u2019un incendie dans la cabine toilette.<\/p>\n<p>L\u2019hypoth\u00e8se d\u2019un tir de missile<\/p>\n<p>L\u2019enqu\u00eate a \u00e9t\u00e9 relanc\u00e9e en 2012 pour \u00ab\u00a0soustraction et recel de preuves\u00a0\u00bb et la justice a requis en 2018 une lev\u00e9e du secret-d\u00e9fense, estimant qu\u2019il fallait prendre \u00ab\u00a0tr\u00e8s au s\u00e9rieux\u00a0\u00bb l\u2019hypoth\u00e8se d\u2019un tir de missile accidentel depuis la base du Levant, pr\u00e8s d\u2019Hy\u00e8res (Var). En r\u00e9ponse, des documents ont \u00e9t\u00e9 remis \u00e0 la justice par le minist\u00e8re des Arm\u00e9es en juillet 2019. Ils ont \u00e9t\u00e9 jug\u00e9s \u00ab\u00a0tr\u00e8s insatisfaisants\u00a0\u00bb par les familles de victimes.<\/p>\n","protected":false},"excerpt":{"rendered":"Cette annonce des avocats St\u00e9phane Nesa, Paul Sollacaro et Philippe Soussi, intervient \u00e0 la suite d\u2019une r\u00e9union tenue&hellip;\n","protected":false},"author":2,"featured_media":370675,"comment_status":"","ping_status":"","sticky":false,"template":"","format":"standard","meta":{"footnotes":""},"categories":[2819],"tags":[1111,11,1777,674,1011,27,12,2401,882,25],"class_list":{"0":"post-370674","1":"post","2":"type-post","3":"status-publish","4":"format-standard","5":"has-post-thumbnail","7":"category-nice","8":"tag-actu","9":"tag-actualites","10":"tag-eu","11":"tag-europe","12":"tag-fr","13":"tag-france","14":"tag-news","15":"tag-nice","16":"tag-provence-alpes-cote-dazur","17":"tag-republique-francaise"},"share_on_mastodon":{"url":"https:\/\/pubeurope.com\/@fr\/115157525025738001","error":""},"_links":{"self":[{"href":"https:\/\/www.europesays.com\/fr\/wp-json\/wp\/v2\/posts\/370674","targetHints":{"allow":["GET"]}}],"collection":[{"href":"https:\/\/www.europesays.com\/fr\/wp-json\/wp\/v2\/posts"}],"about":[{"href":"https:\/\/www.europesays.com\/fr\/wp-json\/wp\/v2\/types\/post"}],"author":[{"embeddable":true,"href":"https:\/\/www.europesays.com\/fr\/wp-json\/wp\/v2\/users\/2"}],"replies":[{"embeddable":true,"href":"https:\/\/www.europesays.com\/fr\/wp-json\/wp\/v2\/comments?post=370674"}],"version-history":[{"count":0,"href":"https:\/\/www.europesays.com\/fr\/wp-json\/wp\/v2\/posts\/370674\/revisions"}],"wp:featuredmedia":[{"embeddable":true,"href":"https:\/\/www.europesays.com\/fr\/wp-json\/wp\/v2\/media\/370675"}],"wp:attachment":[{"href":"https:\/\/www.europesays.com\/fr\/wp-json\/wp\/v2\/media?parent=370674"}],"wp:term":[{"taxonomy":"category","embeddable":true,"href":"https:\/\/www.europesays.com\/fr\/wp-json\/wp\/v2\/categories?post=370674"},{"taxonomy":"post_tag","embeddable":true,"href":"https:\/\/www.europesays.com\/fr\/wp-json\/wp\/v2\/tags?post=370674"}],"curies":[{"name":"wp","href":"https:\/\/api.w.org\/{rel}","templated":true}]}}