{"id":370676,"date":"2025-09-06T13:12:33","date_gmt":"2025-09-06T13:12:33","guid":{"rendered":"https:\/\/www.europesays.com\/fr\/370676\/"},"modified":"2025-09-06T13:12:33","modified_gmt":"2025-09-06T13:12:33","slug":"orvault-la-troupe-de-lora-recherche-un-acteur-en-urgence","status":"publish","type":"post","link":"https:\/\/www.europesays.com\/fr\/370676\/","title":{"rendered":"Orvault. La troupe de l\u2019Ora recherche un acteur en urgence"},"content":{"rendered":"<p>La troupe d\u2019Orvault retraite active (Ora) n\u2019a pas de jou\u00e9 de pi\u00e8ce la saison pass\u00e9e \u00e0 cause des probl\u00e8mes de sant\u00e9 de ses com\u00e9diens. Apr\u00e8s une ann\u00e9e sabbatique, elle repart avec une nouvelle pi\u00e8ce, une com\u00e9die de Francis Joffo, Quelle Famille, qui sera jou\u00e9e jeudi\u00a016 et dimanche 19\u00a0avril, \u00e0 15\u00a0h, ainsi que vendredi\u00a017 et samedi 18\u00a0avril, \u00e0 20\u00a0h\u00a030 au th\u00e9\u00e2tre de La Gobini\u00e8re. <strong>\u00ab\u00a0Nous recherchons en urgence un acteur disponible pour s\u2019int\u00e9grer \u00e0 notre troupe de retrait\u00e9s et reprendre d\u00e8s que possible le r\u00f4le vacant, celui du troisi\u00e8me mari dans cette famille d\u00e9jant\u00e9e. L\u2019acteur aura environ 240\u00a0r\u00e9pliques sur les cinq actes de la pi\u00e8ce qui dure 1\u00a0h\u00a030, avec entracte\u00a0\u00bb,<\/strong> d\u00e9taille Andr\u00e9 Gu\u00e9guen, le metteur en sc\u00e8ne de la troupe.<\/p>\n<p>Les r\u00e9p\u00e9titions, qui ont lieu deux fois par semaine, reprennent mardi 9\u00a0septembre de, 14\u00a0h \u00e0 18\u00a0h, et vendredi 12\u00a0septembre, de 9\u00a0h\u00a030 \u00e0 12\u00a0h\u00a030, au studio Louis-Jouvet au centre St\u00e9vin.<\/p>\n<p><strong>Contact\u00a0:<\/strong> T\u00e9l. 06\u00a062\u00a098\u00a026\u00a001.<\/p>\n<p>\u00a0<\/p>\n","protected":false},"excerpt":{"rendered":"La troupe d\u2019Orvault retraite active (Ora) n\u2019a pas de jou\u00e9 de pi\u00e8ce la saison pass\u00e9e \u00e0 cause des&hellip;\n","protected":false},"author":2,"featured_media":370677,"comment_status":"","ping_status":"","sticky":false,"template":"","format":"standard","meta":{"footnotes":""},"categories":[2818],"tags":[253,1111,11,1777,674,1011,27,766,12,50484,4151,2636,959,25,17583,3083],"class_list":{"0":"post-370676","1":"post","2":"type-post","3":"status-publish","4":"format-standard","5":"has-post-thumbnail","7":"category-nantes","8":"tag-acteur","9":"tag-actu","10":"tag-actualites","11":"tag-eu","12":"tag-europe","13":"tag-fr","14":"tag-france","15":"tag-nantes","16":"tag-news","17":"tag-ora","18":"tag-orvault","19":"tag-pays-de-la-loire","20":"tag-recherche","21":"tag-republique-francaise","22":"tag-troupe","23":"tag-urgence"},"share_on_mastodon":{"url":"https:\/\/pubeurope.com\/@fr\/115157528944215037","error":""},"_links":{"self":[{"href":"https:\/\/www.europesays.com\/fr\/wp-json\/wp\/v2\/posts\/370676","targetHints":{"allow":["GET"]}}],"collection":[{"href":"https:\/\/www.europesays.com\/fr\/wp-json\/wp\/v2\/posts"}],"about":[{"href":"https:\/\/www.europesays.com\/fr\/wp-json\/wp\/v2\/types\/post"}],"author":[{"embeddable":true,"href":"https:\/\/www.europesays.com\/fr\/wp-json\/wp\/v2\/users\/2"}],"replies":[{"embeddable":true,"href":"https:\/\/www.europesays.com\/fr\/wp-json\/wp\/v2\/comments?post=370676"}],"version-history":[{"count":0,"href":"https:\/\/www.europesays.com\/fr\/wp-json\/wp\/v2\/posts\/370676\/revisions"}],"wp:featuredmedia":[{"embeddable":true,"href":"https:\/\/www.europesays.com\/fr\/wp-json\/wp\/v2\/media\/370677"}],"wp:attachment":[{"href":"https:\/\/www.europesays.com\/fr\/wp-json\/wp\/v2\/media?parent=370676"}],"wp:term":[{"taxonomy":"category","embeddable":true,"href":"https:\/\/www.europesays.com\/fr\/wp-json\/wp\/v2\/categories?post=370676"},{"taxonomy":"post_tag","embeddable":true,"href":"https:\/\/www.europesays.com\/fr\/wp-json\/wp\/v2\/tags?post=370676"}],"curies":[{"name":"wp","href":"https:\/\/api.w.org\/{rel}","templated":true}]}}