{"id":370678,"date":"2025-09-06T13:13:30","date_gmt":"2025-09-06T13:13:30","guid":{"rendered":"https:\/\/www.europesays.com\/fr\/370678\/"},"modified":"2025-09-06T13:13:30","modified_gmt":"2025-09-06T13:13:30","slug":"grosse-crainte-autour-de-luis-castro","status":"publish","type":"post","link":"https:\/\/www.europesays.com\/fr\/370678\/","title":{"rendered":"grosse crainte autour de Luis Castro"},"content":{"rendered":"<p>\t\t\t\t\t Grosse tuile pour Luis Castro ! L&rsquo;entra\u00eeneur portugais du FC Nantes s&rsquo;est s\u00e9rieusement bless\u00e9 au genou jeudi lors d&rsquo;un match improvis\u00e9 avec les membres de son staff technique \u00e0 la Joneli\u00e8re. Selon RMC Sport, une \u00ab\u00a0suspicion de rupture du ligament crois\u00e9\u00a0\u00bb plane sur le nouveau coach des Canaris. <\/p>\n<p>Vendredi, lors de l&rsquo;opposition face au Mans FC (1-1), Castro est apparu avec une attelle au genou, boitant visiblement sur le bord de la pelouse. Les premi\u00e8res craintes font \u00e9tat d&rsquo;une rupture du ligament crois\u00e9 ant\u00e9rieur, blessure qui n\u00e9cessiterait une op\u00e9ration et plusieurs mois de convalescence. <\/p>\n<p>D&rsquo;apr\u00e8s Footmercato, le diagnostic pourrait finalement \u00eatre moins pessimiste, avec \u00ab\u00a0simplement\u00a0\u00bb une grosse entorse. Les examens m\u00e9dicaux pr\u00e9vus dans les prochaines heures d\u00e9termineront la gravit\u00e9 exacte de cette blessure. <\/p>\n<p>\u00ab\u00a0\u00c0 quelques jours d&rsquo;un d\u00e9placement p\u00e9rilleux \u00e0 Nice, le FC Nantes vit donc une situation aussi insolite qu&rsquo;inqui\u00e9tante\u00a0\u00bb, souligne But Football Club. L&rsquo;ancien entra\u00eeneur de Dunkerque, arriv\u00e9 cet \u00e9t\u00e9 pour remplacer Antoine Kombouar\u00e9, devra composer avec une mobilit\u00e9 r\u00e9duite. <\/p>\n<p>Si la rupture des ligaments est confirm\u00e9es, cela impactera forc\u00e9ment Luis Castro dans son quotidien et dans sa fonction d&rsquo;entra\u00eeneur du FC Nantes.\n\t\t\t\t <\/p>\n","protected":false},"excerpt":{"rendered":"Grosse tuile pour Luis Castro ! L&rsquo;entra\u00eeneur portugais du FC Nantes s&rsquo;est s\u00e9rieusement bless\u00e9 au genou jeudi lors&hellip;\n","protected":false},"author":2,"featured_media":370679,"comment_status":"","ping_status":"","sticky":false,"template":"","format":"standard","meta":{"footnotes":""},"categories":[2818],"tags":[1111,11,1777,674,1011,27,766,12,2636,25],"class_list":{"0":"post-370678","1":"post","2":"type-post","3":"status-publish","4":"format-standard","5":"has-post-thumbnail","7":"category-nantes","8":"tag-actu","9":"tag-actualites","10":"tag-eu","11":"tag-europe","12":"tag-fr","13":"tag-france","14":"tag-nantes","15":"tag-news","16":"tag-pays-de-la-loire","17":"tag-republique-francaise"},"share_on_mastodon":{"url":"https:\/\/pubeurope.com\/@fr\/115157532986369990","error":""},"_links":{"self":[{"href":"https:\/\/www.europesays.com\/fr\/wp-json\/wp\/v2\/posts\/370678","targetHints":{"allow":["GET"]}}],"collection":[{"href":"https:\/\/www.europesays.com\/fr\/wp-json\/wp\/v2\/posts"}],"about":[{"href":"https:\/\/www.europesays.com\/fr\/wp-json\/wp\/v2\/types\/post"}],"author":[{"embeddable":true,"href":"https:\/\/www.europesays.com\/fr\/wp-json\/wp\/v2\/users\/2"}],"replies":[{"embeddable":true,"href":"https:\/\/www.europesays.com\/fr\/wp-json\/wp\/v2\/comments?post=370678"}],"version-history":[{"count":0,"href":"https:\/\/www.europesays.com\/fr\/wp-json\/wp\/v2\/posts\/370678\/revisions"}],"wp:featuredmedia":[{"embeddable":true,"href":"https:\/\/www.europesays.com\/fr\/wp-json\/wp\/v2\/media\/370679"}],"wp:attachment":[{"href":"https:\/\/www.europesays.com\/fr\/wp-json\/wp\/v2\/media?parent=370678"}],"wp:term":[{"taxonomy":"category","embeddable":true,"href":"https:\/\/www.europesays.com\/fr\/wp-json\/wp\/v2\/categories?post=370678"},{"taxonomy":"post_tag","embeddable":true,"href":"https:\/\/www.europesays.com\/fr\/wp-json\/wp\/v2\/tags?post=370678"}],"curies":[{"name":"wp","href":"https:\/\/api.w.org\/{rel}","templated":true}]}}