{"id":370682,"date":"2025-09-06T13:15:19","date_gmt":"2025-09-06T13:15:19","guid":{"rendered":"https:\/\/www.europesays.com\/fr\/370682\/"},"modified":"2025-09-06T13:15:19","modified_gmt":"2025-09-06T13:15:19","slug":"ce-quil-faut-savoir-avant-saumur","status":"publish","type":"post","link":"https:\/\/www.europesays.com\/fr\/370682\/","title":{"rendered":"ce qu\u2019il faut savoir avant Saumur"},"content":{"rendered":"<p>D\u00e9j\u00e0 au bord de la crise apr\u00e8s les deux premi\u00e8res journ\u00e9es de N2 (Avranches 0-0, Granville 0-1), les Girondins (7es) ont remport\u00e9 un premier succ\u00e8s de la saison \u00e0 Ch\u00e2teaubriant (1-3) la semaine derni\u00e8re et doivent maintenant encha\u00eener face \u00e0 Saumur (11e). Le nul ce vendredi des leaders Angoul\u00eame, contre le troisi\u00e8me Les Herbiers (0-0), et Poitiers, \u00e0 Bayonne (1-1), peut leur permettre de se rapprocher \u00e0 trois points de la t\u00eate avant deux matchs tests\u00a0: \u00e0 Saint-Malo, autre favori en difficult\u00e9 battu \u00e0 Avranches vendredi (1-0), puis face \u00e0 Angoul\u00eame le 20\u00a0septembre.<\/p>\n<p>\u00ab\u00a0Pour la confiance, pour valider ce que l\u2019on met en place, c\u2019est bien d\u2019avoir \u00e9t\u00e9 r\u00e9compens\u00e9. Maintenant les joueurs doivent savoir que les efforts r\u00e9alis\u00e9s sont le minimum de ce qu\u2019on doit faire cette saison pour atteindre notre objectif\u00a0\u00bb dit l\u2019entra\u00eeneur Bruno Irles.<\/p>\n<p>Le fait du match\u00a0: la pelouse, \u00e9tat connu<\/p>\n<p>Il faudra sans doute attendre deux semaines et la r\u00e9ception d\u2019Angoul\u00eame, voire la venue de La Roche-sur-Yon le 18\u00a0octobre avec un gros travail de soins et remise en \u00e9tat pr\u00e9vu entre les deux, pour retrouver une pelouse du stade Atlantique. Les Bordelais vont retrouver un terrain plus plan que lors de leurs deux derni\u00e8res r\u00e9ceptions mais pas encore parfait. Ils savent qu\u2019ils devront faire avec.<\/p>\n<p>\u00ab\u00a0Mon plan de jeu d\u00e9pend de mes joueurs, pas de l\u2019\u00e9tat de la pelouse. Ce n\u2019est pas \u00e7a qui fait gagner ou perdre, mais c\u2019est un plus quand elle est comme \u00e0 Ch\u00e2teaubriant. Mais \u00e7a ne nous a pas emp\u00each\u00e9s contre Granville de vouloir dominer avec le ballon, m\u00eame sur la plage. On aura \u00e0 nouveau cette volont\u00e9. Je ne vais pas demander aux joueurs d\u2019\u00eatre contre-nature\u00a0\u00bb glisse Bruno Irles, qui d\u00e9plore \u00ab\u00a0le m\u00eame probl\u00e8me\u00a0\u00bb sur le terrain d\u2019entra\u00eenement du Haillan. <a href=\"https:\/\/www.sudouest.fr\/sport\/football\/girondins-de-bordeaux-granville-0-1-les-coups-de-pied-arretes-un-vrai-casse-tete-25641546.php\" target=\"_blank\" rel=\"follow nofollow noopener\">Et constate le d\u00e9ficit sur les coups de pieds arr\u00eat\u00e9s<\/a>. \u00ab\u00a0On a plus de bons tireurs que la saison derni\u00e8re, mais moins de taille. Il faut trouver les bonnes connexions. On le travaille mais je ne veux pas non plus parler que de \u00e7a pour que les joueurs en fassent une fixette en oubliant le jeu.\u00a0\u00bb<\/p>\n<p>La question\u00a0: Etonde, Villette ou les deux\u00a0?<\/p>\n<p>L\u2019entr\u00e9e de l\u2019attaquant Mathieu Villette aux c\u00f4t\u00e9s de Lud\u00e9ric Etonde, dans un 4-4-2 losange tr\u00e8s offensif, a marqu\u00e9 contre Ch\u00e2teaubriant le retournement de situation contre Ch\u00e2teaubriant. Cette semaine, Bruno Irles a test\u00e9 \u00e0 l\u2019entra\u00eenement divers syst\u00e8mes mais devrait d\u00e9marrer \u00e0 quatre d\u00e9fenseurs. Devant, gr\u00e2ce notamment \u00e0 la r\u00e9solution de petits p\u00e9pins physiques de certains (Ba, Etonde, Shamal) et le retour progressif de bless\u00e9s (Manna\u00ef, Bahassa), le voil\u00e0 avec des premiers choix \u00e0 faire.<\/p>\n<p>\u00ab\u00a0On reste en effectif assez r\u00e9duit, mais j\u2019ai deux-trois possibilit\u00e9s. Je me suis offert diff\u00e9rentes options durant la semaine, je choisirai la bonne selon l\u2019adversaire, les \u00e9tats de forme\u00a0\u00bb dit Bruno Irles.<\/p>\n<p>L\u2019adversaire<\/p>\n<p>Rep\u00each\u00e9 administrativement et plus petit budget de la poule, Saumur a d\u00e9but\u00e9 difficilement avec des d\u00e9faites contre Bayonne \u00e0 domicile (0-1) et aux Herbiers (1-0). Ils ont su r\u00e9agir en dominant un \u00ab\u00a0gros\u00a0\u00bb, Avranches, samedi dernier (2-0). \u00ab\u00a0Ils ont chang\u00e9 \u00e0 la fois de syst\u00e8me et d\u2019\u00e9tat d\u2019esprit. Ils ont m\u00e9rit\u00e9 leur succ\u00e8s, ils sont all\u00e9s les bousculer. On va voir quelle attitude ils auront au stade Atlantique\u00a0: ambitieux ou plus frileux. On s\u2019est pr\u00e9par\u00e9 aux deux\u00a0\u00bb pointe Bruno Irles.<\/p>\n","protected":false},"excerpt":{"rendered":"D\u00e9j\u00e0 au bord de la crise apr\u00e8s les deux premi\u00e8res journ\u00e9es de N2 (Avranches 0-0, Granville 0-1), les&hellip;\n","protected":false},"author":2,"featured_media":370683,"comment_status":"","ping_status":"","sticky":false,"template":"","format":"standard","meta":{"footnotes":""},"categories":[2817],"tags":[1111,11,1997,1777,674,1011,27,12,2219,25],"class_list":{"0":"post-370682","1":"post","2":"type-post","3":"status-publish","4":"format-standard","5":"has-post-thumbnail","7":"category-bordeaux","8":"tag-actu","9":"tag-actualites","10":"tag-bordeaux","11":"tag-eu","12":"tag-europe","13":"tag-fr","14":"tag-france","15":"tag-news","16":"tag-nouvelle-aquitaine","17":"tag-republique-francaise"},"share_on_mastodon":{"url":"https:\/\/pubeurope.com\/@fr\/115157540846482011","error":""},"_links":{"self":[{"href":"https:\/\/www.europesays.com\/fr\/wp-json\/wp\/v2\/posts\/370682","targetHints":{"allow":["GET"]}}],"collection":[{"href":"https:\/\/www.europesays.com\/fr\/wp-json\/wp\/v2\/posts"}],"about":[{"href":"https:\/\/www.europesays.com\/fr\/wp-json\/wp\/v2\/types\/post"}],"author":[{"embeddable":true,"href":"https:\/\/www.europesays.com\/fr\/wp-json\/wp\/v2\/users\/2"}],"replies":[{"embeddable":true,"href":"https:\/\/www.europesays.com\/fr\/wp-json\/wp\/v2\/comments?post=370682"}],"version-history":[{"count":0,"href":"https:\/\/www.europesays.com\/fr\/wp-json\/wp\/v2\/posts\/370682\/revisions"}],"wp:featuredmedia":[{"embeddable":true,"href":"https:\/\/www.europesays.com\/fr\/wp-json\/wp\/v2\/media\/370683"}],"wp:attachment":[{"href":"https:\/\/www.europesays.com\/fr\/wp-json\/wp\/v2\/media?parent=370682"}],"wp:term":[{"taxonomy":"category","embeddable":true,"href":"https:\/\/www.europesays.com\/fr\/wp-json\/wp\/v2\/categories?post=370682"},{"taxonomy":"post_tag","embeddable":true,"href":"https:\/\/www.europesays.com\/fr\/wp-json\/wp\/v2\/tags?post=370682"}],"curies":[{"name":"wp","href":"https:\/\/api.w.org\/{rel}","templated":true}]}}