{"id":370688,"date":"2025-09-06T13:19:10","date_gmt":"2025-09-06T13:19:10","guid":{"rendered":"https:\/\/www.europesays.com\/fr\/370688\/"},"modified":"2025-09-06T13:19:10","modified_gmt":"2025-09-06T13:19:10","slug":"jean-luc-melenchon-present-a-la-braderie-de-lille-pour-un-discours-attendu-vers-16h30","status":"publish","type":"post","link":"https:\/\/www.europesays.com\/fr\/370688\/","title":{"rendered":"Jean-Luc M\u00e9lenchon pr\u00e9sent \u00e0 la braderie de Lille pour un discours attendu vers 16h30"},"content":{"rendered":"<p>Jean-Luc M\u00e9lenchon pr\u00e9sent \u00e0 la braderie de Lille pour un discours attendu vers 16h30Sur le m\u00eame sujet<a href=\"https:\/\/www.bfmtv.com\/politique\/les-republicains\/video-vote-de-confiance-si-la-gauche-est-a-matignon-la-droite-est-dans-l-opposition-affirme-othman-nasrou-secretaire-general-des-lr_VN-202509060259.html\" title=\"Vote de confiance: &quot;Si la gauche est \u00e0 Matignon, la droite est dans l&#039;opposition&quot;, affirme Othman Nasrou, secr\u00e9taire g\u00e9n\u00e9ral des LR\" rel=\"nofollow noopener\" target=\"_blank\"><img width=\"16\" height=\"9\" class=\"lozad\"  alt=\"Vote de confiance: &quot;Si la gauche est \u00e0 Matignon, la droite est dans l'opposition&quot;, affirme Othman Nasrou, secr\u00e9taire g\u00e9n\u00e9ral des LR\"\/>2:00Vote de confiance: \u00ab\u00a0Si la gauche est \u00e0 Matignon, la droite est dans l&rsquo;opposition\u00a0\u00bb, affirme Othman Nasrou, secr\u00e9taire g\u00e9n\u00e9ral des LR<\/a><a href=\"https:\/\/www.bfmtv.com\/politique\/les-republicains\/video-jean-luc-melenchon-present-a-la-braderie-de-lille-pour-un-discours-attendu-vers-16h30_VN-202509060256.html\" title=\"Jean-Luc M\u00e9lenchon pr\u00e9sent \u00e0 la braderie de Lille pour un discours attendu vers 16h30\" rel=\"nofollow noopener\" target=\"_blank\"><img width=\"16\" height=\"9\" class=\"lozad\"  alt=\"Jean-Luc M\u00e9lenchon pr\u00e9sent \u00e0 la braderie de Lille pour un discours attendu vers 16h30\"\/>en lectureJean-Luc M\u00e9lenchon pr\u00e9sent \u00e0 la braderie de Lille pour un discours attendu vers 16h30<\/a><a href=\"https:\/\/www.bfmtv.com\/politique\/les-republicains\/video-vote-de-confiance-une-dissolution-de-l-assemblee-nationale-n-est-pas-dans-l-interet-de-la-france-affirme-la-deputee-droite-republicaine-du-jura_VN-202509060249.html\" title=\"Vote de confiance: une dissolution de l&#039;Assembl\u00e9e nationale &quot;n&#039;est pas dans l&#039;int\u00e9r\u00eat de la France&quot;, affirme la d\u00e9put\u00e9e &quot;Droite R\u00e9publicaine&quot; du Jura\" rel=\"nofollow noopener\" target=\"_blank\"><img width=\"16\" height=\"9\" class=\"lozad\"  alt=\"Vote de confiance: une dissolution de l'Assembl\u00e9e nationale &quot;n'est pas dans l'int\u00e9r\u00eat de la France&quot;, affirme la d\u00e9put\u00e9e &quot;Droite R\u00e9publicaine&quot; du Jura\"\/>1:08Vote de confiance: une dissolution de l&rsquo;Assembl\u00e9e nationale \u00ab\u00a0n&rsquo;est pas dans l&rsquo;int\u00e9r\u00eat de la France\u00a0\u00bb, affirme la d\u00e9put\u00e9e \u00ab\u00a0Droite R\u00e9publicaine\u00a0\u00bb du Jura<\/a><a href=\"https:\/\/www.bfmtv.com\/politique\/les-republicains\/video-vote-de-confiance-mettre-a-la-tete-du-gouvernement-quelqu-un-de-gauche-c-est-completement-incoherent-affirme-le-maire-lr-de-la-baule-escoublac_VN-202509060234.html\" title=\"Vote de confiance: &quot;Mettre \u00e0 la t\u00eate du gouvernement quelqu&#039;un de gauche, c&#039;est compl\u00e8tement incoh\u00e9rent&quot;, affirme le maire LR de La Baule-Escoublac\" rel=\"nofollow noopener\" target=\"_blank\"><img width=\"16\" height=\"9\" class=\"lozad\"  alt=\"Vote de confiance: &quot;Mettre \u00e0 la t\u00eate du gouvernement quelqu'un de gauche, c'est compl\u00e8tement incoh\u00e9rent&quot;, affirme le maire LR de La Baule-Escoublac\"\/>1:52Vote de confiance: \u00ab\u00a0Mettre \u00e0 la t\u00eate du gouvernement quelqu&rsquo;un de gauche, c&rsquo;est compl\u00e8tement incoh\u00e9rent\u00a0\u00bb, affirme le maire LR de La Baule-Escoublac<\/a><a href=\"https:\/\/www.bfmtv.com\/politique\/les-republicains\/video-vote-de-confiance-les-republicains-divises-sur-la-censure-d-un-gouvernement-socialiste_VN-202509060216.html\" title=\"Vote de confiance: Les R\u00e9publicains divis\u00e9s sur la censure d&#039;un gouvernement socialiste\" rel=\"nofollow noopener\" target=\"_blank\"><img width=\"16\" height=\"9\" class=\"lozad\"  alt=\"Vote de confiance: Les R\u00e9publicains divis\u00e9s sur la censure d'un gouvernement socialiste\"\/>1:30Vote de confiance: Les R\u00e9publicains divis\u00e9s sur la censure d&rsquo;un gouvernement socialiste<\/a><a href=\"https:\/\/www.bfmtv.com\/politique\/les-republicains\/video-bloquons-tout-le-mouvement-a-ete-recupere-par-jean-luc-melenchon-estime-pierre-henri-dumont-secretaire-general-adjoint-les-republicains_VN-202509050908.html\" title=\"&quot;Bloquons tout&quot;: &quot;Le mouvement a \u00e9t\u00e9 r\u00e9cup\u00e9r\u00e9 par Jean-Luc M\u00e9lenchon&quot;, estime Pierre-Henri Dumont, secr\u00e9taire g\u00e9n\u00e9ral adjoint Les R\u00e9publicains\" rel=\"nofollow noopener\" target=\"_blank\"><img width=\"16\" height=\"9\" class=\"lozad\"  alt=\"&quot;Bloquons tout&quot;: &quot;Le mouvement a \u00e9t\u00e9 r\u00e9cup\u00e9r\u00e9 par Jean-Luc M\u00e9lenchon&quot;, estime Pierre-Henri Dumont, secr\u00e9taire g\u00e9n\u00e9ral adjoint Les R\u00e9publicains\"\/>1:01&Prime;Bloquons tout\u00a0\u00bb: \u00ab\u00a0Le mouvement a \u00e9t\u00e9 r\u00e9cup\u00e9r\u00e9 par Jean-Luc M\u00e9lenchon\u00a0\u00bb, estime Pierre-Henri Dumont, secr\u00e9taire g\u00e9n\u00e9ral adjoint Les R\u00e9publicains<\/a><a href=\"https:\/\/www.bfmtv.com\/politique\/parti-socialiste\/video-gouvernement-les-coulisses-d-une-chute-annoncee_VN-202509050862.html\" title=\"Gouvernement: les coulisses d&#039;une chute annonc\u00e9e\" rel=\"nofollow noopener\" target=\"_blank\"><img width=\"16\" height=\"9\" class=\"lozad\"  alt=\"Gouvernement: les coulisses d'une chute annonc\u00e9e\"\/>14:46Gouvernement: les coulisses d&rsquo;une chute annonc\u00e9e<\/a><a href=\"https:\/\/www.bfmtv.com\/politique\/les-republicains\/video-bloquons-tout-vous-allez-bloquer-un-pays-qui-est-deja-bloque-denonce-florence-portelli-vice-presidente-des-republicains_VN-202509050792.html\" title=\"&quot;Bloquons tout&quot;: &quot;Vous allez bloquer un pays qui est d\u00e9j\u00e0 bloqu\u00e9&quot;, d\u00e9nonce Florence Portelli, vice-pr\u00e9sidente des R\u00e9publicains\" rel=\"nofollow noopener\" target=\"_blank\"><img width=\"16\" height=\"9\" class=\"lozad\"  alt=\"&quot;Bloquons tout&quot;: &quot;Vous allez bloquer un pays qui est d\u00e9j\u00e0 bloqu\u00e9&quot;, d\u00e9nonce Florence Portelli, vice-pr\u00e9sidente des R\u00e9publicains\"\/>1:26&Prime;Bloquons tout\u00a0\u00bb: \u00ab\u00a0Vous allez bloquer un pays qui est d\u00e9j\u00e0 bloqu\u00e9\u00a0\u00bb, d\u00e9nonce Florence Portelli, vice-pr\u00e9sidente des R\u00e9publicains<\/a><a href=\"https:\/\/www.bfmtv.com\/lyon\/replay-emissions\/bonsoir-lyon\/video-aulas-et-renaissance-a-quand-une-alliance-la-reponse-de-thomas-rudigoz_VN-202509040818.html\" title=\"Aulas et Renaissance : \u00e0 quand une alliance ? La r\u00e9ponse de Thomas Rudigoz\" rel=\"nofollow noopener\" target=\"_blank\"><img width=\"16\" height=\"9\" class=\"lozad\"  alt=\"Aulas et Renaissance : \u00e0 quand une alliance ? La r\u00e9ponse de Thomas Rudigoz\"\/>2:43Aulas et Renaissance : \u00e0 quand une alliance ? La r\u00e9ponse de Thomas Rudigoz<\/a><a href=\"https:\/\/www.bfmtv.com\/lyon\/replay-emissions\/bonsoir-lyon\/video-municipales-a-lyon-jean-michel-aulas-va-se-lancer-dans-l-aventure-bientot_VN-202509040814.html\" title=\"Municipales \u00e0 Lyon : Jean-Michel Aulas va &quot;se lancer dans l&#039;aventure&quot; bient\u00f4t \" rel=\"nofollow noopener\" target=\"_blank\"><img width=\"16\" height=\"9\" class=\"lozad\"  alt=\"Municipales \u00e0 Lyon : Jean-Michel Aulas va &quot;se lancer dans l'aventure&quot; bient\u00f4t \"\/>2:44Municipales \u00e0 Lyon : Jean-Michel Aulas va \u00ab\u00a0se lancer dans l&rsquo;aventure\u00a0\u00bb bient\u00f4t<\/a><a href=\"https:\/\/www.bfmtv.com\/politique\/elections\/municipales\/video-municipales-a-lyon-j-adore-jean-michel-aulas-je-serai-amene-a-m-exprimer-sur-le-sujet-affirme-laurent-wauquiez-lr_VN-202509040279.html\" title=\"Municipales \u00e0 Lyon: &quot;J&#039;adore Jean-Michel Aulas (...) je serai amen\u00e9 \u00e0 m&#039;exprimer sur le sujet&quot;, affirme Laurent Wauquiez (LR) \" rel=\"nofollow noopener\" target=\"_blank\"><img width=\"16\" height=\"9\" class=\"lozad\"  alt=\"Municipales \u00e0 Lyon: &quot;J'adore Jean-Michel Aulas (...) je serai amen\u00e9 \u00e0 m'exprimer sur le sujet&quot;, affirme Laurent Wauquiez (LR) \"\/>0:16Municipales \u00e0 Lyon: \u00ab\u00a0J&rsquo;adore Jean-Michel Aulas (&#8230;) je serai amen\u00e9 \u00e0 m&rsquo;exprimer sur le sujet\u00a0\u00bb, affirme Laurent Wauquiez (LR)<\/a><a href=\"https:\/\/www.bfmtv.com\/politique\/les-republicains\/video-attaque-a-marseille-c-est-la-longue-histoire-de-ces-etrangers-ultra-violents-qui-n-ont-rien-a-faire-sur-notre-sol-estime-laurent-wauquiez_VN-202509040261.html\" title=\"Attaque \u00e0 Marseille &quot;C&#039;est la longue histoire (...) de ces \u00e9trangers ultra-violents qui n&#039;ont rien \u00e0 faire sur notre sol&quot;, estime Laurent Wauquiez\" rel=\"nofollow noopener\" target=\"_blank\"><img width=\"16\" height=\"9\" class=\"lozad\"  alt=\"Attaque \u00e0 Marseille &quot;C'est la longue histoire (...) de ces \u00e9trangers ultra-violents qui n'ont rien \u00e0 faire sur notre sol&quot;, estime Laurent Wauquiez\"\/>1:03Attaque \u00e0 Marseille \u00ab\u00a0C&rsquo;est la longue histoire (&#8230;) de ces \u00e9trangers ultra-violents qui n&rsquo;ont rien \u00e0 faire sur notre sol\u00a0\u00bb, estime Laurent Wauquiez<\/a><a href=\"https:\/\/www.bfmtv.com\/politique\/les-republicains\/video-mercosur-dans-ces-accords-l-agriculture-est-systematiquement-sacrifiee-estime-laurent-wauquiez-lr_VN-202509040260.html\" title=\"Mercosur: &quot;Dans ces accords, l&#039;agriculture est syst\u00e9matiquement sacrifi\u00e9e&quot;, estime Laurent Wauquiez (LR)\" rel=\"nofollow noopener\" target=\"_blank\"><img width=\"16\" height=\"9\" class=\"lozad\"  alt=\"Mercosur: &quot;Dans ces accords, l'agriculture est syst\u00e9matiquement sacrifi\u00e9e&quot;, estime Laurent Wauquiez (LR)\"\/>0:54Mercosur: \u00ab\u00a0Dans ces accords, l&rsquo;agriculture est syst\u00e9matiquement sacrifi\u00e9e\u00a0\u00bb, estime Laurent Wauquiez (LR)<\/a><a href=\"https:\/\/www.bfmtv.com\/politique\/les-republicains\/video-laurent-wauquiez-lr-nous-ne-faisons-pas-partie-de-ceux-qui-font-tomber-des-gouvernements-dans-ce-pays_VN-202509040256.html\" title=\"Laurent Wauquiez (LR): &quot;Nous ne faisons pas partie de ceux qui font tomber des gouvernements dans ce pays&quot;\" rel=\"nofollow noopener\" target=\"_blank\"><img width=\"16\" height=\"9\" class=\"lozad\"  alt=\"Laurent Wauquiez (LR): &quot;Nous ne faisons pas partie de ceux qui font tomber des gouvernements dans ce pays&quot;\"\/>1:47Laurent Wauquiez (LR): \u00ab\u00a0Nous ne faisons pas partie de ceux qui font tomber des gouvernements dans ce pays\u00a0\u00bb<\/a><a class=\"jumpToVideo\" target=\"_blank\"><img class=\"thumbnailPreview\"\/><\/a><\/p>\n","protected":false},"excerpt":{"rendered":"Jean-Luc M\u00e9lenchon pr\u00e9sent \u00e0 la braderie de Lille pour un discours attendu vers 16h30Sur le m\u00eame sujet2:00Vote de&hellip;\n","protected":false},"author":2,"featured_media":370689,"comment_status":"","ping_status":"","sticky":false,"template":"","format":"standard","meta":{"footnotes":""},"categories":[2815],"tags":[1111,11,1777,674,1011,27,811,1307,12,25],"class_list":{"0":"post-370688","1":"post","2":"type-post","3":"status-publish","4":"format-standard","5":"has-post-thumbnail","7":"category-lille","8":"tag-actu","9":"tag-actualites","10":"tag-eu","11":"tag-europe","12":"tag-fr","13":"tag-france","14":"tag-hauts-de-france","15":"tag-lille","16":"tag-news","17":"tag-republique-francaise"},"share_on_mastodon":{"url":"https:\/\/pubeurope.com\/@fr\/115157556543267494","error":""},"_links":{"self":[{"href":"https:\/\/www.europesays.com\/fr\/wp-json\/wp\/v2\/posts\/370688","targetHints":{"allow":["GET"]}}],"collection":[{"href":"https:\/\/www.europesays.com\/fr\/wp-json\/wp\/v2\/posts"}],"about":[{"href":"https:\/\/www.europesays.com\/fr\/wp-json\/wp\/v2\/types\/post"}],"author":[{"embeddable":true,"href":"https:\/\/www.europesays.com\/fr\/wp-json\/wp\/v2\/users\/2"}],"replies":[{"embeddable":true,"href":"https:\/\/www.europesays.com\/fr\/wp-json\/wp\/v2\/comments?post=370688"}],"version-history":[{"count":0,"href":"https:\/\/www.europesays.com\/fr\/wp-json\/wp\/v2\/posts\/370688\/revisions"}],"wp:featuredmedia":[{"embeddable":true,"href":"https:\/\/www.europesays.com\/fr\/wp-json\/wp\/v2\/media\/370689"}],"wp:attachment":[{"href":"https:\/\/www.europesays.com\/fr\/wp-json\/wp\/v2\/media?parent=370688"}],"wp:term":[{"taxonomy":"category","embeddable":true,"href":"https:\/\/www.europesays.com\/fr\/wp-json\/wp\/v2\/categories?post=370688"},{"taxonomy":"post_tag","embeddable":true,"href":"https:\/\/www.europesays.com\/fr\/wp-json\/wp\/v2\/tags?post=370688"}],"curies":[{"name":"wp","href":"https:\/\/api.w.org\/{rel}","templated":true}]}}