{"id":370690,"date":"2025-09-06T13:20:10","date_gmt":"2025-09-06T13:20:10","guid":{"rendered":"https:\/\/www.europesays.com\/fr\/370690\/"},"modified":"2025-09-06T13:20:10","modified_gmt":"2025-09-06T13:20:10","slug":"trois-hommes-egorgent-un-mouton-en-public-dans-un-parc-a-marseille","status":"publish","type":"post","link":"https:\/\/www.europesays.com\/fr\/370690\/","title":{"rendered":"Trois hommes \u00e9gorgent un mouton en public dans un parc \u00e0 Marseille"},"content":{"rendered":"<p>Ceux qui pensaient avoir tout vu ont encore \u00e9t\u00e9 surpris, fin ao\u00fbt, dans un parc du quartier du Canet, dans le 14e arrondissement de Marseille.<\/p>\n<p>Ce dimanche 24 ao\u00fbt, alors que nombre d&rsquo;enfants jouaient, accompagn\u00e9s par leurs parents, dans le parc de l&rsquo;Esp\u00e9rance, des riverains ont remarqu\u00e9 la pr\u00e9sence d&rsquo;un mouton, singuli\u00e8rement accompagn\u00e9 par trois hommes. Mais peu apr\u00e8s, l&rsquo;\u00e9tonnement a laiss\u00e9 place \u00e0 l&rsquo;effroi, lorsque des t\u00e9moins ont surpris le trio<a href=\"https:\/\/www.laprovence.com\/article\/faits-divers-justice\/30675404597068\/plusieurs-dizaines-d-agneaux-et-de-moutons-saisis-par-la-police-dans-les-quartiers-nord-de-marseille\" target=\"_blank\" rel=\"noopener\"> en train d&rsquo;\u00e9gorger l&rsquo;animal<\/a> au beau milieu du parc. Puis, accroupis sur de simples cartons d&#8217;emballage aplatis \u00e0 m\u00eame le sol, les bouchers du dimanche se sont livr\u00e9s \u00e0 un d\u00e9pe\u00e7age m\u00e9thodique.<\/p>\n<p>Avec des couteaux domestiques<\/p>\n<p>Avec de simples couteaux domestiques, nonobstant un certain tour de main, le mouton a \u00e9t\u00e9 vid\u00e9 et <a href=\"https:\/\/www.laprovence.com\/article\/faits-divers-justice\/77888776364156\/un-abattoir-clandestin-de-moutons-decouvert-a-nice\" target=\"_blank\" rel=\"noopener\">d\u00e9bit\u00e9 en plein air<\/a>, sous les yeux effar\u00e9s de certains passants qui ont pr\u00e9venu la police municipale.<\/p>\n<p>D\u00e9couvrant la sc\u00e8ne, insoutenable dans la chaleur estivale, les agents de la brigade Nord ont interpell\u00e9 les bouchers amateurs, des ressortissants comoriens \u00e2g\u00e9s d&rsquo;une trentaine d&rsquo;ann\u00e9es, venus pr\u00e9parer leurs grillades. La viande a \u00e9galement \u00e9t\u00e9 saisie par l&rsquo;\u00e9quipage pour destruction. Par ailleurs, une plainte a \u00e9t\u00e9 d\u00e9pos\u00e9e par la SPA.<\/p>\n","protected":false},"excerpt":{"rendered":"Ceux qui pensaient avoir tout vu ont encore \u00e9t\u00e9 surpris, fin ao\u00fbt, dans un parc du quartier du&hellip;\n","protected":false},"author":2,"featured_media":370691,"comment_status":"","ping_status":"","sticky":false,"template":"","format":"standard","meta":{"footnotes":""},"categories":[2814],"tags":[17,1111,11,1446,50487,1777,674,274,1011,27,1101,884,30365,12,153,882,3532,25,1100],"class_list":{"0":"post-370690","1":"post","2":"type-post","3":"status-publish","4":"format-standard","5":"has-post-thumbnail","7":"category-marseille","8":"tag-17","9":"tag-actu","10":"tag-actualites","11":"tag-dans","12":"tag-egorgent","13":"tag-eu","14":"tag-europe","15":"tag-faits-divers-justice","16":"tag-fr","17":"tag-france","18":"tag-hommes","19":"tag-marseille","20":"tag-mouton","21":"tag-news","22":"tag-parc","23":"tag-provence-alpes-cote-dazur","24":"tag-public","25":"tag-republique-francaise","26":"tag-trois"},"share_on_mastodon":{"url":"https:\/\/pubeurope.com\/@fr\/115157560426424752","error":""},"_links":{"self":[{"href":"https:\/\/www.europesays.com\/fr\/wp-json\/wp\/v2\/posts\/370690","targetHints":{"allow":["GET"]}}],"collection":[{"href":"https:\/\/www.europesays.com\/fr\/wp-json\/wp\/v2\/posts"}],"about":[{"href":"https:\/\/www.europesays.com\/fr\/wp-json\/wp\/v2\/types\/post"}],"author":[{"embeddable":true,"href":"https:\/\/www.europesays.com\/fr\/wp-json\/wp\/v2\/users\/2"}],"replies":[{"embeddable":true,"href":"https:\/\/www.europesays.com\/fr\/wp-json\/wp\/v2\/comments?post=370690"}],"version-history":[{"count":0,"href":"https:\/\/www.europesays.com\/fr\/wp-json\/wp\/v2\/posts\/370690\/revisions"}],"wp:featuredmedia":[{"embeddable":true,"href":"https:\/\/www.europesays.com\/fr\/wp-json\/wp\/v2\/media\/370691"}],"wp:attachment":[{"href":"https:\/\/www.europesays.com\/fr\/wp-json\/wp\/v2\/media?parent=370690"}],"wp:term":[{"taxonomy":"category","embeddable":true,"href":"https:\/\/www.europesays.com\/fr\/wp-json\/wp\/v2\/categories?post=370690"},{"taxonomy":"post_tag","embeddable":true,"href":"https:\/\/www.europesays.com\/fr\/wp-json\/wp\/v2\/tags?post=370690"}],"curies":[{"name":"wp","href":"https:\/\/api.w.org\/{rel}","templated":true}]}}