{"id":370694,"date":"2025-09-06T13:22:09","date_gmt":"2025-09-06T13:22:09","guid":{"rendered":"https:\/\/www.europesays.com\/fr\/370694\/"},"modified":"2025-09-06T13:22:09","modified_gmt":"2025-09-06T13:22:09","slug":"ils-se-faisaient-passer-pour-de-faux-plombiers-pour-voler-des-seniors-ils-sont-condamnes","status":"publish","type":"post","link":"https:\/\/www.europesays.com\/fr\/370694\/","title":{"rendered":"ils se faisaient passer pour de faux plombiers pour voler des seniors, ils sont condamn\u00e9s"},"content":{"rendered":"<p itemprop=\"description\"><strong>Le trio \u00e9cumait la France, mais avait fait de l&rsquo;agglom\u00e9ration lyonnaise son terrain de jeu privil\u00e9gi\u00e9.<\/strong><\/p>\n<p>Leur cible ? Des personnes \u00e2g\u00e9es. Leur m\u00e9thode ? Se faire passer pour des plombiers afin d&rsquo;\u00eatre invit\u00e9s \u00e0 entrer chez leurs victimes pour faire main basse sur de l&rsquo;argent ou des bijoux.<\/p>\n<p>Au total, ces deux hommes et une femme ont fait une dizaine de victimes entre f\u00e9vrier et juillet. Dont une femme de 99 ans qu&rsquo;ils ont lourdement fait chuter au sol dans son appartement du 1er arrondissement de Lyon (45 jours d&rsquo;ITT).<\/p>\n<p>Interpell\u00e9s mardi, ils ont \u00e9t\u00e9 jug\u00e9s ce jeudi au tribunal correctionnel de Lyon. Le leader a \u00e9cop\u00e9 de 3 ans de prison et est retourn\u00e9 derri\u00e8re les barreaux o\u00f9 il avait \u00e9t\u00e9 retrouv\u00e9 par les enqu\u00eateurs, car il purge d\u00e9j\u00e0 une peine prononc\u00e9e cet \u00e9t\u00e9 pour d&rsquo;autres faits.<\/p>\n<p>Son complice principal \u00e9tait dans le m\u00eame cas, incarc\u00e9r\u00e9 \u00e0 Valence pour violences. Il a \u00e9t\u00e9 condamn\u00e9 \u00e0 2 ans de prison, dont la moiti\u00e9 avec sursis.<\/p>\n<p>Enfin, la femme qui les accompagnait pour amadouer les s\u00e9niors, s&rsquo;en tire avec 8 mois de prison avec sursis.<\/p>\n","protected":false},"excerpt":{"rendered":"Le trio \u00e9cumait la France, mais avait fait de l&rsquo;agglom\u00e9ration lyonnaise son terrain de jeu privil\u00e9gi\u00e9. Leur cible&hellip;\n","protected":false},"author":2,"featured_media":370695,"comment_status":"","ping_status":"","sticky":false,"template":"","format":"standard","meta":{"footnotes":""},"categories":[1889],"tags":[1111,11,2813,2190,2430,1109,251,1112,2811,1777,674,118,1011,27,1922,1110,1114,2428,2810,12,241,316,25,2812,517,800],"class_list":{"0":"post-370694","1":"post","2":"type-post","3":"status-publish","4":"format-standard","5":"has-post-thumbnail","7":"category-lyon","8":"tag-actu","9":"tag-actualites","10":"tag-article","11":"tag-asvel","12":"tag-auvergne-rhone-alpes","13":"tag-breves","14":"tag-culture","15":"tag-depeches","16":"tag-economique","17":"tag-eu","18":"tag-europe","19":"tag-faits-divers","20":"tag-fr","21":"tag-france","22":"tag-info","23":"tag-informations","24":"tag-infos","25":"tag-lyon","26":"tag-lyonmag","27":"tag-news","28":"tag-ol","29":"tag-politique","30":"tag-republique-francaise","31":"tag-sociale","32":"tag-sport","33":"tag-transports"},"share_on_mastodon":{"url":"https:\/\/pubeurope.com\/@fr\/115157568328655266","error":""},"_links":{"self":[{"href":"https:\/\/www.europesays.com\/fr\/wp-json\/wp\/v2\/posts\/370694","targetHints":{"allow":["GET"]}}],"collection":[{"href":"https:\/\/www.europesays.com\/fr\/wp-json\/wp\/v2\/posts"}],"about":[{"href":"https:\/\/www.europesays.com\/fr\/wp-json\/wp\/v2\/types\/post"}],"author":[{"embeddable":true,"href":"https:\/\/www.europesays.com\/fr\/wp-json\/wp\/v2\/users\/2"}],"replies":[{"embeddable":true,"href":"https:\/\/www.europesays.com\/fr\/wp-json\/wp\/v2\/comments?post=370694"}],"version-history":[{"count":0,"href":"https:\/\/www.europesays.com\/fr\/wp-json\/wp\/v2\/posts\/370694\/revisions"}],"wp:featuredmedia":[{"embeddable":true,"href":"https:\/\/www.europesays.com\/fr\/wp-json\/wp\/v2\/media\/370695"}],"wp:attachment":[{"href":"https:\/\/www.europesays.com\/fr\/wp-json\/wp\/v2\/media?parent=370694"}],"wp:term":[{"taxonomy":"category","embeddable":true,"href":"https:\/\/www.europesays.com\/fr\/wp-json\/wp\/v2\/categories?post=370694"},{"taxonomy":"post_tag","embeddable":true,"href":"https:\/\/www.europesays.com\/fr\/wp-json\/wp\/v2\/tags?post=370694"}],"curies":[{"name":"wp","href":"https:\/\/api.w.org\/{rel}","templated":true}]}}