{"id":370696,"date":"2025-09-06T13:23:11","date_gmt":"2025-09-06T13:23:11","guid":{"rendered":"https:\/\/www.europesays.com\/fr\/370696\/"},"modified":"2025-09-06T13:23:11","modified_gmt":"2025-09-06T13:23:11","slug":"lyon-face-a-une-crise-du-logement-etudiant","status":"publish","type":"post","link":"https:\/\/www.europesays.com\/fr\/370696\/","title":{"rendered":"Lyon face \u00e0 une crise du logement \u00e9tudiant"},"content":{"rendered":"<p>            lire plus tard<\/p>\n<p id=\"dialog__title\" class=\"dialog__title\">Pour sauvegarder cet article, connectez-vous ou cr\u00e9ez un compte franceinfo<\/p>\n<p class=\"dialog__description\">Sans paiement. Sans abonnement.<\/p>\n<p>        Fermer la fen\u00eatre d\u2019activation des notifications France Info<\/p>\n<p>            cr\u00e9er votre compte<\/p>\n<p>            se connecter<\/p>\n<p>        Fermer la fen\u00eatre de pr\u00e9sentation<\/p>\n<p>    Publi\u00e9 le 06\/09\/2025 15:01<\/p>\n<p>        Temps de lecture : 3min &#8211; vid\u00e9o : 2min<\/p>\n<p>    <img decoding=\"async\" class=\"francetv-player-wrapper__image\" alt=\"Rentr\u00e9e scolaire : Lyon face \u00e0 une crise du logement \u00e9tudiant\"  width=\"432\" height=\"243\" src=\"https:\/\/www.europesays.com\/fr\/wp-content\/uploads\/2025\/09\/rgrgeg-68bc30812d7fe190150255.png\" fetchpriority=\"high\"\/><\/p>\n<p>              Rentr\u00e9e scolaire : Lyon face \u00e0 une crise du logement \u00e9tudiant<br \/>\n                    (France 2)<\/p>\n<p>      2min<\/p>\n<p>\n  \u00c0 Lyon, trouver un logement \u00e9tudiant rel\u00e8ve du d\u00e9fi. Loyers \u00e9lev\u00e9s, appartements rares et listes d\u2019attente interminables obligent certains \u00e9tudiants \u00e0 de longs trajets ou \u00e0 revoir leur budget. Colocation et compromis deviennent souvent les seules solutions face \u00e0 un march\u00e9 satur\u00e9.\n<\/p>\n<p><strong>Ce texte correspond \u00e0 une partie de la retranscription du reportage ci-dessus. Cliquez sur la vid\u00e9o pour la regarder en int\u00e9gralit\u00e9.<\/strong><\/p>\n<p>Tiphaine Parennes a pass\u00e9 tout l&rsquo;\u00e9t\u00e9 \u00e0 chercher un appartement \u00e0 Lyon. Mais cette \u00e9tudiante n&rsquo;a toujours pas trouv\u00e9. Avec un budget de 550 euros, <a href=\"https:\/\/france3-regions.franceinfo.fr\/occitanie\/herault\/montpellier\/rentree-2025-je-cherche-un-logement-qui-accepte-les-mineurs-et-sans-caution-le-casse-tete-se-repete-pour-les-etudiants-3211964.html\" data-tooltip-url=\"https:\/\/france3-regions.franceinfo.fr\/occitanie\/herault\/montpellier\/rentree-2025-je-cherche-un-logement-qui-accepte-les-mineurs-et-sans-caution-le-casse-tete-se-repete-pour-les-etudiants-3211964.html\" rel=\"nofollow noopener\" target=\"_blank\">elle a d\u00e9pos\u00e9 de nombreux dossiers\u2026 en vain<\/a>.\u00a0\u00bbFranchement, entre ma m\u00e8re et moi, je dirais une trentaine, voire plus. Mais il n&rsquo;y a rien, rien du tout. C&rsquo;est tout pris ou alors ce sont des \u00e9normes listes d&rsquo;attente. Enfin, il n&rsquo;y a rien.\u00a0\u00bb raconte-t-elle, d\u00e9sempar\u00e9e.<\/p>\n<p>Pour l&rsquo;heure, sa seule solution reste des allers-retours depuis son domicile familial dans le d\u00e9partement voisin, avec des heures de trajet quotidien.\u00a0\u00bbJe vais \u00eatre fatigu\u00e9e, c&rsquo;est-\u00e0-dire, imaginons, je finis \u00e0 20h, je vais rentrer chez moi, \u00e7a va pratiquement \u00eatre 22h, le temps de me doucher, de manger, de r\u00e9viser\u2026 enfin, en fait, \u00e7a va. Le lendemain, c&rsquo;est pareil, lever \u00e0 6h du matin, enfin, \u00e7a ne va pas \u00eatre possible.\u00a0\u00bb confie-t-elle.<\/p>\n<p>Le march\u00e9 immobilier lyonnais est l\u2019un des plus satur\u00e9s de France. Selon les professionnels, le manque de construction neuve et la loi \u00ab\u00a0Alur\u00a0\u00bb contre les passoires thermiques, qui a fait sortir de nombreux appartements du parc locatif, expliquent cette tension.<\/p>\n<p>Daphn\u00e9e Corre, agente immobili\u00e8re chez C\u00e9sar et Brutus, confirme :\u00a0\u00bbQuand on lance une annonce d&rsquo;un appartement d\u00e9di\u00e9 aux \u00e9tudiants, on a \u00e0 peu pr\u00e8s entre 100 et 300 demandes dans la journ\u00e9e et on ne louera qu&rsquo;\u00e0 une seule personne. \u00c0 Lyon, \u00e0 partir du 15 juillet, toutes nos petites surfaces sont d\u00e9j\u00e0 lou\u00e9es.\u00a0\u00bb<\/p>\n<p>Raja\u00e2 Johnson, chasseuse d&rsquo;appartement pour le cabinet Melan\u00f4 Relocation, croule sous les demandes de derni\u00e8re minute. Ce jour-l\u00e0, elle visite un deux-pi\u00e8ces en avant-premi\u00e8re pour un \u00e9tudiant parisien ayant pay\u00e9 un forfait de 1000 euros.\u00a0\u00bbJ&rsquo;ai \u00e0 la fois des appels au secours parce que des familles se sont fait un peu avoir et arnaquer sur des annonces en ligne. Elles ont d\u00fb payer des cautions le jour m\u00eame et r\u00e9server des Airbnb ou des appart-h\u00f4tels pour s\u00e9curiser la rentr\u00e9e de septembre.\u00a0\u00bb explique-t-elle.<\/p>\n<p>Pour Rapha\u00ebl Galley, les recherches ont enfin port\u00e9 leurs fruits. Avec ses parents, l\u2019\u00e9tudiant de 18 ans originaire de Bordeaux a trouv\u00e9 un appartement apr\u00e8s avoir cherch\u00e9 depuis fin juin. Le soulagement est palpable. \u00ab\u00a0\u00c7a va mieux. Je suis encore un peu fatigu\u00e9e, mais \u00e7a va mieux. D\u00e9j\u00e0, au moins, \u00e7a, c&rsquo;est r\u00e9gl\u00e9.\u00a0\u00bb confie sa m\u00e8re.<\/p>\n<p>Il s&rsquo;agit d\u2019un 42 m\u00b2, plus grand que pr\u00e9vu et plus cher de 200 euros. L\u2019\u00e9tudiant en sciences politiques devra r\u00e9\u00e9quilibrer son budget. Un compromis qu\u2019il accepte :\u00a0\u00bbIl faut s&rsquo;adapter aussi aux al\u00e9as, m\u00eame si c&rsquo;est assez \u00e9lev\u00e9 ici, on peut le comprendre. Et on a r\u00e9ussi \u00e0 faire un pr\u00eat \u00e9tudiant avec un tarif avantageux.\u00a0\u00bb<\/p>\n<p>\u00c0 Lyon, on estime \u00e0 180 000 le nombre d\u2019\u00e9tudiants, de plus en plus nombreux \u00e0 se tourner vers la colocation pour faire face \u00e0 la p\u00e9nurie.<\/p>\n","protected":false},"excerpt":{"rendered":"lire plus tard Pour sauvegarder cet article, connectez-vous ou cr\u00e9ez un compte franceinfo Sans paiement. Sans abonnement. Fermer&hellip;\n","protected":false},"author":2,"featured_media":370697,"comment_status":"","ping_status":"","sticky":false,"template":"","format":"standard","meta":{"footnotes":""},"categories":[1889],"tags":[1111,11,2430,1777,674,1011,27,2428,12,25],"class_list":{"0":"post-370696","1":"post","2":"type-post","3":"status-publish","4":"format-standard","5":"has-post-thumbnail","7":"category-lyon","8":"tag-actu","9":"tag-actualites","10":"tag-auvergne-rhone-alpes","11":"tag-eu","12":"tag-europe","13":"tag-fr","14":"tag-france","15":"tag-lyon","16":"tag-news","17":"tag-republique-francaise"},"share_on_mastodon":{"url":"https:\/\/pubeurope.com\/@fr\/115157572731081461","error":""},"_links":{"self":[{"href":"https:\/\/www.europesays.com\/fr\/wp-json\/wp\/v2\/posts\/370696","targetHints":{"allow":["GET"]}}],"collection":[{"href":"https:\/\/www.europesays.com\/fr\/wp-json\/wp\/v2\/posts"}],"about":[{"href":"https:\/\/www.europesays.com\/fr\/wp-json\/wp\/v2\/types\/post"}],"author":[{"embeddable":true,"href":"https:\/\/www.europesays.com\/fr\/wp-json\/wp\/v2\/users\/2"}],"replies":[{"embeddable":true,"href":"https:\/\/www.europesays.com\/fr\/wp-json\/wp\/v2\/comments?post=370696"}],"version-history":[{"count":0,"href":"https:\/\/www.europesays.com\/fr\/wp-json\/wp\/v2\/posts\/370696\/revisions"}],"wp:featuredmedia":[{"embeddable":true,"href":"https:\/\/www.europesays.com\/fr\/wp-json\/wp\/v2\/media\/370697"}],"wp:attachment":[{"href":"https:\/\/www.europesays.com\/fr\/wp-json\/wp\/v2\/media?parent=370696"}],"wp:term":[{"taxonomy":"category","embeddable":true,"href":"https:\/\/www.europesays.com\/fr\/wp-json\/wp\/v2\/categories?post=370696"},{"taxonomy":"post_tag","embeddable":true,"href":"https:\/\/www.europesays.com\/fr\/wp-json\/wp\/v2\/tags?post=370696"}],"curies":[{"name":"wp","href":"https:\/\/api.w.org\/{rel}","templated":true}]}}