{"id":370699,"date":"2025-09-06T13:26:11","date_gmt":"2025-09-06T13:26:11","guid":{"rendered":"https:\/\/www.europesays.com\/fr\/370699\/"},"modified":"2025-09-06T13:26:11","modified_gmt":"2025-09-06T13:26:11","slug":"confort-securite-cette-grande-gare-routiere-de-lessonne-a-ete-modernisee-et-repensee","status":"publish","type":"post","link":"https:\/\/www.europesays.com\/fr\/370699\/","title":{"rendered":"Confort, s\u00e9curit\u00e9\u2026 cette grande gare routi\u00e8re de l&rsquo;Essonne a \u00e9t\u00e9 modernis\u00e9e et repens\u00e9e"},"content":{"rendered":"<p>            Par<br \/>\n        <strong><br \/>\n            <a href=\"https:\/\/actu.fr\/auteur\/thibaut-faussabry\" title=\"Consulter tous les articles de Thibaut Faussabry\" rel=\"nofollow noopener\" target=\"_blank\">Thibaut Faussabry<\/a><br \/>\n        <\/strong><\/p>\n<p>        Publi\u00e9 le<\/p>\n<p>            6 sept. 2025 \u00e0 14h14        <\/p>\n<p>Plus de confort, plus de s\u00e9curit\u00e9 et une meilleure intermodalit\u00e9. Les milliers de voyageurs qui transitent par la <strong>gare routi\u00e8re Atlantis<\/strong> \u00e0 <a href=\"https:\/\/actu.fr\/ile-de-france\/massy_91377\" rel=\"nofollow noopener\" target=\"_blank\">Massy<\/a> (<a href=\"https:\/\/actu.fr\/essonne\/\" rel=\"nofollow noopener\" target=\"_blank\">Essonne<\/a>) pour aller prendre leur train \u00e0 la gare de<strong> Massy Palaiseau<\/strong> ont constat\u00e9 le changement en cette rentr\u00e9e. La gare qu\u2019ils empruntent chaque jour a \u00e9t\u00e9 <strong>modernis\u00e9e et repens\u00e9e<\/strong> durant l\u2019\u00e9t\u00e9.<\/p>\n<p>Une passerelle pour acc\u00e9der aux diff\u00e9rents quais<\/p>\n<p class=\" wall-content\">Alors qu\u2019avant, les bus se m\u00ealaient aux pi\u00e9tons, les travaux importants entrepris (cr\u00e9ation de nouveaux quais et arr\u00eats, \u00e9largissement des voies de bus\u2026) doivent permettre de fluidifier le transit des 21 lignes de bus qui s\u2019y arr\u00eatent et offrir un meilleur confort aux <strong>45\u2009000 voyageurs journaliers.<\/strong><\/p>\n<p class=\" wall-content\">Cette transformation, men\u00e9e par <strong>Paris Sud Am\u00e9nagement<\/strong> pour le compte de la Communaut\u00e9 d\u2019agglom\u00e9ration <a href=\"https:\/\/actu.fr\/tag\/paris-saclay\" rel=\"nofollow noopener\" target=\"_blank\">Paris-Saclay,<\/a> s\u2019est d\u00e9roul\u00e9e en deux temps. Une premi\u00e8re phase a vu la r\u00e9alisation de 21 nouveaux arr\u00eats r\u00e9partis sur deux \u00ab\u2009\u00eelots\u2009\u00bb.<\/p>\n<p class=\" wall-content\">La seconde phase du chantier, men\u00e9e durant l\u2019\u00e9t\u00e9 a consist\u00e9 en la r\u00e9alisation de 14 arr\u00eats suppl\u00e9mentaires sur un troisi\u00e8me \u00eelot, \u00e0 l\u2019\u00e9largissement de la voie de bus et \u00e0 <strong>l\u2019ouverture du toit marchable de 270\u00a0m\u00e8tres<\/strong>, qui permet \u00e0 l\u2019image d\u2019une passerelle, de relier les quais de bus aux diff\u00e9rentes lignes ferroviaires.<\/p>\n<p>Un chantier \u00e0 pr\u00e8s de 30\u00a0millions d\u2019euros<\/p>\n<p class=\" wall-content\">Si le plus gros des travaux est termin\u00e9, le chantier n\u2019est pas tout \u00e0 fait achev\u00e9. <a href=\"https:\/\/actu.fr\/tag\/ile-de-france-mobilites\" rel=\"nofollow noopener\" target=\"_blank\">\u00cele-de-France Mobilit\u00e9s<\/a> pr\u00e9cise que d\u2019ici \u00e0 la fin de l\u2019ann\u00e9e, puis dans le courant de l\u2019ann\u00e9e 2026, des garde-corps ainsi que la <strong>signal\u00e9tique d\u00e9finitive<\/strong> seront pos\u00e9s.<\/p>\n<p class=\" wall-content\">Au total, les travaux de modernisation de la gare routi\u00e8re Massy Atlantis ont co\u00fbt\u00e9 <strong>27,9\u00a0millions d\u2019euros,<\/strong> financ\u00e9s \u00e0 35\u2009% par la R\u00e9gion \u00cele-de-France et par \u00cele-de-France Mobilit\u00e9s.<\/p>\n<p>Votre r\u00e9gion, votre actu !<\/p>\n<p>Recevez chaque jour les infos qui comptent pour vous.<\/p>\n<p>\t<a href=\"https:\/\/actu.fr\/newsletter\" class=\"ac-btn ac-btn--corner ac-btn--medium ac-btn--blue800\" rel=\"nofollow noopener\" target=\"_blank\">S&rsquo;incrire<\/a><\/p>\n<p class=\" wall-content\">Avec pr\u00e8s de 14\u00a0millions de voyageurs annuels, la gare de Massy Palaiseau est un<strong> hub majeur de la r\u00e9gion \u00cele-de-France<\/strong> et est la deuxi\u00e8me gare de l\u2019Essonne.<\/p>\n<p class=\" wall-content\">Elle connecte les<strong> RER B et C, la ligne V, le T12,<\/strong> la gare routi\u00e8re Villemorin ainsi que des lignes \u00e0 grande vitesse.<\/p>\n<p>De nombreux voyageurs suppl\u00e9mentaires attendus avec la ligne 18<\/p>\n<p class=\" wall-content\">Surtout, \u00e0 partir de la fin de l\u2019ann\u00e9e 2026, <a href=\"https:\/\/actu.fr\/ile-de-france\/palaiseau_91477\/video-voici-a-quoi-ressembleront-les-rames-du-metro-18-attendues-pour-octobre-2026-en-essonne_62783879.html\" rel=\"nofollow noopener\" target=\"_blank\">la ligne 18 du m\u00e9tro<\/a>, essentielle pour la desserte du<strong> plateau de Saclay,<\/strong> s\u2019ajoutera \u00e0 l\u2019ensemble de ces lignes.<\/p>\n<p class=\" wall-content\">La gare routi\u00e8re fera m\u00e9caniquement face \u00e0 un<strong> accroissement de sa fr\u00e9quentation<\/strong> et ces travaux de modernisation doivent permettre d\u2019anticiper cette augmentation.<\/p>\n<p class=\" wall-content\">Saluant sur <a href=\"https:\/\/www.facebook.com\/SamsoenNicolas\/posts\/pfbid0MWVEdp6k467Ag3z7VMjxRnY9bNZ6jveTALWkBg9JRTX1P4hQRkHvWcdp1ucRJyvNl\" rel=\"nofollow noopener\" target=\"_blank\">Facebook<\/a>, un chantier qui \u00ab\u2009permet d\u2019am\u00e9liorer les correspondances et renforcer le r\u00f4le de Massy comme p\u00f4le majeur du sud francilien\u2009\u00bb, le maire de la ville, Nicolas Samsoen, pr\u00e9cise que la r\u00e9ouverture de la <strong>bretelle d\u2019acc\u00e8s \u00e0 l\u2019autoroute A10<\/strong> aura lieu mi-septembre.<\/p>\n<p class=\" wall-content\">Personnalisez votre actualit\u00e9 en ajoutant vos villes et m\u00e9dias en favori avec <a href=\"https:\/\/moncompte.actu.fr\" title=\"D\u00e9couvez Mon Actu\" rel=\"nofollow noopener\" data-trk=\"{&quot;cta&quot;:{&quot;action&quot;:&quot;https:\\\/\\\/moncompte.actu.fr&quot;,&quot;category&quot;:&quot;mon compte&quot;,&quot;from&quot;:&quot;article footer&quot;,&quot;name&quot;:&quot;Mon actu&quot;,&quot;type&quot;:&quot;cta&quot;}}\" target=\"_blank\">Mon Actu<\/a>.<\/p>\n","protected":false},"excerpt":{"rendered":"Par Thibaut Faussabry Publi\u00e9 le 6 sept. 2025 \u00e0 14h14 Plus de confort, plus de s\u00e9curit\u00e9 et une&hellip;\n","protected":false},"author":2,"featured_media":370700,"comment_status":"","ping_status":"","sticky":false,"template":"","format":"standard","meta":{"footnotes":""},"categories":[1592],"tags":[1111,11,1777,674,1011,27,662,10883,12,626,19894,25,104,2803],"class_list":{"0":"post-370699","1":"post","2":"type-post","3":"status-publish","4":"format-standard","5":"has-post-thumbnail","7":"category-ile-de-france","8":"tag-actu","9":"tag-actualites","10":"tag-eu","11":"tag-europe","12":"tag-fr","13":"tag-france","14":"tag-ile-de-france","15":"tag-ile-de-france-mobilites","16":"tag-news","17":"tag-paris","18":"tag-paris-saclay","19":"tag-republique-francaise","20":"tag-societe","21":"tag-transport"},"share_on_mastodon":{"url":"https:\/\/pubeurope.com\/@fr\/115157584060427981","error":""},"_links":{"self":[{"href":"https:\/\/www.europesays.com\/fr\/wp-json\/wp\/v2\/posts\/370699","targetHints":{"allow":["GET"]}}],"collection":[{"href":"https:\/\/www.europesays.com\/fr\/wp-json\/wp\/v2\/posts"}],"about":[{"href":"https:\/\/www.europesays.com\/fr\/wp-json\/wp\/v2\/types\/post"}],"author":[{"embeddable":true,"href":"https:\/\/www.europesays.com\/fr\/wp-json\/wp\/v2\/users\/2"}],"replies":[{"embeddable":true,"href":"https:\/\/www.europesays.com\/fr\/wp-json\/wp\/v2\/comments?post=370699"}],"version-history":[{"count":0,"href":"https:\/\/www.europesays.com\/fr\/wp-json\/wp\/v2\/posts\/370699\/revisions"}],"wp:featuredmedia":[{"embeddable":true,"href":"https:\/\/www.europesays.com\/fr\/wp-json\/wp\/v2\/media\/370700"}],"wp:attachment":[{"href":"https:\/\/www.europesays.com\/fr\/wp-json\/wp\/v2\/media?parent=370699"}],"wp:term":[{"taxonomy":"category","embeddable":true,"href":"https:\/\/www.europesays.com\/fr\/wp-json\/wp\/v2\/categories?post=370699"},{"taxonomy":"post_tag","embeddable":true,"href":"https:\/\/www.europesays.com\/fr\/wp-json\/wp\/v2\/tags?post=370699"}],"curies":[{"name":"wp","href":"https:\/\/api.w.org\/{rel}","templated":true}]}}