{"id":370714,"date":"2025-09-06T13:34:10","date_gmt":"2025-09-06T13:34:10","guid":{"rendered":"https:\/\/www.europesays.com\/fr\/370714\/"},"modified":"2025-09-06T13:34:10","modified_gmt":"2025-09-06T13:34:10","slug":"gaza-le-royaume-uni-est-complice-du-genocide-selon-un-ex-rapporteur-de-lonu","status":"publish","type":"post","link":"https:\/\/www.europesays.com\/fr\/370714\/","title":{"rendered":"Gaza: le Royaume-Uni est complice du g\u00e9nocide, selon un ex-rapporteur de l\u2019ONU"},"content":{"rendered":"<p textalign=\"left\" class=\"\"><strong>\u201cNier le g\u00e9nocide, c\u2019est permettre qu\u2019il se poursuive\u201d<\/strong><\/p>\n<p textalign=\"left\" class=\"\">Eyal Weizman, directeur de l\u2019agence de recherche londonienne Forensic Architecture, qui documente violences, guerres et violations des droits humains \u00e0 travers l\u2019analyse architecturale, a insist\u00e9 sur le fait que le d\u00e9ni de g\u00e9nocide ouvre la voie au g\u00e9nocide.<\/p>\n<p textalign=\"left\" class=\"\">Il a soulign\u00e9 que la destruction \u00e0 Gaza \u00e9tait sans pr\u00e9c\u00e9dent et visait \u00e0 \u00e9radiquer sous couvert de r\u00e9organisation, expliquant que toutes les traces en surface avaient \u00e9t\u00e9 effac\u00e9es.<\/p>\n<p textalign=\"left\" class=\"\">De son c\u00f4t\u00e9, Neve Gordon, professeur de droit international et des droits humains \u00e0 la Queen Mary University of London, a reproch\u00e9 au gouvernement britannique d\u2019avoir ferm\u00e9 ses portes aux citoyens britanniques d\u2019origine palestinienne souhaitant t\u00e9moigner de leur v\u00e9cu, tout en les laissant ouvertes aux Isra\u00e9liens.\u00a0<\/p>\n<p textalign=\"left\" class=\"\">\u201cNier le g\u00e9nocide, c\u2019est permettre qu\u2019il se poursuive\u201d, a-t-il ajout\u00e9, rappelant que le Royaume-Uni, en d\u00e9pit de ses obligations juridiques, poursuivait ses ventes d\u2019armes et son soutien en renseignement \u00e0 Isra\u00ebl.<\/p>\n<p textalign=\"left\" class=\"\">Enfin, Shahd Hammouri, universitaire palestinienne du d\u00e9partement de droit international de l\u2019Universit\u00e9 de Kent, a d\u00e9clar\u00e9 que la Grande-Bretagne soutenait Isra\u00ebl en toute connaissance de cause, malgr\u00e9 les preuves du g\u00e9nocide.<\/p>\n<p textalign=\"left\" class=\"\">Vendredi, le g\u00e9nocide \u00e0 Gaza est entr\u00e9 dans son 700\u1d49 jour. Selon les chiffres cit\u00e9s, au moins 64 300 Palestiniens ont \u00e9t\u00e9 tu\u00e9s. La campagne militaire isra\u00e9lienne a d\u00e9vast\u00e9 l\u2019enclave, d\u00e9sormais confront\u00e9e \u00e0 la famine.<\/p>\n<p textalign=\"left\" class=\"\">En novembre dernier, la Cour p\u00e9nale internationale a \u00e9mis des mandats d\u2019arr\u00eat contre le Premier ministre isra\u00e9lien Benjamin Netanyahu et son ancien ministre de la D\u00e9fense Yoav Gallant pour crimes de guerre et crimes contre l\u2019humanit\u00e9 \u00e0 Gaza.<\/p>\n","protected":false},"excerpt":{"rendered":"\u201cNier le g\u00e9nocide, c\u2019est permettre qu\u2019il se poursuive\u201d Eyal Weizman, directeur de l\u2019agence de recherche londonienne Forensic Architecture,&hellip;\n","protected":false},"author":2,"featured_media":370715,"comment_status":"","ping_status":"","sticky":false,"template":"","format":"standard","meta":{"footnotes":""},"categories":[1588],"tags":[11,1777,674,12,473,1853,1851,1850,1852],"class_list":{"0":"post-370714","1":"post","2":"type-post","3":"status-publish","4":"format-standard","5":"has-post-thumbnail","7":"category-royaume-uni","8":"tag-actualites","9":"tag-eu","10":"tag-europe","11":"tag-news","12":"tag-royaume-uni","13":"tag-royaume-uni-de-grande-bretagne-et-dirlande-du-nord","14":"tag-uk","15":"tag-united-kingdom","16":"tag-united-kingdom-of-great-britain-and-northern-ireland"},"share_on_mastodon":{"url":"https:\/\/pubeurope.com\/@fr\/115157615587909642","error":""},"_links":{"self":[{"href":"https:\/\/www.europesays.com\/fr\/wp-json\/wp\/v2\/posts\/370714","targetHints":{"allow":["GET"]}}],"collection":[{"href":"https:\/\/www.europesays.com\/fr\/wp-json\/wp\/v2\/posts"}],"about":[{"href":"https:\/\/www.europesays.com\/fr\/wp-json\/wp\/v2\/types\/post"}],"author":[{"embeddable":true,"href":"https:\/\/www.europesays.com\/fr\/wp-json\/wp\/v2\/users\/2"}],"replies":[{"embeddable":true,"href":"https:\/\/www.europesays.com\/fr\/wp-json\/wp\/v2\/comments?post=370714"}],"version-history":[{"count":0,"href":"https:\/\/www.europesays.com\/fr\/wp-json\/wp\/v2\/posts\/370714\/revisions"}],"wp:featuredmedia":[{"embeddable":true,"href":"https:\/\/www.europesays.com\/fr\/wp-json\/wp\/v2\/media\/370715"}],"wp:attachment":[{"href":"https:\/\/www.europesays.com\/fr\/wp-json\/wp\/v2\/media?parent=370714"}],"wp:term":[{"taxonomy":"category","embeddable":true,"href":"https:\/\/www.europesays.com\/fr\/wp-json\/wp\/v2\/categories?post=370714"},{"taxonomy":"post_tag","embeddable":true,"href":"https:\/\/www.europesays.com\/fr\/wp-json\/wp\/v2\/tags?post=370714"}],"curies":[{"name":"wp","href":"https:\/\/api.w.org\/{rel}","templated":true}]}}