{"id":370722,"date":"2025-09-06T13:38:10","date_gmt":"2025-09-06T13:38:10","guid":{"rendered":"https:\/\/www.europesays.com\/fr\/370722\/"},"modified":"2025-09-06T13:38:10","modified_gmt":"2025-09-06T13:38:10","slug":"si-ce-sont-les-socialistes-ce-sera-sans-nous","status":"publish","type":"post","link":"https:\/\/www.europesays.com\/fr\/370722\/","title":{"rendered":"\u00abSi ce sont les socialistes, ce sera sans nous !\u00bb"},"content":{"rendered":"<p><strong>EXCLUSIF &#8211; <\/strong>Le pr\u00e9sident des R\u00e9publicains s\u2019est confi\u00e9 au Figaro en arrivant samedi sur le site du \u00abgrand rendez-vous de la droite\u00bb \u00e0 Port-Marly (Yvelines), rejetant toute participation LR en cas de nouveau gouvernement PS.<\/p>\n<p class=\"fig-paragraph\">Robert est venu un peu plus t\u00f4t samedi pour suivre la rentr\u00e9e LR. L\u2019adh\u00e9rent de 82 ans se r\u00e9jouit d\u2019avoir\u00a0<a href=\"http:\/\/www.lefigaro.fr\/politique\/bardella-retailleau-darmanin-decouvrez-les-premiers-ministrables-preferes-des-francais-20250904\" data-fig-type=\"Article\" data-gtm-custom-categorie=\"navigation\" data-gtm-custom-action=\"crossclick\" data-gtm-custom-label=\"Contextuel\" data-gtm-event=\"customEventSPE\" data-fig-domain=\"LEFIGARO\" target=\"_blank\" rel=\"noopener\">Bruno Retailleau<\/a>\u00a0\u00e0 la t\u00eate du parti. Pour lui, le mouvement n\u2019a jamais eu un chef aussi efficace depuis\u00a0<a href=\"http:\/\/www.lefigaro.fr\/politique\/nicolas-sarkozy-au-figaro-il-n-y-aura-pas-d-autre-solution-que-la-dissolution-20250902\" target=\"_blank\" data-fig-type=\"Article\" rel=\"noopener\" data-gtm-custom-categorie=\"navigation\" data-gtm-custom-action=\"crossclick\" data-gtm-custom-label=\"Contextuel\" data-gtm-event=\"customEventSPE\" data-fig-domain=\"LEFIGARO\">Nicolas Sarkozy<\/a>. Il pense que le ministre de l\u2019Int\u00e9rieur est l\u2019homme de la situation pour redresser la droite. En revanche, il pense aussi que le moment est venu pour LR de prendre ses distances avec ce pouvoir. Deux jours avant le vote de confiance et la chute probable de Fran\u00e7ois Bayrou, le militant confie, devant la salle des Pyramides ensoleill\u00e9e de Port-Marly\u00a0: \u00abIl faut laisser Emmanuel Macron dans sa m&#8230; avec les socialistes. C\u2019est lui qui a cr\u00e9\u00e9 tout cela. On a aucun int\u00e9r\u00eat \u00e0 les aider\u00bb. Quelques minutes plus tard, le chef de file des R\u00e9publicains arrive pour une visite du site avant l\u2019accueil des militants.<\/p>\n<p class=\"fig-paragraph\">Avant le vote de confiance de lundi, et la probable chute du premier ministre\u00a0<a href=\"http:\/\/www.lefigaro.fr\/politique\/francois-bayrou-n-etait-pas-condamne-a-tomber-cet-automne-le-recit-d-un-sabordage-politique-20250905\" target=\"_blank\" data-fig-type=\"Article\" rel=\"noopener\" data-gtm-custom-categorie=\"navigation\" data-gtm-custom-action=\"crossclick\" data-gtm-custom-label=\"Contextuel\" data-gtm-event=\"customEventSPE\" data-fig-domain=\"LEFIGARO\">Fran\u00e7ois Bayrou<\/a>, ce congr\u00e8s de la droite rev\u00eat une importance particuli\u00e8re. Samedi matin\u2026<\/p>\n<p class=\"fig-premium-paywall__infos\">\n        Cet article est r\u00e9serv\u00e9 aux abonn\u00e9s.        Il vous reste 71% \u00e0 d\u00e9couvrir.\n    <\/p>\n<p>                <img  data- alt=\"Le Figaro\" class=\"fig-img--complete fig-img\"\/><\/p>\n<p class=\"fig-premium-paywall__title\">Vente Flash<\/p>\n<p class=\"fig-premium-paywall__subtitle\">4,99\u20ac par mois pendant 12 mois. Sans engagement<\/p>\n<p class=\"fig-premium-paywall__connect\">\n                D\u00e9j\u00e0 abonn\u00e9\u00a0?                <a class=\"fig-premium-paywall__connect-link\" href=\"https:\/\/connect.lefigaro.fr\/login?client=horizon_web&amp;type=main&amp;redirect_uri=https%3A%2F%2Fwww.lefigaro.fr%2Fpolitique%2Fa-port-marly-bruno-retailleau-lance-un-avertissement-si-ce-sont-les-socialistes-ce-sera-sans-nous-20250906\" data-js-gtm=\"{&quot;customCategorie&quot;: &quot;conversion&quot;, &quot;customAction&quot;: &quot;before_Landing_Connexion_paywall_auto&quot;, &quot;customLabel&quot;: &quot;bGVmaWdhcm8uZnJfXzFmMDhiMGRhLTZmNWYtNjY5Ni04OTAzLWY3NmQ0YWEyZTNkY19fQXJ0aWNsZQ==_\u00c0 Port-Marly, Bruno Retailleau lance un avertissement\u00a0: \u00abSi ce sont les socialistes, ce sera sans nous\u00a0!\u00bb_161&quot;, &quot;customIDSPE&quot;: &quot;bGVmaWdhcm8uZnJfXzFmMDhiMGRhLTZmNWYtNjY5Ni04OTAzLWY3NmQ0YWEyZTNkY19fQXJ0aWNsZQ==&quot;, &quot;event&quot;: &quot;customEventSPE&quot;}\" target=\"_blank\" rel=\"noopener\"><br \/>\n                    Connectez-vous<br \/>\n                <\/a>\n            <\/p>\n","protected":false},"excerpt":{"rendered":"EXCLUSIF &#8211; Le pr\u00e9sident des R\u00e9publicains s\u2019est confi\u00e9 au Figaro en arrivant samedi sur le site du \u00abgrand&hellip;\n","protected":false},"author":2,"featured_media":370723,"comment_status":"","ping_status":"","sticky":false,"template":"","format":"standard","meta":{"footnotes":""},"categories":[2],"tags":[11,1013,6592,1011,27,418,6319,12,25],"class_list":{"0":"post-370722","1":"post","2":"type-post","3":"status-publish","4":"format-standard","5":"has-post-thumbnail","7":"category-actualites","8":"tag-actualites","9":"tag-bruno-retailleau","10":"tag-droite","11":"tag-fr","12":"tag-france","13":"tag-gouvernement","14":"tag-les-republicains","15":"tag-news","16":"tag-republique-francaise"},"share_on_mastodon":{"url":"https:\/\/pubeurope.com\/@fr\/115157631312407657","error":""},"_links":{"self":[{"href":"https:\/\/www.europesays.com\/fr\/wp-json\/wp\/v2\/posts\/370722","targetHints":{"allow":["GET"]}}],"collection":[{"href":"https:\/\/www.europesays.com\/fr\/wp-json\/wp\/v2\/posts"}],"about":[{"href":"https:\/\/www.europesays.com\/fr\/wp-json\/wp\/v2\/types\/post"}],"author":[{"embeddable":true,"href":"https:\/\/www.europesays.com\/fr\/wp-json\/wp\/v2\/users\/2"}],"replies":[{"embeddable":true,"href":"https:\/\/www.europesays.com\/fr\/wp-json\/wp\/v2\/comments?post=370722"}],"version-history":[{"count":0,"href":"https:\/\/www.europesays.com\/fr\/wp-json\/wp\/v2\/posts\/370722\/revisions"}],"wp:featuredmedia":[{"embeddable":true,"href":"https:\/\/www.europesays.com\/fr\/wp-json\/wp\/v2\/media\/370723"}],"wp:attachment":[{"href":"https:\/\/www.europesays.com\/fr\/wp-json\/wp\/v2\/media?parent=370722"}],"wp:term":[{"taxonomy":"category","embeddable":true,"href":"https:\/\/www.europesays.com\/fr\/wp-json\/wp\/v2\/categories?post=370722"},{"taxonomy":"post_tag","embeddable":true,"href":"https:\/\/www.europesays.com\/fr\/wp-json\/wp\/v2\/tags?post=370722"}],"curies":[{"name":"wp","href":"https:\/\/api.w.org\/{rel}","templated":true}]}}