{"id":370724,"date":"2025-09-06T13:39:08","date_gmt":"2025-09-06T13:39:08","guid":{"rendered":"https:\/\/www.europesays.com\/fr\/370724\/"},"modified":"2025-09-06T13:39:08","modified_gmt":"2025-09-06T13:39:08","slug":"alcoolemie-malaises-entrees-le-point-chiffre-du-jour-1-de-la-42e-foire-exposition-de-barbezieux-charente-libre","status":"publish","type":"post","link":"https:\/\/www.europesays.com\/fr\/370724\/","title":{"rendered":"Alcool\u00e9mie, malaises, entr\u00e9es : le point chiffr\u00e9 du Jour 1 de la 42e foire-exposition de Barbezieux &#8211; Charente Libre"},"content":{"rendered":"<ol>\n<li><a href=\"https:\/\/news.google.com\/rss\/articles\/CBMi-AFBVV95cUxOc1FYaEg4ME9xU3JMN0tYdmFmM1Z2b2RuN2ZQZWJ3YmQ3dEFnVDVXMENiR25qZ2I2UGhudENXRmhmdFN1OWhSM1E0ZzUxMngya01MSzN2ekFFTmtUMW0yWTMzQ1FTSkpFcWxmbFNIYVVhQ2VaVUdUU29naGdMRk9UTmtJck5aMzRoMS1QSk43WHY1Z253dUtDV2Vuc2oxSHVsbXluZEVOeEtmb0ExaHExZTVWb3VIMnl2VzlwdG85SjR1RklWLUp3LURpTXRxc2IxVGQyUU42S1BObDVEeU92SGtZUkc5c09fVGJZd253R3NuckRnc2xfcw?oc=5\" target=\"_blank\" rel=\"nofollow noopener\">Alcool\u00e9mie, malaises, entr\u00e9es : le point chiffr\u00e9 du Jour 1 de la 42e foire-exposition de Barbezieux<\/a>&nbsp;&nbsp;Charente Libre<\/li>\n<li><a href=\"https:\/\/news.google.com\/rss\/articles\/CBMi5gFBVV95cUxNaFl6SEhwTEt4VXFvREVNbWdxQmNmT2RMUjBCQlR1VDFKN29SdUZ6ZlhveGQ1a19MWlFBX0dOWS1lS3NxVzJCMUtBMWVJMjNKY1dMY3hHWTVfcmk3UG94clh4TWZ0YVB5OTlvVVF4aDY2RGk4OVVzUHlZRUtJZTQyeVFwSV9SSGhrREFJYVRIS2pyeWY4aHEtbnhhOW5iR0ZzWTFid3p3Tjh5bWZMTVRFekJlYmMyVmJkVnExa19SLWZRM2lJQjZIbmg5dENkT1ZtbDFfLU1UMTlDT1pQUUhZWlhtV1pfQQ?oc=5\" target=\"_blank\" rel=\"nofollow noopener\">Plongez dans la 42e foire-expo de Barbezieux, tout juste ouverte, avec CLe Week-end<\/a>&nbsp;&nbsp;Charente Libre<\/li>\n<li><a href=\"https:\/\/news.google.com\/rss\/articles\/CBMi3AFBVV95cUxOT0xXYnlHeEZQVlJTQ094MGg3Q2NwLVBBb2pvSnpTdE5faUlkeHRnanRocjRybmlpRVkxUGwxMnhRa1IzclpObEdVb1NZUDZxblFvbXMyX09XSktGQ0hNUTF2SWwxSS1Od3dUZjB5eGF4YVJEUVlReTFlRGNnS3kxWmE3UkMtNHlDa0Nxb1dEWmpxTVA5ZjlXcTVhYnlyTklhbU9PbEtzYlBSR3cxNFQ5MW5FQWg5cVBaMmdMQ0haUm82b2JFQnptdTVobEJERlA2VWphUjA5X05UeGpj?oc=5\" target=\"_blank\" rel=\"nofollow noopener\">42e foire-exposition de Barbezieux : ces exposants fid\u00e8les parmi les fid\u00e8les<\/a>&nbsp;&nbsp;Charente Libre<\/li>\n<li><a href=\"https:\/\/news.google.com\/rss\/articles\/CBMingFBVV95cUxOSHhnTjhFckl1dVphYVYzT05kNXM5T01GaVYwYmdNeUExVDZIYTlhb3dDSy1BS3VIaW9fMHlqUmVKMlBtQmJidmJ0MS1ieGU4Z213U3I0aUZTNkwzTHYxT3NZREVFR1lhQXM0ajl6LTNTaWNLRzlYZFdEZC0tbGtRRUxsM191VFZaVWNzOEk1d2U0MkYwQnhPNnJsOFpnUQ?oc=5\" target=\"_blank\" rel=\"nofollow noopener\">Haute voltige \u00e0 la foire de Barbezieux<\/a>&nbsp;&nbsp;Charente Libre<\/li>\n<li><a href=\"https:\/\/news.google.com\/rss\/articles\/CBMi5AFBVV95cUxPdGdBUUZTeEJxemxSamVROE94VlZ0SWp2MlF1VV95MnFMLXRaQVFvZVlkZGt5Y1RwZEpkaUFQM1lLUXcxZ3R5dHk5b3l1ZERldUNyd3NRN2Z0dVdybmQ4MUV6bVF4Si1mQUxEc0p5cXJOazZUV2x2TFh2Vlc2QTNXNkdObXRwY1RyVjhiaFJnY1ZuN01YTWpRMFh2MklmRU5Eamc0eHYxVjM1dTFwNU81cVFrZlA4Y3VOUGJCRzhXLXFUUVJScTRCa3NYbmk4d21NRnJOcm9JUi1scnBuaHhhMTE3WEg?oc=5\" target=\"_blank\" rel=\"nofollow noopener\">\u00c9lus, officiels et officiers, la 42e foire de Barbezieux inaugur\u00e9e en grande pompe<\/a>&nbsp;&nbsp;Charente Libre<\/li>\n<\/ol>\n","protected":false},"excerpt":{"rendered":"Alcool\u00e9mie, malaises, entr\u00e9es : le point chiffr\u00e9 du Jour 1 de la 42e foire-exposition de Barbezieux&nbsp;&nbsp;Charente Libre Plongez&hellip;\n","protected":false},"author":2,"featured_media":1445,"comment_status":"","ping_status":"","sticky":false,"template":"","format":"standard","meta":{"footnotes":""},"categories":[2],"tags":[11,1011,27,12,25],"class_list":{"0":"post-370724","1":"post","2":"type-post","3":"status-publish","4":"format-standard","5":"has-post-thumbnail","7":"category-actualites","8":"tag-actualites","9":"tag-fr","10":"tag-france","11":"tag-news","12":"tag-republique-francaise"},"share_on_mastodon":{"url":"https:\/\/pubeurope.com\/@fr\/115157635202828643","error":""},"_links":{"self":[{"href":"https:\/\/www.europesays.com\/fr\/wp-json\/wp\/v2\/posts\/370724","targetHints":{"allow":["GET"]}}],"collection":[{"href":"https:\/\/www.europesays.com\/fr\/wp-json\/wp\/v2\/posts"}],"about":[{"href":"https:\/\/www.europesays.com\/fr\/wp-json\/wp\/v2\/types\/post"}],"author":[{"embeddable":true,"href":"https:\/\/www.europesays.com\/fr\/wp-json\/wp\/v2\/users\/2"}],"replies":[{"embeddable":true,"href":"https:\/\/www.europesays.com\/fr\/wp-json\/wp\/v2\/comments?post=370724"}],"version-history":[{"count":0,"href":"https:\/\/www.europesays.com\/fr\/wp-json\/wp\/v2\/posts\/370724\/revisions"}],"wp:featuredmedia":[{"embeddable":true,"href":"https:\/\/www.europesays.com\/fr\/wp-json\/wp\/v2\/media\/1445"}],"wp:attachment":[{"href":"https:\/\/www.europesays.com\/fr\/wp-json\/wp\/v2\/media?parent=370724"}],"wp:term":[{"taxonomy":"category","embeddable":true,"href":"https:\/\/www.europesays.com\/fr\/wp-json\/wp\/v2\/categories?post=370724"},{"taxonomy":"post_tag","embeddable":true,"href":"https:\/\/www.europesays.com\/fr\/wp-json\/wp\/v2\/tags?post=370724"}],"curies":[{"name":"wp","href":"https:\/\/api.w.org\/{rel}","templated":true}]}}