{"id":370725,"date":"2025-09-06T13:40:13","date_gmt":"2025-09-06T13:40:13","guid":{"rendered":"https:\/\/www.europesays.com\/fr\/370725\/"},"modified":"2025-09-06T13:40:13","modified_gmt":"2025-09-06T13:40:13","slug":"laffaire-pourquoi-le-match-de-football-de-coupe-de-france-entre-ales-et-rousson-a-ete-inverse","status":"publish","type":"post","link":"https:\/\/www.europesays.com\/fr\/370725\/","title":{"rendered":"L\u2019affaire\u00a0: pourquoi le match de football de Coupe de France entre Al\u00e8s et Rousson a \u00e9t\u00e9 invers\u00e9"},"content":{"rendered":"<p>\n                                                                Coupe de France \/ 3e tour. Mardi, suite au tirage, Al\u00e8s \u00e9tait le club recevant. Avant de devenir le visiteur, mercredi. Explications.\n                            <\/p>\n<p>Ce sera l\u2019un des chocs du 3e tour de la Coupe de France, et le derby du bassin al\u00e9sien et des C\u00e9vennes. Dimanche 14\u00a0septembre \u00e0 15\u00a0heures, l\u2019AS Rousson (promu en R\u00e9gional 1) affrontera l\u2019Olympique d\u2019Al\u00e8s (qui est rest\u00e9 en National 3) au stade Laurent Blanc. Et pas \u00e0 Pierre-Pibarot.<\/p>\n<p>Pourtant, mardi, la boule avec le nom de l\u2019OAC \u00e0 l\u2019int\u00e9rieur \u00e9tait sortie en premier lors du tirage au sort effectu\u00e9 par la Ligue Occitanie (jusqu\u2019au 6e tour, les matches sont r\u00e9gionaux). Al\u00e8s devait donc recevoir. Sauf que mercredi, apr\u00e8s 24\u00a0heures de tergiversations et d\u2019\u00e9changes durant lesquels on s\u2019est renvoy\u00e9 le ballon, la rencontre a \u00e9t\u00e9 invers\u00e9e.<\/p>\n<p>L\u2019article\u00a06.2.1 du r\u00e8glement de la Coupe de France<\/p>\n<p>Mouss Guiza, le directeur sportif de l\u2019ASR, s\u2019est bas\u00e9 sur l\u2019article\u00a06.2.1 du r\u00e8glement de la Coupe de France pour contester le tirage. Voici ce qu\u2019il dit\u00a0: \u00ab\u00a0Jusqu\u2019au 6e tour inclus [\u2026], si le club tir\u00e9 le deuxi\u00e8me se situe dans la m\u00eame division ou dans la division imm\u00e9diatement inf\u00e9rieure ou sup\u00e9rieure de celle de son adversaire\u00a0; et s\u2019est d\u00e9plac\u00e9 au tour pr\u00e9c\u00e9dent alors que son adversaire a re\u00e7u lors de ce m\u00eame tour, ce club sera en cons\u00e9quence d\u00e9sign\u00e9 club recevant. \u00c0 d\u00e9faut, la r\u00e8gle du premier tir\u00e9 est applicable. En cas d\u2019exemption au tour pr\u00e9c\u00e9dent d\u2019un des clubs oppos\u00e9s, le club exempt doit syst\u00e9matiquement \u00eatre consid\u00e9r\u00e9 comme ayant re\u00e7u audit tour pr\u00e9c\u00e9dent\u00a0\u00bb.<\/p>\n<p>Dans le cas pr\u00e9sent, Al\u00e8s n\u2019a pas disput\u00e9 le 2e tour, car les clubs de N3 n\u2019entrent en lice qu\u2019au 3e. Et Rousson devait se rendre \u00e0 Saint-Gilles (R3)\u2026 qui a d\u00e9clar\u00e9 forfait. Rousson \u00e9tait lui visiteur, mais n\u2019a pas jou\u00e9. Or, lors du tirage, la Ligue Occitanie a consid\u00e9r\u00e9 que Rousson \u00e9tait exempt au 2e tour, donc qu\u2019il n\u2019y avait pas lieu d\u2019appliquer l\u2019article\u00a06.2.1 et d\u2019inverser. C\u2019est ce que l\u2019instance a indiqu\u00e9 \u00e0 M. Guiza quand il a demand\u00e9 des explications.<\/p>\n<p>La F\u00e9d\u00e9ration intervient<\/p>\n<p>Sauf que r\u00e9glementairement, m\u00eame si le match n\u2019a pas eu lieu, l\u2019ASR n\u2019\u00e9tait pas exempt. Elle avait un adversaire, Saint-Gilles, mais il a d\u00e9clar\u00e9 forfait (victoire 3-0). \u00ab\u00a0Je n\u2019ai pas dit mon dernier mot\u00a0\u00bb, a alors clam\u00e9 le directeur sportif du promu en R1, en annon\u00e7ant son intention de faire appel.<\/p>\n<p>Le service juridique de la Ligue a contact\u00e9 la F\u00e9d\u00e9ration fran\u00e7aise de football mardi en fin d\u2019apr\u00e8s-midi. Mercredi matin, Guiza a pu joindre la FFF, laquelle lui a confirm\u00e9 que \u00ab\u00a0j\u2019\u00e9tais dans mes droits\u00a0\u00bb. Et mercredi midi, le derby c\u00e9venol a \u00e9t\u00e9 invers\u00e9.<\/p>\n<p>Mouss Guiza\u00a0: \u00ab\u00a0Je ne l\u2019ai pas fait pour emmerder l\u2019OAC, mais je pr\u00e9f\u00e8re que la recette aille dans nos caisses\u00a0\u00bb<\/p>\n<p>\u00ab\u00a0Je ne l\u2019ai pas fait pour emmerder l\u2019OAC, je n\u2019ai rien contre ses dirigeants et ses supporters, explique Guiza. Je l\u2019ai fait dans l\u2019int\u00e9r\u00eat de mon club\u00a0: la recette, je pr\u00e9f\u00e8re l\u2019avoir dans les caisses de l\u2019ASR que dans celle de l\u2019OAC. Il y aura du monde, et ce sera la f\u00eate du football al\u00e9sien.\u00a0\u00bb\u00a0Sur la pelouse du stade Laurent Blanc.<\/p>\n","protected":false},"excerpt":{"rendered":"Coupe de France \/ 3e tour. Mardi, suite au tirage, Al\u00e8s \u00e9tait le club recevant. Avant de devenir&hellip;\n","protected":false},"author":2,"featured_media":370726,"comment_status":"","ping_status":"","sticky":false,"template":"","format":"standard","meta":{"footnotes":""},"categories":[4],"tags":[11,1011,27,12,25],"class_list":{"0":"post-370725","1":"post","2":"type-post","3":"status-publish","4":"format-standard","5":"has-post-thumbnail","7":"category-france","8":"tag-actualites","9":"tag-fr","10":"tag-france","11":"tag-news","12":"tag-republique-francaise"},"share_on_mastodon":{"url":"https:\/\/pubeurope.com\/@fr\/115157639043366893","error":""},"_links":{"self":[{"href":"https:\/\/www.europesays.com\/fr\/wp-json\/wp\/v2\/posts\/370725","targetHints":{"allow":["GET"]}}],"collection":[{"href":"https:\/\/www.europesays.com\/fr\/wp-json\/wp\/v2\/posts"}],"about":[{"href":"https:\/\/www.europesays.com\/fr\/wp-json\/wp\/v2\/types\/post"}],"author":[{"embeddable":true,"href":"https:\/\/www.europesays.com\/fr\/wp-json\/wp\/v2\/users\/2"}],"replies":[{"embeddable":true,"href":"https:\/\/www.europesays.com\/fr\/wp-json\/wp\/v2\/comments?post=370725"}],"version-history":[{"count":0,"href":"https:\/\/www.europesays.com\/fr\/wp-json\/wp\/v2\/posts\/370725\/revisions"}],"wp:featuredmedia":[{"embeddable":true,"href":"https:\/\/www.europesays.com\/fr\/wp-json\/wp\/v2\/media\/370726"}],"wp:attachment":[{"href":"https:\/\/www.europesays.com\/fr\/wp-json\/wp\/v2\/media?parent=370725"}],"wp:term":[{"taxonomy":"category","embeddable":true,"href":"https:\/\/www.europesays.com\/fr\/wp-json\/wp\/v2\/categories?post=370725"},{"taxonomy":"post_tag","embeddable":true,"href":"https:\/\/www.europesays.com\/fr\/wp-json\/wp\/v2\/tags?post=370725"}],"curies":[{"name":"wp","href":"https:\/\/api.w.org\/{rel}","templated":true}]}}