{"id":370727,"date":"2025-09-06T13:42:22","date_gmt":"2025-09-06T13:42:22","guid":{"rendered":"https:\/\/www.europesays.com\/fr\/370727\/"},"modified":"2025-09-06T13:42:22","modified_gmt":"2025-09-06T13:42:22","slug":"lasg-volley-de-retour-sur-les-parquets","status":"publish","type":"post","link":"https:\/\/www.europesays.com\/fr\/370727\/","title":{"rendered":"L&rsquo;ASG Volley de retour sur les parquets !"},"content":{"rendered":"<p data-olk-copy-source=\"MessageBody\"><a href=\"https:\/\/vosgesinfo.fr\/app\/uploads\/sites\/6\/2025\/09\/affiche-r2-filles--page-0001.jpg\" data-slb-active=\"1\" data-slb-asset=\"101654088\" data-slb-internal=\"0\" data-slb-group=\"slb\" rel=\"nofollow noopener\" target=\"_blank\"><img decoding=\"async\" loading=\"lazy\" class=\"aligncenter size-large wp-image-82041\" src=\"https:\/\/www.europesays.com\/fr\/wp-content\/uploads\/2025\/09\/affiche-r2-filles--page-0001-724x1024.jpg\" alt=\"\" width=\"724\" height=\"1024\"  \/><\/a><\/p>\n<p>L\u2019AS G\u00e9rardmer volley fait sa rentr\u00e9e avec un premier entra\u00eenement d\u00e8s ce vendredi soir. le club est \u00e9galement \u00e0 la recherche de joueuses pour \u00e9toffer son \u00e9quipe de R2 f\u00e9minine et de coach(s) pour encadrer ses jeunes recrues.<\/p>\n<p style=\"text-align: center;\" data-olk-copy-source=\"MessageBody\"><strong>Les horaires :\u00a0<\/strong><\/p>\n<p data-olk-copy-source=\"MessageBody\"><strong>A la HALLE DES SPORTS :\u00a0<\/strong><\/p>\n<p><a href=\"https:\/\/vosgesinfo.fr\/app\/uploads\/sites\/6\/2025\/09\/affiche-entraineur-as-gerardmer-volleyball-page-0001.jpg\" data-slb-active=\"1\" data-slb-asset=\"550186237\" data-slb-internal=\"0\" data-slb-group=\"slb\" rel=\"nofollow noopener\" target=\"_blank\"><img decoding=\"async\" loading=\"lazy\" class=\"alignright size-medium wp-image-82040\" src=\"https:\/\/www.europesays.com\/fr\/wp-content\/uploads\/2025\/09\/affiche-entraineur-as-gerardmer-volleyball-page-0001-212x300.jpg\" alt=\"\" width=\"212\" height=\"300\"  \/><\/a>Vendredi 5 septembre<\/p>\n<p>R\u00e9gionale Filles \u00e0 19h00<\/p>\n<p>R\u00e9gionale Garcons \u00e0 20h30<\/p>\n<p>Vendredi 12 septembre<\/p>\n<p>Cat\u00e9gories M11, M14, M18 \u00e0 17h30<\/p>\n<p>Samedi 13 septembre : on sera pr\u00e9sent pour G\u00e9rardmer f\u00eate sa rentr\u00e9e.<\/p>\n<p>Samedi 20 septembre<\/p>\n<p>Ecole de Volley D\u00e8s 6 ans 10h30<\/p>\n<p><strong>Au Gymnase Pierre &amp; Paul Didier :\u00a0<\/strong><\/p>\n<p>Mercredi 17 septembre<\/p>\n<p>Fun Volley de 10 \u00e0 14 ans.<\/p>\n","protected":false},"excerpt":{"rendered":"L\u2019AS G\u00e9rardmer volley fait sa rentr\u00e9e avec un premier entra\u00eenement d\u00e8s ce vendredi soir. le club est \u00e9galement&hellip;\n","protected":false},"author":2,"featured_media":370728,"comment_status":"","ping_status":"","sticky":false,"template":"","format":"standard","meta":{"footnotes":""},"categories":[1417],"tags":[27252,1011,27,60,1470,1469],"class_list":{"0":"post-370727","1":"post","2":"type-post","3":"status-publish","4":"format-standard","5":"has-post-thumbnail","7":"category-volley","8":"tag-asg-volley","9":"tag-fr","10":"tag-france","11":"tag-sports","12":"tag-volley","13":"tag-volleyball"},"share_on_mastodon":{"url":"https:\/\/pubeurope.com\/@fr\/115157647083824962","error":""},"_links":{"self":[{"href":"https:\/\/www.europesays.com\/fr\/wp-json\/wp\/v2\/posts\/370727","targetHints":{"allow":["GET"]}}],"collection":[{"href":"https:\/\/www.europesays.com\/fr\/wp-json\/wp\/v2\/posts"}],"about":[{"href":"https:\/\/www.europesays.com\/fr\/wp-json\/wp\/v2\/types\/post"}],"author":[{"embeddable":true,"href":"https:\/\/www.europesays.com\/fr\/wp-json\/wp\/v2\/users\/2"}],"replies":[{"embeddable":true,"href":"https:\/\/www.europesays.com\/fr\/wp-json\/wp\/v2\/comments?post=370727"}],"version-history":[{"count":0,"href":"https:\/\/www.europesays.com\/fr\/wp-json\/wp\/v2\/posts\/370727\/revisions"}],"wp:featuredmedia":[{"embeddable":true,"href":"https:\/\/www.europesays.com\/fr\/wp-json\/wp\/v2\/media\/370728"}],"wp:attachment":[{"href":"https:\/\/www.europesays.com\/fr\/wp-json\/wp\/v2\/media?parent=370727"}],"wp:term":[{"taxonomy":"category","embeddable":true,"href":"https:\/\/www.europesays.com\/fr\/wp-json\/wp\/v2\/categories?post=370727"},{"taxonomy":"post_tag","embeddable":true,"href":"https:\/\/www.europesays.com\/fr\/wp-json\/wp\/v2\/tags?post=370727"}],"curies":[{"name":"wp","href":"https:\/\/api.w.org\/{rel}","templated":true}]}}