{"id":370734,"date":"2025-09-06T13:47:10","date_gmt":"2025-09-06T13:47:10","guid":{"rendered":"https:\/\/www.europesays.com\/fr\/370734\/"},"modified":"2025-09-06T13:47:10","modified_gmt":"2025-09-06T13:47:10","slug":"marc-marquez-remporte-le-sprint-devant-fabio-quartararo-en-catalogne","status":"publish","type":"post","link":"https:\/\/www.europesays.com\/fr\/370734\/","title":{"rendered":"Marc Marquez remporte le sprint devant Fabio Quartararo en Catalogne"},"content":{"rendered":"<p>Marc Marquez a remport\u00e9 le sprint du Grand Prix de Catalogne devant le Fran\u00e7ais Fabio Quartararo ce samedi.<\/p>\n<p class=\"fig-paragraph\">Toujours l\u00e0. L&rsquo;Espagnol Marc Marquez (Ducati) a d\u00e9croch\u00e9 un 15e succ\u00e8s cons\u00e9cutif en remportant la course sprint du GP de Catalogne, 15e manche sur 22 de la saison de MotoGP, devant le Fran\u00e7ais\u00a0<a href=\"http:\/\/www.lefigaro.fr\/sports\/moto\/motogp-etincelant-quartararo-bat-le-record-du-circuit-en-catalogne-video-20250906\" target=\"_blank\" data-fig-type=\"NewsFlash\" rel=\"noopener\" data-gtm-custom-categorie=\"navigation\" data-gtm-custom-action=\"crossclick\" data-gtm-custom-label=\"Contextuel\" data-gtm-event=\"customEventSPE\" data-fig-domain=\"LEFIGARO\">Fabio Quartararo<\/a>\u00a0(Yamaha), samedi sur le circuit de Catalunya.<\/p>\n<p class=\"fig-paragraph\">Archi-dominateur depuis trois mois, le sextuple champion du monde a cette fois b\u00e9n\u00e9fici\u00e9 de la chute de son fr\u00e8re\u00a0<a href=\"http:\/\/www.lefigaro.fr\/sports\/moto\/motogp-alex-marquez-decroche-la-pole-au-gp-de-catalogne-devant-quartararo-20250906\" target=\"_blank\" data-fig-type=\"NewsFlash\" rel=\"noopener\" data-gtm-custom-categorie=\"navigation\" data-gtm-custom-action=\"crossclick\" data-gtm-custom-label=\"Contextuel\" data-gtm-event=\"customEventSPE\" data-fig-domain=\"LEFIGARO\">Alex Marquez<\/a>\u00a0(Ducati-Gresini), qui \u00e9tait alors leader, \u00e0 moins de quatre tours de la fin de la course. Cela permet au Catalan de porter son avance au championnat \u00e0 187 points face \u00e0 son fr\u00e8re, qui r\u00e9alisait une superbe course et comptait plus d&rsquo;une seconde d&rsquo;avance quand il est tomb\u00e9.<\/p>\n<p>                                    <a class=\"fig-a11y-skip a11y-hidden\" href=\"#fig-a11y-skip-main-inarticle\"><br \/>\n        Passer la publicit\u00e9<br \/>\n    <\/a><\/p>\n<p class=\"fig-paragraph\">Quartararo, deuxi\u00e8me sur la grille, a enregistr\u00e9 le meilleur r\u00e9sultat de sa carri\u00e8re en course sprint \u00e0 l&rsquo;issue d&rsquo;une course tr\u00e8s r\u00e9ussie o\u00f9 il a effectu\u00e9 plusieurs jolis d\u00e9passements avant de r\u00e9sister sans trembler \u00e0 l&rsquo;Italien Fabio Di\u00a0Giannantonio (Ducati-VR46), qui compl\u00e8te le podium. L&rsquo;autre Fran\u00e7ais de la grille,\u00a0<a href=\"http:\/\/www.lefigaro.fr\/sports\/moto\/motogp-johann-zarco-poursuit-l-aventure-chez-honda-lcr-20250901\" target=\"_blank\" data-fig-type=\"NewsFlash\" rel=\"noopener\" data-gtm-custom-categorie=\"navigation\" data-gtm-custom-action=\"crossclick\" data-gtm-custom-label=\"Contextuel\" data-gtm-event=\"customEventSPE\" data-fig-domain=\"LEFIGARO\">Johann Zarco<\/a>\u00a0(Honda-LCR), a termin\u00e9 au septi\u00e8me rang, position de laquelle il s&rsquo;\u00e9tait \u00e9lanc\u00e9 sur la grille.<\/p>\n","protected":false},"excerpt":{"rendered":"Marc Marquez a remport\u00e9 le sprint du Grand Prix de Catalogne devant le Fran\u00e7ais Fabio Quartararo ce samedi.&hellip;\n","protected":false},"author":2,"featured_media":370735,"comment_status":"","ping_status":"","sticky":false,"template":"","format":"standard","meta":{"footnotes":""},"categories":[1412],"tags":[1451,1680,1452,1453,1454,1455,1011,27,1461,1458,60],"class_list":{"0":"post-370734","1":"post","2":"type-post","3":"status-publish","4":"format-standard","5":"has-post-thumbnail","7":"category-f1","8":"tag-f1","9":"tag-fabio-quartararo","10":"tag-formula-1","11":"tag-formula1","12":"tag-formule-1","13":"tag-formule1","14":"tag-fr","15":"tag-france","16":"tag-marc-marquez","17":"tag-motogp","18":"tag-sports"},"share_on_mastodon":{"url":"https:\/\/pubeurope.com\/@fr\/115157666638722957","error":""},"_links":{"self":[{"href":"https:\/\/www.europesays.com\/fr\/wp-json\/wp\/v2\/posts\/370734","targetHints":{"allow":["GET"]}}],"collection":[{"href":"https:\/\/www.europesays.com\/fr\/wp-json\/wp\/v2\/posts"}],"about":[{"href":"https:\/\/www.europesays.com\/fr\/wp-json\/wp\/v2\/types\/post"}],"author":[{"embeddable":true,"href":"https:\/\/www.europesays.com\/fr\/wp-json\/wp\/v2\/users\/2"}],"replies":[{"embeddable":true,"href":"https:\/\/www.europesays.com\/fr\/wp-json\/wp\/v2\/comments?post=370734"}],"version-history":[{"count":0,"href":"https:\/\/www.europesays.com\/fr\/wp-json\/wp\/v2\/posts\/370734\/revisions"}],"wp:featuredmedia":[{"embeddable":true,"href":"https:\/\/www.europesays.com\/fr\/wp-json\/wp\/v2\/media\/370735"}],"wp:attachment":[{"href":"https:\/\/www.europesays.com\/fr\/wp-json\/wp\/v2\/media?parent=370734"}],"wp:term":[{"taxonomy":"category","embeddable":true,"href":"https:\/\/www.europesays.com\/fr\/wp-json\/wp\/v2\/categories?post=370734"},{"taxonomy":"post_tag","embeddable":true,"href":"https:\/\/www.europesays.com\/fr\/wp-json\/wp\/v2\/tags?post=370734"}],"curies":[{"name":"wp","href":"https:\/\/api.w.org\/{rel}","templated":true}]}}