{"id":370738,"date":"2025-09-06T13:49:10","date_gmt":"2025-09-06T13:49:10","guid":{"rendered":"https:\/\/www.europesays.com\/fr\/370738\/"},"modified":"2025-09-06T13:49:10","modified_gmt":"2025-09-06T13:49:10","slug":"michael-olise-met-tout-le-monde-dans-sa-poche","status":"publish","type":"post","link":"https:\/\/www.europesays.com\/fr\/370738\/","title":{"rendered":"Michael Olise met tout le monde dans sa poche !"},"content":{"rendered":"<p>Il y a un an, <a href=\"https:\/\/www.footmercato.net\/joueur\/michael-olise\/\" rel=\"nofollow noopener\" target=\"_blank\">Michael Olise<\/a> \u00e9tait appel\u00e9 pour la premi\u00e8re fois en \u00e9quipe de <a href=\"https:\/\/www.footmercato.net\/selection\/france\/\" rel=\"nofollow noopener\" target=\"_blank\">France<\/a>, peu apr\u00e8s son transfert au Bayern Munich. Et on a d\u00e9sormais l\u2019impression que le milieu offensif est pr\u00e9sent depuis 10 ans avec les Bleus. Sa facilit\u00e9 balle au pied, sa mani\u00e8re de se fondre dans le collectif et son efficacit\u00e9 en font un \u00e9l\u00e9ment d\u00e9terminant du onze de Didier Deschamps, qui n\u2019h\u00e9site plus \u00e0 l\u2019installer sous l\u2019attaquant dans l\u2019axe. M\u00eame si Olise peut aussi permuter avec le d\u00e9positaire de l\u2019aile droite, D\u00e9sir\u00e9 Dou\u00e9 face \u00e0 l\u2019Ukraine. <\/p>\n<p>            La suite apr\u00e8s cette publicit\u00e9<\/p>\n<p>De nouveau buteur avec l\u2019\u00e9quipe de France, sur un service impeccable de Bradley Barcola, Michael Olise a affich\u00e9 son r\u00e9alisme implacable. Et mis des \u00e9toiles dans les yeux de son s\u00e9lectionneur Didier Deschamps. Apr\u00e8s la rencontre, sur TF1, DD a \u00e9t\u00e9 dithyrambique au sujet de son joueur. \u00abMichael est rayonnant, il est intelligent dans les d\u00e9placements, il met beaucoup de liant, il est capable d\u2019alterner sa position \u00e0 droite et dans l\u2019axe, il nous apporte beaucoup, c\u2019est tr\u00e8s juste techniquement. Avant lui, on avait Antoine, on ne va pas l\u2019oublier comme \u00e7a, mais Michael il voit avant les autres, dans la passe, dans le d\u00e9placement, c\u2019est tr\u00e8s bien pour nous.\u00bb<\/p>\n<p>            La suite apr\u00e8s cette publicit\u00e9<\/p>\n<p>        Olise, la garantie de voir du spectacle<\/p>\n<p>Si Deschamps se montre volontiers laudateur pour d\u00e9fendre ses joueurs, on l\u2019entend rarement s\u2019emballer autant. C\u2019est dire l\u2019importance prise par Michael Olise dans l\u2019effectif. Ce qui permet aussi de voir le 4-2-1 s\u2019installer durablement, avec 4 \u00e9l\u00e9ments offensifs, \u00e0 la place d\u2019un 4-3-3 avec 3 milieux au profil pls d\u00e9fensif. Une aubaine pour les Bleus et le spectacle donc. <\/p>\n<p>Par contre, le spectacle avec Olise, <a href=\"https:\/\/www.footmercato.net\/a7586641292535576051-ukraine-france-les-notes-du-match\" rel=\"nofollow noopener\" target=\"_blank\">cr\u00e9dit\u00e9 d\u2019un 8 dans nos notes<\/a>, c\u2019est uniquement sur le terrain, et pas en dehors. Pas totalement \u00e0 l\u2019aise en fran\u00e7ais et pas bavard pour un sou, le joueur du Bayern est du genre \u00e0 donner des maux de t\u00eate \u00e0 n\u2019importe quel journaliste bord terrain. \u00abOn est content de commencer comme \u00e7a, on a 6 matches et c\u2019est bien de commencer comme \u00e7a. Je suis bien ici. Je joue avec des joueurs de qualit\u00e9 donc \u00e7a m\u2019aide c\u2019est s\u00fbr\u00bb, a r\u00e9ussi \u00e0 lui faire dire Saber Desfarges en plusieurs questions. Clinique. <\/p>\n<p>\n    Pub. le 05\/09\/2025 23:24<br \/>\n            &#8211; MAJ le 06\/09\/2025 13:06\n    <\/p>\n","protected":false},"excerpt":{"rendered":"Il y a un an, Michael Olise \u00e9tait appel\u00e9 pour la premi\u00e8re fois en \u00e9quipe de France, peu&hellip;\n","protected":false},"author":2,"featured_media":370739,"comment_status":"","ping_status":"","sticky":false,"template":"","format":"standard","meta":{"footnotes":""},"categories":[1410],"tags":[63,1011,27,60],"class_list":{"0":"post-370738","1":"post","2":"type-post","3":"status-publish","4":"format-standard","5":"has-post-thumbnail","7":"category-football","8":"tag-football","9":"tag-fr","10":"tag-france","11":"tag-sports"},"share_on_mastodon":{"url":"https:\/\/pubeurope.com\/@fr\/115157674487388371","error":""},"_links":{"self":[{"href":"https:\/\/www.europesays.com\/fr\/wp-json\/wp\/v2\/posts\/370738","targetHints":{"allow":["GET"]}}],"collection":[{"href":"https:\/\/www.europesays.com\/fr\/wp-json\/wp\/v2\/posts"}],"about":[{"href":"https:\/\/www.europesays.com\/fr\/wp-json\/wp\/v2\/types\/post"}],"author":[{"embeddable":true,"href":"https:\/\/www.europesays.com\/fr\/wp-json\/wp\/v2\/users\/2"}],"replies":[{"embeddable":true,"href":"https:\/\/www.europesays.com\/fr\/wp-json\/wp\/v2\/comments?post=370738"}],"version-history":[{"count":0,"href":"https:\/\/www.europesays.com\/fr\/wp-json\/wp\/v2\/posts\/370738\/revisions"}],"wp:featuredmedia":[{"embeddable":true,"href":"https:\/\/www.europesays.com\/fr\/wp-json\/wp\/v2\/media\/370739"}],"wp:attachment":[{"href":"https:\/\/www.europesays.com\/fr\/wp-json\/wp\/v2\/media?parent=370738"}],"wp:term":[{"taxonomy":"category","embeddable":true,"href":"https:\/\/www.europesays.com\/fr\/wp-json\/wp\/v2\/categories?post=370738"},{"taxonomy":"post_tag","embeddable":true,"href":"https:\/\/www.europesays.com\/fr\/wp-json\/wp\/v2\/tags?post=370738"}],"curies":[{"name":"wp","href":"https:\/\/api.w.org\/{rel}","templated":true}]}}